{"id":38202,"date":"2023-02-03T16:56:35","date_gmt":"2023-02-03T20:56:35","guid":{"rendered":"https:\/\/amazonia.fiocruz.br\/?p=38202"},"modified":"2023-02-03T16:56:36","modified_gmt":"2023-02-03T20:56:36","slug":"fiocruz-amazonia-convoca-para-matricula-institucional-os-aprovados-para-mestrado-academico-do-ppgvida","status":"publish","type":"post","link":"https:\/\/amazonia.fiocruz.br\/?p=38202","title":{"rendered":"Fiocruz Amaz\u00f4nia convoca para matr\u00edcula institucional os aprovados para mestrado acad\u00eamico do PPGVIDA"},"content":{"rendered":"<section class=\"av_textblock_section \"  itemscope=\"itemscope\" itemtype=\"https:\/\/schema.org\/BlogPosting\" itemprop=\"blogPost\" ><div class='avia_textblock  '   itemprop=\"text\" ><p style=\"text-align: justify;\">O Instituto Le\u00f4nidas &amp; Maria Deane\/ILMD Fiocruz Amaz\u00f4nia, por interm\u00e9dio da Vice-Diretoria De Ensino, Informa\u00e7\u00e3o E Comunica\u00e7\u00e3o &#8211; VDEIC, convoca para matr\u00edcula institucional os candidatos classificados no Processo Seletivo, para ingresso no Curso de Mestrado no 1\u00ba semestre de 2023, conforme chamada p\u00fablica 003\/2023.<\/p>\n<p style=\"text-align: justify;\">\u00a0O per\u00edodo para matr\u00edcula ocorre entre os dias 13 e 15\/02\/2023. O candidato que, no prazo destinado a matr\u00edcula institucional, n\u00e3o comparecer para efetivar a matr\u00edcula no per\u00edodo determinado nesta chamada, ou n\u00e3o cumprir as exig\u00eancias quanto \u00e0 documenta\u00e7\u00e3o descrita neste documento, perder\u00e1 sua vaga no curso, tornando sem efeito o resultado obtido no processo de sele\u00e7\u00e3o.<\/p>\n<p style=\"text-align: justify;\">Para mais informa\u00e7\u00f5es <a href=\"https:\/\/amazonia.fiocruz.br\/?page_id=28031\">CLIQUE AQUI<\/a><\/p>\n<p style=\"text-align: justify;\"><strong>SOBRE O PPGVIDA<\/strong><\/p>\n<p style=\"text-align: justify;\">O Programa de P\u00f3s-Gradua\u00e7\u00e3o Stricto Sensu em Condi\u00e7\u00f5es de Vida e Situa\u00e7\u00f5es de Sa\u00fade na Amaz\u00f4nia (PPGVIDA) tem como objetivo capacitar profissionais para desenvolver modelos anal\u00edticos capazes de subsidiar pesquisas em sa\u00fade, apoiar o planejamento, execu\u00e7\u00e3o e gerenciamento de servi\u00e7os e a\u00e7\u00f5es de controle e o monitoramento de doen\u00e7as e agravos de interesse coletivo e do Sistema \u00danico de Sa\u00fade na Amaz\u00f4nia.<\/p>\n<p style=\"text-align: justify;\">O Programa tamb\u00e9m visa planejar, propor e utilizar m\u00e9todos e t\u00e9cnicas para executar investiga\u00e7\u00f5es na \u00e1rea de sa\u00fade, mediante o uso integrado de conceitos e recursos te\u00f3rico-metodol\u00f3gicos advindos da sa\u00fade coletiva, biologia parasit\u00e1ria, epidemiologia, ci\u00eancias sociais e humanas aplicadas \u00e0 sa\u00fade, comunica\u00e7\u00e3o e informa\u00e7\u00e3o em sa\u00fade e de outras \u00e1reas de interesse acad\u00eamico, na constru\u00e7\u00e3o de desenhos complexos de pesquisa sobre a realidade amaz\u00f4nica.<\/p>\n<h6 style=\"text-align: justify;\"><strong>ILMD\/Fiocruz Amaz\u00f4nia, por Eduardo Gomes<\/strong><\/h6>\n<h6 style=\"text-align: justify;\"><strong>Imagem: Mackesy Nascimento<\/strong><\/h6>\n<\/div><\/section>\n","protected":false},"excerpt":{"rendered":"<p>O per\u00edodo para matr\u00edcula ocorre entre os dias 13 e 15\/02\/2023<\/p>\n","protected":false},"author":20,"featured_media":38203,"comment_status":"closed","ping_status":"closed","sticky":true,"template":"","format":"image","meta":{"footnotes":""},"categories":[15],"tags":[136,120,119,131,205,143],"class_list":["post-38202","post","type-post","status-publish","format-image","has-post-thumbnail","hentry","category-noticias","tag-fiocruz","tag-fiocruz-amazonia","tag-ilmd","tag-ilmdfiocruz-amazonia","tag-mestrado","tag-ppgvida","post_format-post-format-image"],"_links":{"self":[{"href":"https:\/\/amazonia.fiocruz.br\/index.php?rest_route=\/wp\/v2\/posts\/38202","targetHints":{"allow":["GET"]}}],"collection":[{"href":"https:\/\/amazonia.fiocruz.br\/index.php?rest_route=\/wp\/v2\/posts"}],"about":[{"href":"https:\/\/amazonia.fiocruz.br\/index.php?rest_route=\/wp\/v2\/types\/post"}],"author":[{"embeddable":true,"href":"https:\/\/amazonia.fiocruz.br\/index.php?rest_route=\/wp\/v2\/users\/20"}],"replies":[{"embeddable":true,"href":"https:\/\/amazonia.fiocruz.br\/index.php?rest_route=%2Fwp%2Fv2%2Fcomments&post=38202"}],"version-history":[{"count":1,"href":"https:\/\/amazonia.fiocruz.br\/index.php?rest_route=\/wp\/v2\/posts\/38202\/revisions"}],"predecessor-version":[{"id":38204,"href":"https:\/\/amazonia.fiocruz.br\/index.php?rest_route=\/wp\/v2\/posts\/38202\/revisions\/38204"}],"wp:featuredmedia":[{"embeddable":true,"href":"https:\/\/amazonia.fiocruz.br\/index.php?rest_route=\/wp\/v2\/media\/38203"}],"wp:attachment":[{"href":"https:\/\/amazonia.fiocruz.br\/index.php?rest_route=%2Fwp%2Fv2%2Fmedia&parent=38202"}],"wp:term":[{"taxonomy":"category","embeddable":true,"href":"https:\/\/amazonia.fiocruz.br\/index.php?rest_route=%2Fwp%2Fv2%2Fcategories&post=38202"},{"taxonomy":"post_tag","embeddable":true,"href":"https:\/\/amazonia.fiocruz.br\/index.php?rest_route=%2Fwp%2Fv2%2Ftags&post=38202"}],"curies":[{"name":"wp","href":"https:\/\/api.w.org\/{rel}","templated":true}]}}