{"id":38199,"date":"2023-02-03T16:17:27","date_gmt":"2023-02-03T20:17:27","guid":{"rendered":"https:\/\/amazonia.fiocruz.br\/?p=38199"},"modified":"2023-02-03T16:17:28","modified_gmt":"2023-02-03T20:17:28","slug":"fiocruz-amazonia-convoca-para-matricula-institucional-os-aprovados-no-processo-seletivo-para-ingresso-no-mestrado-do-ppgbio-interacao","status":"publish","type":"post","link":"https:\/\/amazonia.fiocruz.br\/?p=38199","title":{"rendered":"Fiocruz Amaz\u00f4nia convoca para matr\u00edcula institucional os aprovados no processo seletivo para ingresso no mestrado do PPGBIO-Intera\u00e7\u00e3o"},"content":{"rendered":"<section class=\"av_textblock_section \"  itemscope=\"itemscope\" itemtype=\"https:\/\/schema.org\/BlogPosting\" itemprop=\"blogPost\" ><div class='avia_textblock  '   itemprop=\"text\" ><p style=\"text-align: justify;\">O Instituto Le\u00f4nidas &amp; Maria Deane (ILMD\/ Fiocruz Amaz\u00f4nia) convoca para matr\u00edcula institucional os aprovados na chamada p\u00fablica 001\/2023, referente ao Processo Seletivo para ingresso no curso de mestrado acad\u00eamico, do Programa de P\u00f3s-Gradua\u00e7\u00e3o em Biologia da Intera\u00e7\u00e3o Pat\u00f3geno-Hospedeiro (PPGBIO-Intera\u00e7\u00e3o).<\/p>\n<p style=\"text-align: justify;\">Para ingresso no Curso de Mestrado do Programa de P\u00f3s-Gradua\u00e7\u00e3o Stricto Sensu em Biologia da Intera\u00e7\u00e3o Pat\u00f3geno Hospedeiro &#8211; PPGBIO-INTERA\u00c7\u00c3O no 1\u00ba semestre de 2023, dever\u00e3o apresentar para efetiva\u00e7\u00e3o da Matr\u00edcula Institucional, observando os documentos necess\u00e1rios especificados nesta Chamada, publicada no endere\u00e7o eletr\u00f4nico <a href=\"http:\/\/www.sigass.fiocruz.br\/pub\/inscricao.do?codP=127\">http:\/\/www.sigass.fiocruz.br\/pub\/inscricao.do?codP=127<\/a> e dispon\u00edvel para consulta no site <a href=\"https:\/\/amazonia.fiocruz.br\/?page_id=32627\">https:\/\/amazonia.fiocruz.br\/?page_id=32627<\/a><\/p>\n<p style=\"text-align: justify;\"><a href=\"https:\/\/amazonia.fiocruz.br\/?page_id=38168\">Confira as orienta\u00e7\u00f5es AQUI<\/a><\/p>\n<p style=\"text-align: justify;\"><strong>SOBRE O PPGBIO-INTERA\u00c7\u00c3O<\/strong><\/p>\n<p style=\"text-align: justify;\">O Programa de P\u00f3s-Gradua\u00e7\u00e3o em Biologia da Intera\u00e7\u00e3o Pat\u00f3geno-Hospedeiro \u00e9 curso strictu sensu que tem como ess\u00eancia a din\u00e2mica de transmiss\u00e3o das doen\u00e7as e as intera\u00e7\u00f5es moleculares e celulares da rela\u00e7\u00e3o pat\u00f3geno-hospedeiro no \u00e2mbito da maior biodiversidade mundial.<\/p>\n<p style=\"text-align: justify;\">O PPGBIO-Intera\u00e7\u00e3o se enquadra na grande \u00e1rea em Parasitologia devido a pesquisa e ensino terem \u00eanfase na eco-epidemiologia e biodiversidade de micro-organismos e vetores; fatores de virul\u00eancia, mecanismos fisiopatol\u00f3gicos e imunol\u00f3gicos associados na intera\u00e7\u00e3o parasito-hospedeiro.<\/p>\n<p style=\"text-align: justify;\">Estes diversos aspectos s\u00e3o os principais delineadores para escolha da \u00e1rea de concentra\u00e7\u00e3o da Ci\u00eancias Biol\u00f3gicas III, por esta ser uma \u00e1rea multidisciplinar e baseada no eixo bioqu\u00edmica, gen\u00e9tica, biol\u00f3gico, celular e molecular. Os alunos recebem uma forma\u00e7\u00e3o em \u00e1reas estrat\u00e9gicas por sua import\u00e2ncia e que precisam ser desenvolvidas no Estado.<\/p>\n<\/div><\/section>\n","protected":false},"excerpt":{"rendered":"<p>Aprovados devem observar atentamente os documentos necess\u00e1rios especificados na chamada p\u00fablica<\/p>\n","protected":false},"author":20,"featured_media":38200,"comment_status":"closed","ping_status":"closed","sticky":true,"template":"","format":"image","meta":{"footnotes":""},"categories":[15],"tags":[136,120,119,131],"class_list":["post-38199","post","type-post","status-publish","format-image","has-post-thumbnail","hentry","category-noticias","tag-fiocruz","tag-fiocruz-amazonia","tag-ilmd","tag-ilmdfiocruz-amazonia","post_format-post-format-image"],"_links":{"self":[{"href":"https:\/\/amazonia.fiocruz.br\/index.php?rest_route=\/wp\/v2\/posts\/38199","targetHints":{"allow":["GET"]}}],"collection":[{"href":"https:\/\/amazonia.fiocruz.br\/index.php?rest_route=\/wp\/v2\/posts"}],"about":[{"href":"https:\/\/amazonia.fiocruz.br\/index.php?rest_route=\/wp\/v2\/types\/post"}],"author":[{"embeddable":true,"href":"https:\/\/amazonia.fiocruz.br\/index.php?rest_route=\/wp\/v2\/users\/20"}],"replies":[{"embeddable":true,"href":"https:\/\/amazonia.fiocruz.br\/index.php?rest_route=%2Fwp%2Fv2%2Fcomments&post=38199"}],"version-history":[{"count":1,"href":"https:\/\/amazonia.fiocruz.br\/index.php?rest_route=\/wp\/v2\/posts\/38199\/revisions"}],"predecessor-version":[{"id":38201,"href":"https:\/\/amazonia.fiocruz.br\/index.php?rest_route=\/wp\/v2\/posts\/38199\/revisions\/38201"}],"wp:featuredmedia":[{"embeddable":true,"href":"https:\/\/amazonia.fiocruz.br\/index.php?rest_route=\/wp\/v2\/media\/38200"}],"wp:attachment":[{"href":"https:\/\/amazonia.fiocruz.br\/index.php?rest_route=%2Fwp%2Fv2%2Fmedia&parent=38199"}],"wp:term":[{"taxonomy":"category","embeddable":true,"href":"https:\/\/amazonia.fiocruz.br\/index.php?rest_route=%2Fwp%2Fv2%2Fcategories&post=38199"},{"taxonomy":"post_tag","embeddable":true,"href":"https:\/\/amazonia.fiocruz.br\/index.php?rest_route=%2Fwp%2Fv2%2Ftags&post=38199"}],"curies":[{"name":"wp","href":"https:\/\/api.w.org\/{rel}","templated":true}]}}