{"id":38118,"date":"2023-01-23T11:26:07","date_gmt":"2023-01-23T15:26:07","guid":{"rendered":"https:\/\/amazonia.fiocruz.br\/?p=38118"},"modified":"2023-01-23T11:26:08","modified_gmt":"2023-01-23T15:26:08","slug":"prorrogado-prazo-para-submissao-de-trabalhos-ao-8o-congresso-sobre-diversidade-microbiana-da-amazonia-ate-15-02","status":"publish","type":"post","link":"https:\/\/amazonia.fiocruz.br\/?p=38118","title":{"rendered":"Prorrogado prazo para submiss\u00e3o de trabalhos ao 8\u00ba Congresso sobre Diversidade Microbiana da Amaz\u00f4nia at\u00e9 15\/02"},"content":{"rendered":"<section class=\"av_textblock_section \"  itemscope=\"itemscope\" itemtype=\"https:\/\/schema.org\/BlogPosting\" itemprop=\"blogPost\" ><div class='avia_textblock  '   itemprop=\"text\" ><p style=\"text-align: justify;\">O 8\u00ba Congresso sobre Diversidade Microbiana da Amaz\u00f4nia, que acontecer\u00e1 entre 24 e 27 de abril, receber\u00e1 inscri\u00e7\u00f5es de trabalhos at\u00e9 o pr\u00f3ximo dia 15\/02. O prazo, que se encerraria em 20\/01, foi prorrogado visando ampliar as oportunidades de participa\u00e7\u00e3o. O evento ser\u00e1 realizado em Manaus (AM) e o Instituto Le\u00f4nidas &amp; Maria Deane (ILMD\/Fiocruz Amaz\u00f4nia) \u00e9 uma das institui\u00e7\u00f5es parceiras respons\u00e1veis pela organiza\u00e7\u00e3o da iniciativa.<\/p>\n<p style=\"text-align: justify;\">Conforme a programa\u00e7\u00e3o, haver\u00e1 cursos, palestras e apresenta\u00e7\u00e3o de trabalhos nas \u00e1reas de Microbiologia m\u00e9dica, agr\u00edcola, de alimentos, ambiental e industrial. S\u00e3o esperados cerca de 500 participantes. O Congresso ter\u00e1 como tema \u201cDesafios e Oportunidades\u201d. Uma das propostas \u00e9 fomentar a troca de experi\u00eancias e a forma\u00e7\u00e3o de parcerias interinstitucionais e interestaduais para discutir temas relevantes da diversidade microbiana do Amazonas.<\/p>\n<p style=\"text-align: justify;\">Durante o 8\u00ba CDMicro ser\u00e3o realizadas: uma palestra magna, cinco confer\u00eancias, oito mesas-redondas, 30 palestras e sete minicursos e aproximadamente 450 trabalhos ser\u00e3o divulgados em p\u00f4steres e apresenta\u00e7\u00f5es orais em torno dos eixos tem\u00e1ticos (Microbiologia Agron\u00f4mica\/Ambiental, M\u00e9dica, de Alimentos e Industrial), objetivando proporcionar a congrega\u00e7\u00e3o dos profissionais que desenvolvem atividades direta ou indiretamente com a diversidade microbiana da regi\u00e3o amaz\u00f4nica.<\/p>\n<p style=\"text-align: justify;\">O evento busca estimular a intera\u00e7\u00e3o entre pesquisadores, estudantes e gestores nas \u00e1reas ambientais, de sa\u00fade, ci\u00eancia e tecnologia, promover a difus\u00e3o de novos conhecimentos e discutir o que h\u00e1 de mais moderno para o desenvolvimento pelo conhecimento cient\u00edfico da Diversidade Microbiana da Amaz\u00f4nia.<\/p>\n<p style=\"text-align: justify;\">Confira a programa\u00e7\u00e3o e garanta sua inscri\u00e7\u00e3o. Clique aqui CDMICRO 2023 (<a href=\"https:\/\/8cdmicro.com.br\/#modal\" target=\"_blank\" rel=\"noopener\">8cdmicro.com.br<\/a>)<\/p>\n<\/div><\/section>\n","protected":false},"excerpt":{"rendered":"<p>Confira a programa\u00e7\u00e3o e garanta sua inscri\u00e7\u00e3o. <\/p>\n","protected":false},"author":20,"featured_media":38119,"comment_status":"closed","ping_status":"closed","sticky":true,"template":"","format":"image","meta":{"footnotes":""},"categories":[15],"tags":[1138,136,120,119,131],"class_list":["post-38118","post","type-post","status-publish","format-image","has-post-thumbnail","hentry","category-noticias","tag-cdmicro","tag-fiocruz","tag-fiocruz-amazonia","tag-ilmd","tag-ilmdfiocruz-amazonia","post_format-post-format-image"],"_links":{"self":[{"href":"https:\/\/amazonia.fiocruz.br\/index.php?rest_route=\/wp\/v2\/posts\/38118","targetHints":{"allow":["GET"]}}],"collection":[{"href":"https:\/\/amazonia.fiocruz.br\/index.php?rest_route=\/wp\/v2\/posts"}],"about":[{"href":"https:\/\/amazonia.fiocruz.br\/index.php?rest_route=\/wp\/v2\/types\/post"}],"author":[{"embeddable":true,"href":"https:\/\/amazonia.fiocruz.br\/index.php?rest_route=\/wp\/v2\/users\/20"}],"replies":[{"embeddable":true,"href":"https:\/\/amazonia.fiocruz.br\/index.php?rest_route=%2Fwp%2Fv2%2Fcomments&post=38118"}],"version-history":[{"count":1,"href":"https:\/\/amazonia.fiocruz.br\/index.php?rest_route=\/wp\/v2\/posts\/38118\/revisions"}],"predecessor-version":[{"id":38120,"href":"https:\/\/amazonia.fiocruz.br\/index.php?rest_route=\/wp\/v2\/posts\/38118\/revisions\/38120"}],"wp:featuredmedia":[{"embeddable":true,"href":"https:\/\/amazonia.fiocruz.br\/index.php?rest_route=\/wp\/v2\/media\/38119"}],"wp:attachment":[{"href":"https:\/\/amazonia.fiocruz.br\/index.php?rest_route=%2Fwp%2Fv2%2Fmedia&parent=38118"}],"wp:term":[{"taxonomy":"category","embeddable":true,"href":"https:\/\/amazonia.fiocruz.br\/index.php?rest_route=%2Fwp%2Fv2%2Fcategories&post=38118"},{"taxonomy":"post_tag","embeddable":true,"href":"https:\/\/amazonia.fiocruz.br\/index.php?rest_route=%2Fwp%2Fv2%2Ftags&post=38118"}],"curies":[{"name":"wp","href":"https:\/\/api.w.org\/{rel}","templated":true}]}}