{"id":37953,"date":"2022-12-15T15:45:31","date_gmt":"2022-12-15T19:45:31","guid":{"rendered":"https:\/\/amazonia.fiocruz.br\/?p=37953"},"modified":"2022-12-15T15:46:42","modified_gmt":"2022-12-15T19:46:42","slug":"programa-de-doutorado-em-saude-publica-na-amazonia-discute-planejamento-estrategico-e-autoavaliacao-em-seminario","status":"publish","type":"post","link":"https:\/\/amazonia.fiocruz.br\/?p=37953","title":{"rendered":"Programa de Doutorado em Sa\u00fade P\u00fablica na Amaz\u00f4nia discute planejamento estrat\u00e9gico e autoavalia\u00e7\u00e3o em semin\u00e1rio"},"content":{"rendered":"<section class=\"av_textblock_section \"  itemscope=\"itemscope\" itemtype=\"https:\/\/schema.org\/BlogPosting\" itemprop=\"blogPost\" ><div class='avia_textblock  '   itemprop=\"text\" ><p style=\"text-align: justify;\">A Coordena\u00e7\u00e3o do Programa de Doutorado em Sa\u00fade P\u00fablica na Amaz\u00f4nia (DASPAM), oferecido em cons\u00f3rcio pela Fiocruz Amaz\u00f4nia, Universidade do Estado do Amazonas&nbsp; (UEA) e Universidade Federal do Amazonas (Ufam), promoveu, na tarde da \u00faltima quarta-feira, 14\/12, o 1\u00ba Semin\u00e1rio de Planejamento Estrat\u00e9gico e Autoavalia\u00e7\u00e3o, com a finalidade de discutir o cen\u00e1rio atual e as perspectivas futuras do programa, reunindo docentes, discentes, gestores e funcion\u00e1rios do ensino das tr\u00eas institui\u00e7\u00f5es envolvidas. O DASPAM foi criado h\u00e1 dois anos, por meio de parceria firmada entre as institui\u00e7\u00f5es de pesquisa e ensino superior, para suprir a demanda de cursos de p\u00f3s-gradua\u00e7\u00e3o com doutorado em sa\u00fade coletiva na regi\u00e3o Norte.<\/p>\n<p style=\"text-align: justify;\">O programa tem como objetivos capacitar pesquisadores para exercitar an\u00e1lises cr\u00edticas, utilizando, de forma integrada, conceitos e recursos metodol\u00f3gicos da sa\u00fade coletiva, biologia parasit\u00e1ria, epidemiologia, ci\u00eancias sociais aplicadas \u00e0 sa\u00fade, e de outras \u00e1reas conexas; desenvolver modelos anal\u00edticos de processos de sa\u00fade\/doen\u00e7a\/cuidados, tomando como refer\u00eancia o quadro epidemiol\u00f3gico, econ\u00f4mico, socioantropol\u00f3gico, hist\u00f3rico, biol\u00f3gico e ambiental no cen\u00e1rio regional e suas interfaces com os contextos nacional e internacional de globaliza\u00e7\u00e3o da Amaz\u00f4nia;&nbsp; e contribuir, te\u00f3rica e tecnicamente, para a formula\u00e7\u00e3o, implementa\u00e7\u00e3o e gest\u00e3o de pol\u00edticas setoriais, bem como atuar, neste campo, na doc\u00eancia e na pesquisa.<\/p>\n<p><img decoding=\"async\" class=\"aligncenter size-gallery wp-image-37955\" src=\"https:\/\/amazonia.fiocruz.br\/wp-content\/uploads\/2022\/12\/Reuniao-de-autoavaliacao-e-planejamento-estrategico-do-DASPAM_Foto-Ingrid-Anne_Fiocruz-Amazonia-25-845x684.jpg\" alt=\"\" width=\"845\" height=\"684\" srcset=\"https:\/\/amazonia.fiocruz.br\/wp-content\/uploads\/2022\/12\/Reuniao-de-autoavaliacao-e-planejamento-estrategico-do-DASPAM_Foto-Ingrid-Anne_Fiocruz-Amazonia-25-845x684.jpg 845w, https:\/\/amazonia.fiocruz.br\/wp-content\/uploads\/2022\/12\/Reuniao-de-autoavaliacao-e-planejamento-estrategico-do-DASPAM_Foto-Ingrid-Anne_Fiocruz-Amazonia-25-495x400.jpg 495w\" sizes=\"(max-width: 845px) 100vw, 845px\" \/><\/p>\n<p style=\"text-align: justify;\">A pesquisadora em Sa\u00fade P\u00fablica Maria Luiza Garnelo, coordenadora-geral do programa na Fiocruz Amaz\u00f4nia, explica que o DASPAM uniu for\u00e7as institucionais e permitiu a conflu\u00eancia da expertise de sanitaristas do Estado do Amazonas para a organiza\u00e7\u00e3o de um programa de qualidade. \u201cA autoavalia\u00e7\u00e3o \u00e9 uma estrat\u00e9gia necess\u00e1ria para que possamos refletir sobre o que avan\u00e7amos at\u00e9 o momento, o grau de congru\u00eancia entre o que planejamos e estamos conseguindo executar, para que possamos, de fato, reprogramar e aprimorar o que possa estar defasado\u201d, explicou Garnelo. Para a pesquisadora, o planejamento estrat\u00e9gico ajuda tamb\u00e9m a manter o alinhamento com os planos de desenvolvimento institucionais de cada uma das institui\u00e7\u00f5es que albergam o programa, \u201cproporcionando conson\u00e2ncia entre as atividades institucionais e o processo formador\u201d.<\/p>\n<p><img decoding=\"async\" class=\"aligncenter size-gallery wp-image-37956\" src=\"https:\/\/amazonia.fiocruz.br\/wp-content\/uploads\/2022\/12\/Reuniao-de-autoavaliacao-e-planejamento-estrategico-do-DASPAM_Foto-Ingrid-Anne_Fiocruz-Amazonia-12-845x684.jpg\" alt=\"\" width=\"845\" height=\"684\" srcset=\"https:\/\/amazonia.fiocruz.br\/wp-content\/uploads\/2022\/12\/Reuniao-de-autoavaliacao-e-planejamento-estrategico-do-DASPAM_Foto-Ingrid-Anne_Fiocruz-Amazonia-12-845x684.jpg 845w, https:\/\/amazonia.fiocruz.br\/wp-content\/uploads\/2022\/12\/Reuniao-de-autoavaliacao-e-planejamento-estrategico-do-DASPAM_Foto-Ingrid-Anne_Fiocruz-Amazonia-12-495x400.jpg 495w\" sizes=\"(max-width: 845px) 100vw, 845px\" \/><\/p>\n<p style=\"text-align: justify;\">Este ano, a comiss\u00e3o de autoavalia\u00e7\u00e3o junto com as coordena\u00e7\u00f5es das institui\u00e7\u00f5es, vem executando, de modo sistem\u00e1tico, estrat\u00e9gias para a corresponsabiliza\u00e7\u00e3o, colabora\u00e7\u00e3o e engajamento na melhoria do programa, da qualidade da forma\u00e7\u00e3o dos pesquisadores vinculados ao PPG e, principalmente, da pr\u00e1tica democr\u00e1tica na p\u00f3s-gradua\u00e7\u00e3o. O tema pautou, inclusive, o debate no II Encontro dos Programas de P\u00f3s-Gradua\u00e7\u00e3o em Sa\u00fade Coletiva no Amazonas sobre estrat\u00e9gias para a qualifica\u00e7\u00e3o da p\u00f3s-gradua\u00e7\u00e3o, no \u00faltimo m\u00eas de setembro.<\/p>\n<p><img decoding=\"async\" class=\"aligncenter size-gallery wp-image-37957\" src=\"https:\/\/amazonia.fiocruz.br\/wp-content\/uploads\/2022\/12\/Reuniao-de-autoavaliacao-e-planejamento-estrategico-do-DASPAM_Foto-Ingrid-Anne_Fiocruz-Amazonia-79-845x684.jpg\" alt=\"\" width=\"845\" height=\"684\" srcset=\"https:\/\/amazonia.fiocruz.br\/wp-content\/uploads\/2022\/12\/Reuniao-de-autoavaliacao-e-planejamento-estrategico-do-DASPAM_Foto-Ingrid-Anne_Fiocruz-Amazonia-79-845x684.jpg 845w, https:\/\/amazonia.fiocruz.br\/wp-content\/uploads\/2022\/12\/Reuniao-de-autoavaliacao-e-planejamento-estrategico-do-DASPAM_Foto-Ingrid-Anne_Fiocruz-Amazonia-79-495x400.jpg 495w\" sizes=\"(max-width: 845px) 100vw, 845px\" \/><\/p>\n<p style=\"text-align: justify;\">Para a coordenadora institucional do DASPAM, na UEA, S\u00e2mia Miguez, o programa veio trazer um refor\u00e7o para a forma\u00e7\u00e3o de professores doutores na institui\u00e7\u00e3o. \u201cNo in\u00edcio de 2019, conseguimos formar um quadro de professores doutores de Sa\u00fade Coletiva a partir de um conv\u00eanio da UEA com a UERJ (Universidade do Estado do Rio de Janeiro), embora ainda f\u00f4ssemos uma institui\u00e7\u00e3o de ensino superior muito jovem, com pouco mais de 20 anos, e muitos dos professores ainda estavam em processo de forma\u00e7\u00e3o em doutorado (Doutorado Interinstitucional \u2013 DINTER). Essa oportunidade em associa\u00e7\u00e3o com a UERJ foi importante para formar um quadro de 20 professores doutores, em Sa\u00fade Coletiva, e a partir dela lan\u00e7armos o curso de Mestrado de Sa\u00fade Coletiva, em sua maior parte formado por egressos daquele DINTER\u201d. Para a coordenadora, a trajet\u00f3ria da p\u00f3s-gradua\u00e7\u00e3o da UEA vai se consolidando com o DASPAM.<\/p>\n<p><img decoding=\"async\" class=\"aligncenter size-gallery wp-image-37958\" src=\"https:\/\/amazonia.fiocruz.br\/wp-content\/uploads\/2022\/12\/Reuniao-de-autoavaliacao-e-planejamento-estrategico-do-DASPAM_Foto-Ingrid-Anne_Fiocruz-Amazonia-51-845x684.jpg\" alt=\"\" width=\"845\" height=\"684\" srcset=\"https:\/\/amazonia.fiocruz.br\/wp-content\/uploads\/2022\/12\/Reuniao-de-autoavaliacao-e-planejamento-estrategico-do-DASPAM_Foto-Ingrid-Anne_Fiocruz-Amazonia-51-845x684.jpg 845w, https:\/\/amazonia.fiocruz.br\/wp-content\/uploads\/2022\/12\/Reuniao-de-autoavaliacao-e-planejamento-estrategico-do-DASPAM_Foto-Ingrid-Anne_Fiocruz-Amazonia-51-495x400.jpg 495w\" sizes=\"(max-width: 845px) 100vw, 845px\" \/><\/p>\n<p style=\"text-align: justify;\">Vice-diretora de Ensino do ILMD\/Fiocruz Amaz\u00f4nia e docente do Programa, Rosana Parente, afirma que o semin\u00e1rio foi um momento importante na trajet\u00f3ria do curso, uma vez que a uma vez que a CAPES (Coordena\u00e7\u00e3o de Aperfei\u00e7oamento de Pessoal de N\u00edvel Superior, do Minist\u00e9rio da Educa\u00e7\u00e3o) determina que seja realizada o processo de autoavalia\u00e7\u00e3o e planejamento estrat\u00e9gico como importantes passos para que o curso possa nortear o seu crescimento. \u201cAgora esta \u00e9 a oportunidade de vermos toda a comunidade, professores, gestores e estudantes, discutindo o rumo e o futuro do curso\u201d, salientou.<\/p>\n<p style=\"text-align: justify;\">O pesquisador s\u00eanior do ILMD\/Fiocruz Amaz\u00f4nia, Bernardo Bessa Horta, que atua junto ao DASPAM, classifica a cria\u00e7\u00e3o do programa como um ganho para a Regi\u00e3o Norte diante do cen\u00e1rio da distribui\u00e7\u00e3o dos programas de p\u00f3s-gradua\u00e7\u00e3o na \u00e1rea de sa\u00fade coletiva no Brasil. \u201cObservamos que existem poucos programas e uma grande assimetria nessa distribui\u00e7\u00e3o, e a Regi\u00e3o Norte \u00e9 uma das que possuem um n\u00famero pequeno de programas. Antes do DASPAM, t\u00ednhamos em todo o Norte do Brasil um programa com doutorado no Estado do Acre. O DASPAM n\u00e3o s\u00f3 aumenta a disponibilidade e oferta de vagas para formar novos doutores na \u00e1rea, no Norte, como tamb\u00e9m favorece que os programas j\u00e1 existentes das institui\u00e7\u00f5es se consolidem\u201d, observou, destacando que a autoavalia\u00e7\u00e3o e o planejamento estrat\u00e9gico s\u00e3o ferramentas importantes nesse processo.<\/p>\n<p><img decoding=\"async\" class=\"aligncenter size-gallery wp-image-37959\" src=\"https:\/\/amazonia.fiocruz.br\/wp-content\/uploads\/2022\/12\/Reuniao-de-autoavaliacao-e-planejamento-estrategico-do-DASPAM_Foto-Ingrid-Anne_Fiocruz-Amazonia-94-845x684.jpg\" alt=\"\" width=\"845\" height=\"684\" srcset=\"https:\/\/amazonia.fiocruz.br\/wp-content\/uploads\/2022\/12\/Reuniao-de-autoavaliacao-e-planejamento-estrategico-do-DASPAM_Foto-Ingrid-Anne_Fiocruz-Amazonia-94-845x684.jpg 845w, https:\/\/amazonia.fiocruz.br\/wp-content\/uploads\/2022\/12\/Reuniao-de-autoavaliacao-e-planejamento-estrategico-do-DASPAM_Foto-Ingrid-Anne_Fiocruz-Amazonia-94-495x400.jpg 495w\" sizes=\"(max-width: 845px) 100vw, 845px\" \/><\/p>\n<p style=\"text-align: justify;\"><strong>LINHAS DE PESQUISA<\/strong><\/p>\n<p style=\"text-align: justify;\">S\u00e3o duas as linhas de pesquisa do curso de Doutorado em Sa\u00fade P\u00fablica na Amaz\u00f4nia: \u201cDin\u00e2mica, Diagn\u00f3stico, Cuidado Cl\u00ednico e Controle de Doen\u00e7as Infecciosas End\u00eamicas na Amaz\u00f4nia\u201d e \u201cVulnerabilidade, Situa\u00e7\u00f5es de Sa\u00fade, Gest\u00e3o, Organiza\u00e7\u00e3o e Avalia\u00e7\u00e3o de Servi\u00e7os e Cuidados de APS na Amaz\u00f4nia\u201d. O egresso deve estar habilitado a planejar e desenvolver estudos em doen\u00e7as end\u00eamicas utilizando, de forma integrada, conceitos e recursos metodol\u00f3gicos da epidemiologia, biologia parasit\u00e1ria e vetorial, ci\u00eancias sociais e geografias aplicadas \u00e0 sa\u00fade e outras \u00e1reas conexas; produzir conhecimentos e informa\u00e7\u00f5es sobre organiza\u00e7\u00e3o, produ\u00e7\u00e3o e consumo de servi\u00e7os de sa\u00fade, com \u00eanfase em estudos de acessibilidade por popula\u00e7\u00f5es vulner\u00e1veis e\/ou residentes em regi\u00f5es remotas e suas interfaces com especificidades regionais e com os modelos de prote\u00e7\u00e3o social; contribuir em processos participativos voltados para planejamento, implanta\u00e7\u00e3o e avalia\u00e7\u00e3o de planos, programas e pr\u00e1ticas de sa\u00fade, oriundas dos diversos n\u00edveis do Sistema \u00danico de Sa\u00fade (SUS), bem como de organiza\u00e7\u00f5es representativas da sociedade civil regional.<\/p>\n<\/div><\/section>\n","protected":false},"excerpt":{"rendered":"<p>O tema pautou, inclusive, o debate no II Encontro dos Programas de P\u00f3s-Gradua\u00e7\u00e3o em Sa\u00fade Coletiva no Amazonas sobre estrat\u00e9gias para a qualifica\u00e7\u00e3o da p\u00f3s-gradua\u00e7\u00e3o,<\/p>\n","protected":false},"author":20,"featured_media":37954,"comment_status":"closed","ping_status":"closed","sticky":true,"template":"","format":"image","meta":{"footnotes":""},"categories":[15],"tags":[1032,919,136,120,119,131],"class_list":["post-37953","post","type-post","status-publish","format-image","has-post-thumbnail","hentry","category-noticias","tag-daspam","tag-doutorado","tag-fiocruz","tag-fiocruz-amazonia","tag-ilmd","tag-ilmdfiocruz-amazonia","post_format-post-format-image"],"_links":{"self":[{"href":"https:\/\/amazonia.fiocruz.br\/index.php?rest_route=\/wp\/v2\/posts\/37953","targetHints":{"allow":["GET"]}}],"collection":[{"href":"https:\/\/amazonia.fiocruz.br\/index.php?rest_route=\/wp\/v2\/posts"}],"about":[{"href":"https:\/\/amazonia.fiocruz.br\/index.php?rest_route=\/wp\/v2\/types\/post"}],"author":[{"embeddable":true,"href":"https:\/\/amazonia.fiocruz.br\/index.php?rest_route=\/wp\/v2\/users\/20"}],"replies":[{"embeddable":true,"href":"https:\/\/amazonia.fiocruz.br\/index.php?rest_route=%2Fwp%2Fv2%2Fcomments&post=37953"}],"version-history":[{"count":2,"href":"https:\/\/amazonia.fiocruz.br\/index.php?rest_route=\/wp\/v2\/posts\/37953\/revisions"}],"predecessor-version":[{"id":37961,"href":"https:\/\/amazonia.fiocruz.br\/index.php?rest_route=\/wp\/v2\/posts\/37953\/revisions\/37961"}],"wp:featuredmedia":[{"embeddable":true,"href":"https:\/\/amazonia.fiocruz.br\/index.php?rest_route=\/wp\/v2\/media\/37954"}],"wp:attachment":[{"href":"https:\/\/amazonia.fiocruz.br\/index.php?rest_route=%2Fwp%2Fv2%2Fmedia&parent=37953"}],"wp:term":[{"taxonomy":"category","embeddable":true,"href":"https:\/\/amazonia.fiocruz.br\/index.php?rest_route=%2Fwp%2Fv2%2Fcategories&post=37953"},{"taxonomy":"post_tag","embeddable":true,"href":"https:\/\/amazonia.fiocruz.br\/index.php?rest_route=%2Fwp%2Fv2%2Ftags&post=37953"}],"curies":[{"name":"wp","href":"https:\/\/api.w.org\/{rel}","templated":true}]}}