{"id":37908,"date":"2022-12-13T14:14:16","date_gmt":"2022-12-13T18:14:16","guid":{"rendered":"https:\/\/amazonia.fiocruz.br\/?p=37908"},"modified":"2022-12-13T14:14:17","modified_gmt":"2022-12-13T18:14:17","slug":"parceria-usaid-npi-expand-sitawi-e-fiocruz-amazonia-realiza-treinamento-de-tutores-para-curso-de-atualizacao-em-agravos-imunopreveniveis-de-interesse-em-saude-publica-na-amazonia-ofertados-para-mu","status":"publish","type":"post","link":"https:\/\/amazonia.fiocruz.br\/?p=37908","title":{"rendered":"Parceria USAID, NPI EXPAND, SITAWI e Fiocruz Amaz\u00f4nia realiza treinamento de tutores para curso de atualiza\u00e7\u00e3o em agravos  imunopreven\u00edveis de interesse em sa\u00fade p\u00fablica na Amaz\u00f4nia, ofertados para munic\u00edpios do Amazonas e Rond\u00f4nia, atrav\u00e9s de plataforma AVA"},"content":{"rendered":"<section class=\"av_textblock_section \"  itemscope=\"itemscope\" itemtype=\"https:\/\/schema.org\/BlogPosting\" itemprop=\"blogPost\" ><div class='avia_textblock  '   itemprop=\"text\" ><p style=\"text-align: justify;\">O Projeto Ci\u00eancia, Sa\u00fade e Solidariedade no Enfrentamento \u00e0 Covid-19, desenvolvido pela Fiocruz Amaz\u00f4nia, em parceria com a Ag\u00eancia dos Estados Unidos para Desenvolvimento Internacional (USAID), NPI EXPAND e SITAWI, realizou treinamento de profissionais que atuar\u00e3o como tutores na Frente 1. O treinamento abordou as ferramentas da plataforma AVA e seu funcionamento, bem como a adapta\u00e7\u00e3o dos conte\u00fados do curso de atualiza\u00e7\u00e3o Agravos imunopreven\u00edveis de interesse em sa\u00fade p\u00fablica na Amaz\u00f4nia para a oferta na modalidade virtual. Al\u00e9m disso, foram discutidas as melhores estrat\u00e9gias para apresenta\u00e7\u00e3o e organiza\u00e7\u00e3o do curso de forma a garantir maior apropria\u00e7\u00e3o do conte\u00fado e ades\u00e3o dos alunos em um curso remoto. O referido curso, assim como o ofertado de forma presencial para 21 munic\u00edpios previamente selecionados, ter\u00e1 o conte\u00fado equivalente a 32 horas de treinamento e ser\u00e1 tamb\u00e9m ofertado para os agentes de combate a endemias e agentes comunit\u00e1rios de sa\u00fade, que atuam, preferencialmente, em munic\u00edpios do estado do Amazonas e Rond\u00f4nia. No entanto, poder\u00e1 ser disponibilizado tamb\u00e9m para profissionais de outros estados da federa\u00e7\u00e3o.<\/p>\n<p style=\"text-align: justify;\">A Frente 1 do NPI EXPAND tem como objetivo realizar oficinas de qualifica\u00e7\u00e3o e treinamento para agentes comunit\u00e1rios de sa\u00fade (ACS) e agentes de combate a endemias (ACE). A oferta dos cursos presenciais j\u00e1 est\u00e1 acontecendo. Pretende-se iniciar a oferta do curso atrav\u00e9s da plataforma AVA a partir do m\u00eas de janeiro de 2023, quando estar\u00e1 sendo finalizada a oferta dos cursos presenciais nos munic\u00edpios selecionados pelo projeto, conforme informa a Profa. Dra. Rosana Parente, coordenadora adjunta do projeto.<\/p>\n<p><img decoding=\"async\" class=\"aligncenter size-gallery wp-image-37910\" src=\"https:\/\/amazonia.fiocruz.br\/wp-content\/uploads\/2022\/12\/Projeto-USAID-PALLADIUM_Foto-Ingrid-Anne_FIocruz-Amazonia_17.10.22-15-845x684.jpg\" alt=\"\" width=\"845\" height=\"684\" srcset=\"https:\/\/amazonia.fiocruz.br\/wp-content\/uploads\/2022\/12\/Projeto-USAID-PALLADIUM_Foto-Ingrid-Anne_FIocruz-Amazonia_17.10.22-15-845x684.jpg 845w, https:\/\/amazonia.fiocruz.br\/wp-content\/uploads\/2022\/12\/Projeto-USAID-PALLADIUM_Foto-Ingrid-Anne_FIocruz-Amazonia_17.10.22-15-495x400.jpg 495w\" sizes=\"(max-width: 845px) 100vw, 845px\" \/><\/p>\n<p style=\"text-align: justify;\">Sully Sampaio, cientista social e membro da equipe, considera que a amplia\u00e7\u00e3o da oferta do curso atrav\u00e9s desta plataforma amplia os beneficiados com a iniciativa. O processo de sele\u00e7\u00e3o dos alunos participantes dos cursos presenciais \u00e9 de responsabilidade dos munic\u00edpios, que obedece a editais espec\u00edficos para este fim. Com a oferta atrav\u00e9s do AVA, os alunos poder\u00e3o se inscrever diretamente na plataforma e controlar sua participa\u00e7\u00e3o no curso, organizando seu tempo e internet dispon\u00edvel em seus locais de origem, pondera o coordenador de campo.<\/p>\n<p style=\"text-align: justify;\">Para Cl\u00e9ia Soares Martins, enfermeira que atua na ger\u00eancia estadual do Programa Nacional de Imuniza\u00e7\u00e3o, a oferta representa uma grande oportunidade para quem est\u00e1 atuando na ponta, seja ACS ou ACE, que s\u00e3o os profissionais de sa\u00fade que representam o elo entre as equipes de sa\u00fade e a popula\u00e7\u00e3o. Trabalhar com estes profissionais temas sobre calend\u00e1rio vacinal, por exemplo, possibilita envolv\u00ea-los e descobrir onde est\u00e1 o \u201cgargalo\u201d para o alcance da cobertura vacinal. Questiona sobre quais fatores nos dias de hoje contribuem para que n\u00e3o sejam alcan\u00e7adas as coberturas vacinais adequadas? Quais os motivos que impedem os pais de levar seus filhos para vacinar? Mesmo com insumos e profissionais dispon\u00edveis, o que tem impedido as crian\u00e7as a chegarem nas salas de vacina? Neste contexto, estes profissionais podem contribuir de forma significativa neste itiner\u00e1rio.<\/p>\n<p style=\"text-align: justify;\">J\u00e1 a enfermeira Mariza Quercio, considera o curso como uma ferramenta de inclus\u00e3o, pois at\u00e9 os profissionais com maior tempo de servi\u00e7o e idade mais avan\u00e7ada est\u00e3o tendo a oportunidade de atualizarem seus conhecimentos. Com a plataforma AVA o alcance pode ser potencializado, pois aumenta a possibilidade daqueles que n\u00e3o conseguiram participar dos cursos presenciais, por diversos motivos, serem capacitados.<\/p>\n<p><img decoding=\"async\" class=\"aligncenter size-gallery wp-image-37911\" src=\"https:\/\/amazonia.fiocruz.br\/wp-content\/uploads\/2022\/12\/Projeto-USAID-PALLADIUM_Foto-Ingrid-Anne_FIocruz-Amazonia_17.10.22-5-845x684.jpg\" alt=\"\" width=\"845\" height=\"684\" srcset=\"https:\/\/amazonia.fiocruz.br\/wp-content\/uploads\/2022\/12\/Projeto-USAID-PALLADIUM_Foto-Ingrid-Anne_FIocruz-Amazonia_17.10.22-5-845x684.jpg 845w, https:\/\/amazonia.fiocruz.br\/wp-content\/uploads\/2022\/12\/Projeto-USAID-PALLADIUM_Foto-Ingrid-Anne_FIocruz-Amazonia_17.10.22-5-495x400.jpg 495w\" sizes=\"(max-width: 845px) 100vw, 845px\" \/><\/p>\n<p style=\"text-align: justify;\">Os temas tratados no curso contribuem para o dia a dia destes profissionais. Imaginemos se no in\u00edcio da pandemia tiv\u00e9ssemos a oportunidade de oferecer um curso desse. Certamente, poder\u00edamos ter contribu\u00eddo para um cen\u00e1rio diferente do que foi vivenciado no Amazonas e na regi\u00e3o Norte do pa\u00eds. Com o curso na plataforma AVA os alunos t\u00eam o controle do seu tempo, acessando do lugar e na hora que acharem conveniente, diz Tamiris Siqueira, enfermeira que atua tamb\u00e9m como facilitadora no projeto. Segundo a facilitadora e participante do treinamento Juliane Bel\u00e9m, a imuniza\u00e7\u00e3o \u00e9 um tema no qual os profissionais precisam ser constantemente atualizados, pois a depender do perfil epidemiol\u00f3gico populacional podem ser inclu\u00eddos novos imunizantes no calend\u00e1rio vacinal, como no caso da pandemia de COVID-19. \u00c9 importante que os ACS e ACE compreendam a import\u00e2ncia dessa medida preventiva para que possam informar e convencer as pessoas dos seus territ\u00f3rios de abrang\u00eancia sobre a import\u00e2ncia de manter suas vacinas atualizadas.<\/p>\n<p style=\"text-align: justify;\">Todos os participantes do treinamento ponderaram sobre os desafios e indicaram alguns pontos que merecem reflex\u00e3o. A dificuldade de acesso \u00e0 internet em munic\u00edpios amaz\u00f4nicos foi o principal ponto destacado. N\u00e3o obstante, embora possa parecer algo novo, alguns profissionais t\u00eam nessa modalidade a \u00fanica possibilidade de acessar conhecimentos e realizar sua capacita\u00e7\u00e3o. Levando em considera\u00e7\u00e3o tais aspectos, promoveu-se um momento de discuss\u00e3o sobre quais seriam as estrat\u00e9gias pedag\u00f3gicas para que os alunos possam concluir todo o conte\u00fado necess\u00e1rio para a certifica\u00e7\u00e3o no curso, associando a experi\u00eancia dos facilitadores \u00e0s possibilidades de recursos dispon\u00edveis no ambiente virtual de aprendizagem.<\/p>\n<p style=\"text-align: justify;\">O coordenador geral do projeto, Fernando Herkrath, apresentou durante o treinamento a proposta de estrutura\u00e7\u00e3o do curso na plataforma AVA, por meio do Campus Virtual da Fiocruz, assim como os seus recursos e as formas dispon\u00edveis para acompanhamento do cumprimento do conte\u00fado pelos participantes, meios para intera\u00e7\u00e3o com os alunos e fomento \u00e0 conclus\u00e3o do curso. Segundo o coordenador, o treinamento dos tutores foi uma oportunidade extremamente importante tamb\u00e9m para a organiza\u00e7\u00e3o da oferta do curso no AVA, pois para al\u00e9m do treinamento sobre o conte\u00fado te\u00f3rico program\u00e1tico, contemplando o diagn\u00f3stico e manejo de pacientes com COVID-19, bem como aspectos relacionados \u00e0 imuniza\u00e7\u00e3o, houve a possibilidade de discuss\u00e3o com a equipe, j\u00e1 experimentada na oferta do curso de modo presencial, das melhores estrat\u00e9gias para cada item do plano de curso ser ofertado de modo virtual. Dessa forma, os alunos ter\u00e3o maior capacidade de cumprir adequadamente o roteiro de estudos e concluir com \u00eaxito o curso ofertado de forma remota.<\/p>\n<p style=\"text-align: justify;\"><strong>SOBRE OS PARCEIROS<\/strong><\/p>\n<p style=\"text-align: justify;\">No Brasil, a USAID, a NPI EXPAND e a SITAWI Finan\u00e7as do Bem se uniram para criar uma parceria para apoiar a Resposta \u00e0 COVID-19 na Amaz\u00f4nia. Entre 2020 e 2021, a primeira fase do projeto do NPI EXPAND Resposta \u00e0 COVID-19 na Amaz\u00f4nia distribuiu mais de 23 mil cestas b\u00e1sicas e kits de higiene, capacitou mais de 500 agentes comunit\u00e1rios de sa\u00fade, doou mais de 1,4 milh\u00e3o de m\u00e1scaras feitas por costureiras locais e divulgou mensagens educativas de preven\u00e7\u00e3o para mais de 875 mil pessoas na regi\u00e3o. A Fase est\u00e1 promovendo maior resili\u00eancia das comunidades amaz\u00f4nicas atrav\u00e9s do apoio amplo a vacina\u00e7\u00e3o contra a COVID-19, campanhas de informa\u00e7\u00e3o e combate \u00e0 fake News, e apoiando os sistemas locais de sa\u00fade na regi\u00e3o com equipamentos e insumos para detectar, prevenir e controlar a transmiss\u00e3o de Covid-19, bem como realizar o acompanhamento de casos agudos de COVID-19 e tratar as sequelas de s\u00edndrome p\u00f3s-COVID-19.\u201d<\/p>\n<\/div><\/section>\n","protected":false},"excerpt":{"rendered":"<p>O referido curso, assim como o ofertado de forma presencial para 21 munic\u00edpios previamente selecionados<\/p>\n","protected":false},"author":20,"featured_media":37909,"comment_status":"closed","ping_status":"closed","sticky":true,"template":"","format":"image","meta":{"footnotes":""},"categories":[15],"tags":[136,120,119,131,1135],"class_list":["post-37908","post","type-post","status-publish","format-image","has-post-thumbnail","hentry","category-noticias","tag-fiocruz","tag-fiocruz-amazonia","tag-ilmd","tag-ilmdfiocruz-amazonia","tag-usaid","post_format-post-format-image"],"_links":{"self":[{"href":"https:\/\/amazonia.fiocruz.br\/index.php?rest_route=\/wp\/v2\/posts\/37908","targetHints":{"allow":["GET"]}}],"collection":[{"href":"https:\/\/amazonia.fiocruz.br\/index.php?rest_route=\/wp\/v2\/posts"}],"about":[{"href":"https:\/\/amazonia.fiocruz.br\/index.php?rest_route=\/wp\/v2\/types\/post"}],"author":[{"embeddable":true,"href":"https:\/\/amazonia.fiocruz.br\/index.php?rest_route=\/wp\/v2\/users\/20"}],"replies":[{"embeddable":true,"href":"https:\/\/amazonia.fiocruz.br\/index.php?rest_route=%2Fwp%2Fv2%2Fcomments&post=37908"}],"version-history":[{"count":1,"href":"https:\/\/amazonia.fiocruz.br\/index.php?rest_route=\/wp\/v2\/posts\/37908\/revisions"}],"predecessor-version":[{"id":37912,"href":"https:\/\/amazonia.fiocruz.br\/index.php?rest_route=\/wp\/v2\/posts\/37908\/revisions\/37912"}],"wp:featuredmedia":[{"embeddable":true,"href":"https:\/\/amazonia.fiocruz.br\/index.php?rest_route=\/wp\/v2\/media\/37909"}],"wp:attachment":[{"href":"https:\/\/amazonia.fiocruz.br\/index.php?rest_route=%2Fwp%2Fv2%2Fmedia&parent=37908"}],"wp:term":[{"taxonomy":"category","embeddable":true,"href":"https:\/\/amazonia.fiocruz.br\/index.php?rest_route=%2Fwp%2Fv2%2Fcategories&post=37908"},{"taxonomy":"post_tag","embeddable":true,"href":"https:\/\/amazonia.fiocruz.br\/index.php?rest_route=%2Fwp%2Fv2%2Ftags&post=37908"}],"curies":[{"name":"wp","href":"https:\/\/api.w.org\/{rel}","templated":true}]}}