{"id":37890,"date":"2022-12-13T11:35:46","date_gmt":"2022-12-13T15:35:46","guid":{"rendered":"https:\/\/amazonia.fiocruz.br\/?p=37890"},"modified":"2024-03-20T20:48:31","modified_gmt":"2024-03-21T00:48:31","slug":"fiocruz-amazonia-trabalha-na-finalizacao-da-planta-arquitetonica-da-nova-sede-da-instituicao-em-manaus","status":"publish","type":"post","link":"https:\/\/amazonia.fiocruz.br\/?p=37890","title":{"rendered":"Fiocruz Amaz\u00f4nia trabalha na finaliza\u00e7\u00e3o da planta arquitet\u00f4nica da nova sede da institui\u00e7\u00e3o em Manaus"},"content":{"rendered":"<section class=\"av_textblock_section \"  itemscope=\"itemscope\" itemtype=\"https:\/\/schema.org\/BlogPosting\" itemprop=\"blogPost\" ><div class='avia_textblock  '   itemprop=\"text\" ><p style=\"text-align: justify;\">O Instituto Le\u00f4nidas &amp; Maria Deane (ILMD\/Fiocruz Amaz\u00f4nia) trabalha na finaliza\u00e7\u00e3o da planta arquitet\u00f4nica da nova sede, que dever\u00e1 ficar localizada na Avenida S\u00e3o Jorge, bairro S\u00e3o Jorge, Zona Oeste de Manaus, em \u00e1rea oficialmente cedida pelo 1\u00ba Batalh\u00e3o de Infantaria de Selva (BIS), do Ex\u00e9rcito. Uma maquete com a primeira proposi\u00e7\u00e3o de projeto arquitet\u00f4nico, feito pela empresa cearense Architectus S\/S Arquitetura e Engenharias \u2013 especializada em projetos integrados, planos urban\u00edsticos e gerenciamento de obras, com atua\u00e7\u00e3o nacional \u2013 foi apresentada oficialmente aos servidores, em reuni\u00e3o presencial e com transmiss\u00e3o on line para que toda a comunidade do ILMD\/Fiocruz Amaz\u00f4nia pudesse, pela primeira vez, visualizar como ficar\u00e1 a nova sede e contribuir com sugest\u00f5es ao projeto. A apresenta\u00e7\u00e3o foi feita por representantes da empresa e da Coordena\u00e7\u00e3o-Geral de Infraestrutura dos Campi (COGIC) da Fiocruz.<\/p>\n<p><img decoding=\"async\" class=\"aligncenter size-gallery wp-image-37898\" src=\"https:\/\/amazonia.fiocruz.br\/wp-content\/uploads\/2022\/12\/Apresentacao-do-Projeto-da-Nova-Sede-do-ILMD_Foto-Ingrid-Anne_Fiocruz-Amazonia_30.11.22-25-845x684.jpg\" alt=\"\" width=\"845\" height=\"684\" srcset=\"https:\/\/amazonia.fiocruz.br\/wp-content\/uploads\/2022\/12\/Apresentacao-do-Projeto-da-Nova-Sede-do-ILMD_Foto-Ingrid-Anne_Fiocruz-Amazonia_30.11.22-25-845x684.jpg 845w, https:\/\/amazonia.fiocruz.br\/wp-content\/uploads\/2022\/12\/Apresentacao-do-Projeto-da-Nova-Sede-do-ILMD_Foto-Ingrid-Anne_Fiocruz-Amazonia_30.11.22-25-495x400.jpg 495w\" sizes=\"(max-width: 845px) 100vw, 845px\" \/><\/p>\n<p style=\"text-align: justify;\">A proposta apresentada \u00e9 a de um pr\u00e9dio funcional, com cinco andares e capacidade para concentrar todos os laborat\u00f3rios de pesquisa da Fiocruz Amaz\u00f4nia, ocupando uma \u00e1rea de 14.512,80 metros quadrados, com possibilidade para futuras amplia\u00e7\u00f5es. \u201cA perspectiva \u00e9 de que a obra seja feita por etapas. Na primeira, ocupando uma \u00e1rea de 14 mil metros quadrados e na segunda e terceiras etapas, com expans\u00f5es a partir da estrutura j\u00e1 existente, \u00e0 medida em que houver necessidade de amplia\u00e7\u00e3o\u201d, explicou Tereza Malveira, arquiteta da COGIC. Tereza destacou a import\u00e2ncia da obra e lembrou que se trata de um \u201csonho acalentado e merecido\u201d da comunidade ILMD\/Fiocruz Amaz\u00f4nia.<\/p>\n<p><img decoding=\"async\" class=\"aligncenter size-gallery wp-image-37899\" src=\"https:\/\/amazonia.fiocruz.br\/wp-content\/uploads\/2022\/12\/Apresentacao-do-Projeto-da-Nova-Sede-do-ILMD_Foto-Ingrid-Anne_Fiocruz-Amazonia_30.11.22-30-845x684.jpg\" alt=\"\" width=\"845\" height=\"684\" srcset=\"https:\/\/amazonia.fiocruz.br\/wp-content\/uploads\/2022\/12\/Apresentacao-do-Projeto-da-Nova-Sede-do-ILMD_Foto-Ingrid-Anne_Fiocruz-Amazonia_30.11.22-30-845x684.jpg 845w, https:\/\/amazonia.fiocruz.br\/wp-content\/uploads\/2022\/12\/Apresentacao-do-Projeto-da-Nova-Sede-do-ILMD_Foto-Ingrid-Anne_Fiocruz-Amazonia_30.11.22-30-495x400.jpg 495w\" sizes=\"(max-width: 845px) 100vw, 845px\" \/><\/p>\n<p style=\"text-align: justify;\">\u201cTrata-se de uma obra de valor alto\u201d, observou a arquiteta, lembrando que, desde 2016, a COGIC vem trabalhando no projeto da nova sede, inicialmente trazendo arquitetos para visitar a unidade de Manaus para levantamento de demandas e visitas \u00e0 \u00e1rea onde a obra ser\u00e1 executada. \u201cO objetivo \u00e9 dar as condi\u00e7\u00f5es que voc\u00eas merecem, num projeto que re\u00fana praticidade e que seja viabiliz\u00e1vel economicamente. Por isso estamos aqui para apresentar o projeto, que resultou de todo esse trabalho e escut\u00e1-los\u201d, salientou.<\/p>\n<p><img decoding=\"async\" class=\"aligncenter size-gallery wp-image-37900\" src=\"https:\/\/amazonia.fiocruz.br\/wp-content\/uploads\/2022\/12\/Apresentacao-do-Projeto-da-Nova-Sede-do-ILMD_Foto-Ingrid-Anne_Fiocruz-Amazonia_30.11.22-43-845x684.jpg\" alt=\"\" width=\"845\" height=\"684\" srcset=\"https:\/\/amazonia.fiocruz.br\/wp-content\/uploads\/2022\/12\/Apresentacao-do-Projeto-da-Nova-Sede-do-ILMD_Foto-Ingrid-Anne_Fiocruz-Amazonia_30.11.22-43-845x684.jpg 845w, https:\/\/amazonia.fiocruz.br\/wp-content\/uploads\/2022\/12\/Apresentacao-do-Projeto-da-Nova-Sede-do-ILMD_Foto-Ingrid-Anne_Fiocruz-Amazonia_30.11.22-43-495x400.jpg 495w\" sizes=\"(max-width: 845px) 100vw, 845px\" \/><\/p>\n<p style=\"text-align: justify;\">A diretora da Fiocruz Amaz\u00f4nia, Adele Schwartz Benzaken, ressaltou a import\u00e2ncia da apresenta\u00e7\u00e3o. \u201cEsperamos que a obra aconte\u00e7a com a celeridade desejada, sobretudo ap\u00f3s um per\u00edodo or\u00e7ament\u00e1rio dif\u00edcil como foi o do atual governo, mas, com certeza, estamos vendo o resultado de um trabalho que vem de muitos anos sendo desenvolvido e ser\u00e1 uma conquista para todos n\u00f3s\u201d, avaliou, acreditando que no novo Governo ser\u00e1 poss\u00edvel juntar for\u00e7as para viabiliza\u00e7\u00e3o da obra.<\/p>\n<p><img decoding=\"async\" class=\"aligncenter size-gallery wp-image-37901\" src=\"https:\/\/amazonia.fiocruz.br\/wp-content\/uploads\/2022\/12\/Apresentacao-do-Projeto-da-Nova-Sede-do-ILMD_Foto-Ingrid-Anne_Fiocruz-Amazonia_30.11.22-35-845x684.jpg\" alt=\"\" width=\"845\" height=\"684\" srcset=\"https:\/\/amazonia.fiocruz.br\/wp-content\/uploads\/2022\/12\/Apresentacao-do-Projeto-da-Nova-Sede-do-ILMD_Foto-Ingrid-Anne_Fiocruz-Amazonia_30.11.22-35-845x684.jpg 845w, https:\/\/amazonia.fiocruz.br\/wp-content\/uploads\/2022\/12\/Apresentacao-do-Projeto-da-Nova-Sede-do-ILMD_Foto-Ingrid-Anne_Fiocruz-Amazonia_30.11.22-35-495x400.jpg 495w\" sizes=\"(max-width: 845px) 100vw, 845px\" \/><\/p>\n<p style=\"text-align: justify;\">Elton Timb\u00f3, propriet\u00e1rio da Architectus, fez a apresenta\u00e7\u00e3o da planta. Segundo ele, a empresa trabalha h\u00e1 dez anos com projetos arquitet\u00f4nicos para a Fiocruz, o que confere a expertise necess\u00e1ria para desenvolver projetos como os das novas sedes da Fiocruz no Cear\u00e1, Minas Gerais, Rond\u00f4nia e, agora, Amazonas. A nova sede da Fiocruz Amaz\u00f4nia contar\u00e1 com \u00e1reas para laborat\u00f3rios, gest\u00e3o, servi\u00e7os, biciclet\u00e1rio, ambulat\u00f3rio, oca, salas com divis\u00f3rias retr\u00e1teis que se transformam em audit\u00f3rio com capacidade para 100 pessoas, \u00e1rea de exposi\u00e7\u00f5es, vesti\u00e1rio e estacionamento com capacidade para 201 ve\u00edculos, entre outros espa\u00e7os. Ele destacou que a nova sede primar\u00e1 tamb\u00e9m pela sustentabilidade, com selo PBE Edifica Procel, que atesta a redu\u00e7\u00e3o do custo energ\u00e9tico da edifica\u00e7\u00e3o, e Processo Aqua de certifica\u00e7\u00e3o de constru\u00e7\u00e3o sustent\u00e1vel.<\/p>\n<p><em>ILMD\/Fiocruz Amaz\u00f4nia, por J\u00falio Pedrosa<\/em><\/p>\n<p><em>Fotos: J\u00falio Pedrosa<\/em><\/p>\n<\/div><\/section>\n<div  class='avia-video avia-video-custom   avia-video-lightbox av-lazyload-video-embed  avia-video-external-service  ' style='background-image:url(\"https:\/\/amazonia.fiocruz.br\/wp-content\/uploads\/2022\/12\/Projeto-Nova-Sede-300x144.png\");padding-bottom:56.25%;'  itemprop=\"video\" itemtype=\"https:\/\/schema.org\/VideoObject\"  data-original_url='https:\/\/www.youtube.com\/watch?v=ovcT3lVQROI&autoplay=1' ><script type='text\/html' class='av-video-tmpl'><a href='https:\/\/www.youtube.com\/watch?v=ovcT3lVQROI&autoplay=1' class='mfp-iframe lightbox-link'><\/a><\/script><div class='av-click-to-play-overlay play-lightbox'><div class=\"avia_playpause_icon\"><\/div><\/div><\/div>\n","protected":false},"excerpt":{"rendered":"<p>A proposta apresentada \u00e9 a de um pr\u00e9dio com cinco andares e capacidade para concentrar todos os laborat\u00f3rios de pesquisa da Fiocruz Amaz\u00f4nia, ocupando uma \u00e1rea de 14.512,80 metros quadrados.<\/p>\n","protected":false},"author":20,"featured_media":37897,"comment_status":"closed","ping_status":"closed","sticky":true,"template":"","format":"image","meta":{"footnotes":""},"categories":[15],"tags":[136,120,131,644],"class_list":["post-37890","post","type-post","status-publish","format-image","has-post-thumbnail","hentry","category-noticias","tag-fiocruz","tag-fiocruz-amazonia","tag-ilmdfiocruz-amazonia","tag-nova-sede","post_format-post-format-image"],"_links":{"self":[{"href":"https:\/\/amazonia.fiocruz.br\/index.php?rest_route=\/wp\/v2\/posts\/37890","targetHints":{"allow":["GET"]}}],"collection":[{"href":"https:\/\/amazonia.fiocruz.br\/index.php?rest_route=\/wp\/v2\/posts"}],"about":[{"href":"https:\/\/amazonia.fiocruz.br\/index.php?rest_route=\/wp\/v2\/types\/post"}],"author":[{"embeddable":true,"href":"https:\/\/amazonia.fiocruz.br\/index.php?rest_route=\/wp\/v2\/users\/20"}],"replies":[{"embeddable":true,"href":"https:\/\/amazonia.fiocruz.br\/index.php?rest_route=%2Fwp%2Fv2%2Fcomments&post=37890"}],"version-history":[{"count":7,"href":"https:\/\/amazonia.fiocruz.br\/index.php?rest_route=\/wp\/v2\/posts\/37890\/revisions"}],"predecessor-version":[{"id":42640,"href":"https:\/\/amazonia.fiocruz.br\/index.php?rest_route=\/wp\/v2\/posts\/37890\/revisions\/42640"}],"wp:featuredmedia":[{"embeddable":true,"href":"https:\/\/amazonia.fiocruz.br\/index.php?rest_route=\/wp\/v2\/media\/37897"}],"wp:attachment":[{"href":"https:\/\/amazonia.fiocruz.br\/index.php?rest_route=%2Fwp%2Fv2%2Fmedia&parent=37890"}],"wp:term":[{"taxonomy":"category","embeddable":true,"href":"https:\/\/amazonia.fiocruz.br\/index.php?rest_route=%2Fwp%2Fv2%2Fcategories&post=37890"},{"taxonomy":"post_tag","embeddable":true,"href":"https:\/\/amazonia.fiocruz.br\/index.php?rest_route=%2Fwp%2Fv2%2Ftags&post=37890"}],"curies":[{"name":"wp","href":"https:\/\/api.w.org\/{rel}","templated":true}]}}