{"id":37805,"date":"2022-11-23T17:09:44","date_gmt":"2022-11-23T21:09:44","guid":{"rendered":"https:\/\/amazonia.fiocruz.br\/?p=37805"},"modified":"2022-11-24T09:38:44","modified_gmt":"2022-11-24T13:38:44","slug":"palestra-do-centro-de-estudos-ira-abordar-aspectos-evolutivos-biologicos-e-comportamentais-que-influenciam-no-surgimento-das-pandemias-2","status":"publish","type":"post","link":"https:\/\/amazonia.fiocruz.br\/?p=37805","title":{"rendered":"Palestra do Centro de Estudos ir\u00e1 abordar diferentes aspectos da situa\u00e7\u00e3o atual de algumas arboviroses no Brasil"},"content":{"rendered":"<section class=\"av_textblock_section \"  itemscope=\"itemscope\" itemtype=\"https:\/\/schema.org\/BlogPosting\" itemprop=\"blogPost\" ><div class='avia_textblock  '   itemprop=\"text\" ><p style=\"text-align: justify;\">O Centro de Estudos do Instituto Le\u00f4nidas &amp; Maria Deane (ILMD\/Fiocruz Amaz\u00f4nia), apresenta na pr\u00f3xima sexta-feira, 25\/11, \u00e0s 10h (hor\u00e1rio\/Manaus), a palestra: \u201cArboviroses no Brasil: Situa\u00e7\u00e3o atual e desafios\u201d, a ser ministrada pelo pesquisador, Rivaldo Ven\u00e2ncio da Cunha (Fiocruz &#8211; Mato Grosso do Sul). Nesta palestra ser\u00e3o abordados diferentes aspectos da situa\u00e7\u00e3o atual de algumas arboviroses no Brasil, como: dengue, Zika, febre amarela, chikungunya e oropouche; bem como seus principais desafios.<\/p>\n<p style=\"text-align: justify;\">A palestra ser\u00e1 transmitida atrav\u00e9s da plataforma Zoom, por meio do link:<\/p>\n<p style=\"text-align: justify;\">(ID: 832 2624 1198) e (Senha: 643595)<\/p>\n<p style=\"text-align: justify;\"><strong>SOBRE O PALESTRANTE<\/strong><\/p>\n<p style=\"text-align: justify;\">Rivaldo \u00e9 graduado em Medicina pela Universidade de Caxias do Sul, mestre em Medicina Tropical pela Funda\u00e7\u00e3o Oswaldo Cruz, doutor em Medicina Tropical pela Funda\u00e7\u00e3o Oswaldo Cruz, e p\u00f3s-doutor em Medicina Tropical com \u00eanfase no estudo das doen\u00e7as causadas por v\u00edrus pela Funda\u00e7\u00e3o Oswaldo Cruz.<\/p>\n<p style=\"text-align: justify;\">Professor Titular aposentado da Faculdade de Medicina da Universidade Federal de Mato Grosso do Sul (UFMS), onde atua como Pesquisador S\u00eanior Volunt\u00e1rio. Docente permanente nos cursos de mestrado e doutorado em Sa\u00fade e Desenvolvimento na Regi\u00e3o Centro-Oeste, mestrado e doutorado em Doen\u00e7as Infecciosas e Parasit\u00e1rias e mestrado profissional em Sa\u00fade da Fam\u00edlia, todos da UFMS.<\/p>\n<p style=\"text-align: justify;\">\u00c9 docente colaborador do Programa de P\u00f3s-Gradua\u00e7\u00e3o em Medicina Tropical do Instituto Oswaldo Cruz\/FIOCRUZ, RJ. Juntamente com Denise Valle e Denise Nachif Pimenta \u00e9 organizador do livro Dengue &#8211; Teorias e Pr\u00e1ticas, publicado pela Editora Fiocruz (2015). Tem experi\u00eancia na \u00e1rea de Medicina, com \u00eanfase em Doen\u00e7as Infecciosas e Parasit\u00e1rias, atuando principalmente nos seguintes temas: Ensaios cl\u00ednicos de Fase 3 para vacinas, epidemiologia, doen\u00e7as transmitidas por vetores, especialmente dengue, zika, chikungunya e leishmanioses, bem como em doen\u00e7as sexualmente transmiss\u00edveis.<\/p>\n<p style=\"text-align: justify;\"><strong>CENTRO DE ESTUDOS<\/strong><\/p>\n<p style=\"text-align: justify;\">O Centro de Estudos do ILMD\/Fiocruz Amaz\u00f4nia \u00e9 um n\u00facleo que oportuniza encontros, palestras, semin\u00e1rios e debates sobre diversos temas ligados \u00e0 pesquisa e ao ensino para a promo\u00e7\u00e3o da sa\u00fade.<\/p>\n<p style=\"text-align: justify;\">Os eventos s\u00e3o gratuitos e ocorrem \u00e0s sextas-feiras. As atividades s\u00e3o destinadas a estudantes de gradua\u00e7\u00e3o e p\u00f3s-gradua\u00e7\u00e3o, pesquisadores, professores e trabalhadores da \u00e1rea da Sa\u00fade.<\/p>\n<\/div><\/section>\n","protected":false},"excerpt":{"rendered":"<p>O Centro de Estudos do ILMD\/Fiocruz Amaz\u00f4nia \u00e9 um n\u00facleo que oportuniza encontros, palestras, semin\u00e1rios e debates sobre diversos temas ligados \u00e0 pesquisa e ao ensino <\/p>\n","protected":false},"author":20,"featured_media":37806,"comment_status":"closed","ping_status":"closed","sticky":true,"template":"","format":"image","meta":{"footnotes":""},"categories":[15],"tags":[118,136,120],"class_list":["post-37805","post","type-post","status-publish","format-image","has-post-thumbnail","hentry","category-noticias","tag-centro-de-estudos","tag-fiocruz","tag-fiocruz-amazonia","post_format-post-format-image"],"_links":{"self":[{"href":"https:\/\/amazonia.fiocruz.br\/index.php?rest_route=\/wp\/v2\/posts\/37805","targetHints":{"allow":["GET"]}}],"collection":[{"href":"https:\/\/amazonia.fiocruz.br\/index.php?rest_route=\/wp\/v2\/posts"}],"about":[{"href":"https:\/\/amazonia.fiocruz.br\/index.php?rest_route=\/wp\/v2\/types\/post"}],"author":[{"embeddable":true,"href":"https:\/\/amazonia.fiocruz.br\/index.php?rest_route=\/wp\/v2\/users\/20"}],"replies":[{"embeddable":true,"href":"https:\/\/amazonia.fiocruz.br\/index.php?rest_route=%2Fwp%2Fv2%2Fcomments&post=37805"}],"version-history":[{"count":2,"href":"https:\/\/amazonia.fiocruz.br\/index.php?rest_route=\/wp\/v2\/posts\/37805\/revisions"}],"predecessor-version":[{"id":37810,"href":"https:\/\/amazonia.fiocruz.br\/index.php?rest_route=\/wp\/v2\/posts\/37805\/revisions\/37810"}],"wp:featuredmedia":[{"embeddable":true,"href":"https:\/\/amazonia.fiocruz.br\/index.php?rest_route=\/wp\/v2\/media\/37806"}],"wp:attachment":[{"href":"https:\/\/amazonia.fiocruz.br\/index.php?rest_route=%2Fwp%2Fv2%2Fmedia&parent=37805"}],"wp:term":[{"taxonomy":"category","embeddable":true,"href":"https:\/\/amazonia.fiocruz.br\/index.php?rest_route=%2Fwp%2Fv2%2Fcategories&post=37805"},{"taxonomy":"post_tag","embeddable":true,"href":"https:\/\/amazonia.fiocruz.br\/index.php?rest_route=%2Fwp%2Fv2%2Ftags&post=37805"}],"curies":[{"name":"wp","href":"https:\/\/api.w.org\/{rel}","templated":true}]}}