{"id":37773,"date":"2022-11-18T10:28:21","date_gmt":"2022-11-18T14:28:21","guid":{"rendered":"https:\/\/amazonia.fiocruz.br\/?p=37773"},"modified":"2022-11-18T10:28:22","modified_gmt":"2022-11-18T14:28:22","slug":"fiocruz-amazonia-marca-presenca-no-13o-congresso-de-saude-coletiva-da-abrasco-2022","status":"publish","type":"post","link":"https:\/\/amazonia.fiocruz.br\/?p=37773","title":{"rendered":"Fiocruz Amaz\u00f4nia marca presen\u00e7a no 13\u00ba Congresso de Sa\u00fade Coletiva da Abrasco 2022"},"content":{"rendered":"<section class=\"av_textblock_section \"  itemscope=\"itemscope\" itemtype=\"https:\/\/schema.org\/BlogPosting\" itemprop=\"blogPost\" ><div class='avia_textblock  '   itemprop=\"text\" ><p style=\"text-align: justify;\">O Instituto Le\u00f4nidas &amp; Maria Deane (ILMD\/Fiocruz Amaz\u00f4nia) marcar\u00e1 presen\u00e7a na 13a edi\u00e7\u00e3o do Congresso Brasileiro de Sa\u00fade Coletiva, que ocorrer\u00e1 de 19 a 24\/11, em Salvador (BA), com a participa\u00e7\u00e3o de pesquisadores, docentes e alunos da p\u00f3s-gradua\u00e7\u00e3o da unidade, em palestras, mesas-redondas, exposi\u00e7\u00e3o de trabalhos cient\u00edficos, entre outras atividades. O evento \u00e9 promovido pela Associa\u00e7\u00e3o Brasileira de Sa\u00fade Coletiva (Abrasco) e, este ano, ter\u00e1 como tema &#8220;Sa\u00fade e Democracia: Diversidade, Equidade e Justi\u00e7a Social&#8221;. O Abrasc\u00e3o 2022 promover\u00e1 debates transversais e livres, com a parceria de institui\u00e7\u00f5es governamentais e n\u00e3o-governamentais, por meio das Tendas da Ci\u00eancia, al\u00e9m da programa\u00e7\u00e3o pr\u00e9-congresso com palestras coordenadas e propostas por colaboradores do ILMD sobre temas variados, nos dias 19 e 20\/11.<\/p>\n<p style=\"text-align: justify;\">Os pesquisadores, discentes e colaboradores do ILMD\/Fiocruz Amaz\u00f4nia, ao longo dos 43 anos de exist\u00eancia da Abrasco, t\u00eam atuado no processo de consolida\u00e7\u00e3o das diversas iniciativas da entidade, protagonizadas pelos f\u00f3runs, comiss\u00f5es, comit\u00eas e grupos de trabalho tem\u00e1ticos, como de Sa\u00fade Ind\u00edgena, Sa\u00fade Ambiental, Viol\u00eancia e Saude, Promo\u00e7\u00e3o da Sa\u00fade e Epidemiologia. As oficinas e reuni\u00f5es dos grupos de trabalho tem\u00e1ticos constituem atividades pr\u00e9-congresso, as quais contar\u00e3o com a coordena\u00e7\u00e3o e participa\u00e7\u00e3o do ILMD nos dias 19 e 20.<\/p>\n<p style=\"text-align: justify;\">O Abrasc\u00e3o 2022 contar\u00e1 com mais de dez representantes do Fiocruz Amaz\u00f4nia, entre pesquisadores e discentes de Mestrado e Doutorado em Sa\u00fade Coletiva. Participar\u00e3o os pesquisadores Am\u00e2ndia Braga Lima Sousa, Fernando Jos\u00e9 Herkrath, Jesem Douglas Yamall Orellana, J\u00falio C\u00e9sar Schweickardt,\u00a0 Maria Luiza Garnelo Pereira, Marcilio Sandro de Medeiros, Michele Rocha de Ara\u00fajo El Kadri, Rodrigo Tobias de Sousa Lima e Rita Suely Bacuri de Queiroz, juntamente com os discentes de Mestrado e Doutorado em Sa\u00fade Coletiva do ILMD Anny Beatriz Costa Antony de Andrade e Raniele Alana Lima Alves.<\/p>\n<p style=\"text-align: justify;\">O evento acontecer\u00e1 presencialmente no Centro de Conven\u00e7\u00f5es de Salvador. Entre as Tendas da Ci\u00eancia, a \u201cTenda Dom Helder\u201d coordenada pelos pesquisadores Marcilio Sandro de Medeiros (do ILMD\/Fiocruz Amaz\u00f4nia), Edinilsa Ramos de Souza da Claves (da Escola Nacional de Sa\u00fade P\u00fablica da Fiocruz) e Liliana Santos, da Instituto de Sa\u00fade Coletiva (ISC), da Universidade Federal da Bahia (UFBA). A Tenda promover\u00e1 di\u00e1logos em formato de rodas-de-conversa entre os representantes das institui\u00e7\u00f5es governamentais e n\u00e3o governamentais, com profissionais, pesquisadores, militantes de movimentos sociais e pessoas de diversos campos do conhecimento cient\u00edfico e popular. No espa\u00e7o, acontecer\u00e3o atividades distintas nos formatos de rodas de conversa, exibi\u00e7\u00e3o de filmes, s\u00e9ries e relatos de experi\u00eancias sobre os temas: Direitos Humanos e Cidadania: lutas por equidade e justi\u00e7a social; Seguran\u00e7a Alimentar e Nutricional da Popula\u00e7\u00e3o Negra; Preven\u00e7\u00e3o, Cura e Promo\u00e7\u00e3o da Sa\u00fade no Quilombo, na Aldeia e na Cidade; Ecoc\u00eddio e Direitos Humanos; Racismo\/Etnicidade e Viol\u00eancia: informa\u00e7\u00f5es que invisibilizam e comunica\u00e7\u00e3o truncada; O papel dos catadores e catadoras de material recicl\u00e1vel na constru\u00e7\u00e3o de cidades saud\u00e1veis; Redes de aten\u00e7\u00e3o, preven\u00e7\u00e3o, apoio, prote\u00e7\u00e3o e garantias de direitos a pessoas em situa\u00e7\u00e3o de viol\u00eancia.<\/p>\n<p style=\"text-align: justify;\">No pr\u00e9-congresso, o pesquisador da Fiocruz Amaz\u00f4nia Jesem Orellana estar\u00e1 coordenando no dia 19\/11, das 9h \u00e0s 12h30, na sala 1, a Reuni\u00e3o de Integra\u00e7\u00e3o e Planejamento da Comiss\u00e3o de Epidemiologia da Abrasco (Gest\u00e3o 2021-2024), sobre o tema Desafios da Epidemiologia para Atua\u00e7\u00e3o em Contexto da Deteriora\u00e7\u00e3o Democr\u00e1tica e das Condi\u00e7\u00f5es de Vida e Sa\u00fade no Brasil. Em duas reuni\u00f5es de Comunica\u00e7\u00e3o Coordenada, no dia 22\/11, pela manh\u00e3 e \u00e0 tarde, ele abordar\u00e1 os temas Vacina\u00e7\u00e3o e Vigil\u00e2ncia Epidemiol\u00f3gica durante a Pandemia de Covid-19, na Sala Margarida Alves, e sobre o Programa Nacional de Imuniza\u00e7\u00e3o e os desafios da Hesita\u00e7\u00e3o vacinal, no dia 22\/11, das 13h10 \u00e0s 14h40, Mezanino A, Sala 103.<\/p>\n<p style=\"text-align: justify;\">A pesquisadora em Sa\u00fade P\u00fablica Michele Rocha de Ara\u00fajo El Kadri estar\u00e1 participando do evento promovido pelo Programa de Pol\u00edticas P\u00fablicas, Modelos de Aten\u00e7\u00e3o e Gest\u00e3o do Sistema e Servi\u00e7os de Sa\u00fade (PMA), da Fiocruz, no dia 19\/11, na Faculdade de Direito da UFBA, e no dia 22\/11 far\u00e1 apresenta\u00e7\u00e3o do trabalho intitulado Organiza\u00e7\u00e3o dos Servi\u00e7os e Pr\u00e1ticas de Gestores e Profissionais de Sa\u00fade diante das Singularidade e Necessidades de uma Localidade Rural Amaz\u00f4nica, na reuni\u00e3o sobre os temas \u201cOs Desafios da Supera\u00e7\u00e3o das Desigualdades nos Territ\u00f3rios e Popula\u00e7\u00f5es Vulnerabilizadas\u201d e \u201cDesafios do Processo de Regionaliza\u00e7\u00e3o no SUS\u201d, das 8h30 \u00e0s 10h, na Sala Cida Lemos<\/p>\n<p style=\"text-align: justify;\">Com o trabalho \u201cDesafios de fazer sa\u00fade no territ\u00f3rio l\u00edquido\u201d, a pesquisadora da Fiocruz Amaz\u00f4nia Am\u00e2ndia Braga Lima Souza far\u00e1 apresenta\u00e7\u00e3o na reuni\u00e3o sobre Desafios do Processo de Regionaliza\u00e7\u00e3o no SUS, que acontecer\u00e1 no dia 23\/11, das 13h10 \u00e0s 14h40, na Sala Izabel dos Santos<\/p>\n<p style=\"text-align: justify;\"><strong>SOBRE A ABRASCO<\/strong><\/p>\n<p style=\"text-align: justify;\">A Abrasco foi criada em 1979 com o objetivo de atuar como mecanismo de apoio e articula\u00e7\u00e3o entre os centros de treinamento, ensino e pesquisa em Sa\u00fade Coletiva para fortalecimento m\u00fatuo das entidades associadas e para amplia\u00e7\u00e3o do di\u00e1logo com a comunidade t\u00e9cnico-cient\u00edfica e desta com os servi\u00e7os de sa\u00fade, as organiza\u00e7\u00f5es governamentais e n\u00e3o governamentais e a sociedade civil. A Associa\u00e7\u00e3o apoia e desenvolve projetos, semin\u00e1rios, oficinas e realiza congressos na Am\u00e9rica Latina. Ao longo de sua atividade, a Abrasco participou e segue presente em diversos espa\u00e7os de representa\u00e7\u00e3o social, como o Conselho Nacional de Sa\u00fade (CNS), Conselho Nacional de Seguran\u00e7a Alimentar e Nutricional (Consea), Conselho Nacional dos Direitos da Mulher (CNDM), e f\u00f3runs de Ci\u00eancia e Tecnologia, com foco na formula\u00e7\u00e3o e no monitoramento das pol\u00edticas p\u00fablicas de sa\u00fade, de educa\u00e7\u00e3o e de ci\u00eancia e tecnologia.<\/p>\n<\/div><\/section>\n","protected":false},"excerpt":{"rendered":"<p>O Abrasc\u00e3o 2022 promover\u00e1 debates transversais e livres, com a parceria de institui\u00e7\u00f5es governamentais e n\u00e3o-governamentais<\/p>\n","protected":false},"author":20,"featured_media":37774,"comment_status":"closed","ping_status":"closed","sticky":true,"template":"","format":"image","meta":{"footnotes":""},"categories":[15],"tags":[136,120,119,131],"class_list":["post-37773","post","type-post","status-publish","format-image","has-post-thumbnail","hentry","category-noticias","tag-fiocruz","tag-fiocruz-amazonia","tag-ilmd","tag-ilmdfiocruz-amazonia","post_format-post-format-image"],"_links":{"self":[{"href":"https:\/\/amazonia.fiocruz.br\/index.php?rest_route=\/wp\/v2\/posts\/37773","targetHints":{"allow":["GET"]}}],"collection":[{"href":"https:\/\/amazonia.fiocruz.br\/index.php?rest_route=\/wp\/v2\/posts"}],"about":[{"href":"https:\/\/amazonia.fiocruz.br\/index.php?rest_route=\/wp\/v2\/types\/post"}],"author":[{"embeddable":true,"href":"https:\/\/amazonia.fiocruz.br\/index.php?rest_route=\/wp\/v2\/users\/20"}],"replies":[{"embeddable":true,"href":"https:\/\/amazonia.fiocruz.br\/index.php?rest_route=%2Fwp%2Fv2%2Fcomments&post=37773"}],"version-history":[{"count":1,"href":"https:\/\/amazonia.fiocruz.br\/index.php?rest_route=\/wp\/v2\/posts\/37773\/revisions"}],"predecessor-version":[{"id":37775,"href":"https:\/\/amazonia.fiocruz.br\/index.php?rest_route=\/wp\/v2\/posts\/37773\/revisions\/37775"}],"wp:featuredmedia":[{"embeddable":true,"href":"https:\/\/amazonia.fiocruz.br\/index.php?rest_route=\/wp\/v2\/media\/37774"}],"wp:attachment":[{"href":"https:\/\/amazonia.fiocruz.br\/index.php?rest_route=%2Fwp%2Fv2%2Fmedia&parent=37773"}],"wp:term":[{"taxonomy":"category","embeddable":true,"href":"https:\/\/amazonia.fiocruz.br\/index.php?rest_route=%2Fwp%2Fv2%2Fcategories&post=37773"},{"taxonomy":"post_tag","embeddable":true,"href":"https:\/\/amazonia.fiocruz.br\/index.php?rest_route=%2Fwp%2Fv2%2Ftags&post=37773"}],"curies":[{"name":"wp","href":"https:\/\/api.w.org\/{rel}","templated":true}]}}