{"id":37741,"date":"2022-11-11T12:04:25","date_gmt":"2022-11-11T16:04:25","guid":{"rendered":"https:\/\/amazonia.fiocruz.br\/?p=37741"},"modified":"2022-11-11T12:05:54","modified_gmt":"2022-11-11T16:05:54","slug":"pesquisadores-da-fiocruz-amazonia-palestram-em-simposio-de-doencas-tropicais-da-faculdade-estacio-amazonas","status":"publish","type":"post","link":"https:\/\/amazonia.fiocruz.br\/?p=37741","title":{"rendered":"Pesquisadores da Fiocruz Amaz\u00f4nia palestram em Simp\u00f3sio de Doen\u00e7as Tropicais da Faculdade Est\u00e1cio Amazonas"},"content":{"rendered":"<section class=\"av_textblock_section \"  itemscope=\"itemscope\" itemtype=\"https:\/\/schema.org\/BlogPosting\" itemprop=\"blogPost\" ><div class='avia_textblock  '   itemprop=\"text\" ><p style=\"text-align: justify;\">Pesquisadores do Instituto Le\u00f4nidas &amp; Maria Deane (ILMD\/Fiocruz Amaz\u00f4nia) participar\u00e3o entre os dias 21 e 25\/11, do I Simp\u00f3sio de Doen\u00e7as Tropicais realizado pela Faculdade Est\u00e1cio do Amazonas. O evento promover\u00e1 discuss\u00f5es acerca das principais doen\u00e7as tropicais que ocorrem na Amaz\u00f4nia, abordando aspectos epidemiol\u00f3gicos, ecol\u00f3gicos, din\u00e2mica de transmiss\u00e3o e novas ferramentas para o controle e terapia destas doen\u00e7as, al\u00e9m de atualizar estudantes e profissionais e divulgar trabalhos cient\u00edficos, nas \u00e1reas de Acidentes por animais pe\u00e7onhentos, vetores, protozooses, helmint\u00edases, arboviroses, infec\u00e7\u00f5es causadas por bact\u00e9rias e fungos, entre outros.<\/p>\n<p style=\"text-align: justify;\">A vice-diretora de Pesquisa da Fiocruz Amaz\u00f4nia, Stefanie Lopes, far\u00e1 a palestra de abertura do evento sobre o tema &#8220;Elimina\u00e7\u00e3o de mal\u00e1ria no Brasil: avan\u00e7os, desafios e perspectivas&#8221;. Os pesquisadores em Sa\u00fade P\u00fablica Valdinete Nascimento e Andr\u00e9 Lu\u00eds Mari\u00faba, dos laborat\u00f3rios Ecologia de Doen\u00e7as Transmiss\u00edveis da Amazonia (EDTA) e Diagn\u00f3stico e Controle de Doen\u00e7as Infecciosas na Amaz\u00f4nia (DCDIA) abordar\u00e3o os temas \u201cArboviroses emergentes e reemergentes no Brasil\u201d e \u201cBiotecnologia aplicada ao estudo da mal\u00e1ria\u201d, nos dias 22 e 24\/11, pela manh\u00e3.<\/p>\n<p style=\"text-align: justify;\">O I Simtrop ocorrer\u00e1 na sede da Est\u00e1cio Amazonas, na Avenida Constantino Nery, e se destina a toda comunidade acad\u00eamica da institui\u00e7\u00e3o.<\/p>\n<\/div><\/section>\n","protected":false},"excerpt":{"rendered":"<p>Evento promover\u00e1 discuss\u00f5es acerca das principais doen\u00e7as tropicais que ocorrem na Amaz\u00f4nia<\/p>\n","protected":false},"author":20,"featured_media":37742,"comment_status":"closed","ping_status":"closed","sticky":true,"template":"","format":"image","meta":{"footnotes":""},"categories":[15],"tags":[136,120,119,131,175,125],"class_list":["post-37741","post","type-post","status-publish","format-image","has-post-thumbnail","hentry","category-noticias","tag-fiocruz","tag-fiocruz-amazonia","tag-ilmd","tag-ilmdfiocruz-amazonia","tag-malaria","tag-pesquisa","post_format-post-format-image"],"_links":{"self":[{"href":"https:\/\/amazonia.fiocruz.br\/index.php?rest_route=\/wp\/v2\/posts\/37741","targetHints":{"allow":["GET"]}}],"collection":[{"href":"https:\/\/amazonia.fiocruz.br\/index.php?rest_route=\/wp\/v2\/posts"}],"about":[{"href":"https:\/\/amazonia.fiocruz.br\/index.php?rest_route=\/wp\/v2\/types\/post"}],"author":[{"embeddable":true,"href":"https:\/\/amazonia.fiocruz.br\/index.php?rest_route=\/wp\/v2\/users\/20"}],"replies":[{"embeddable":true,"href":"https:\/\/amazonia.fiocruz.br\/index.php?rest_route=%2Fwp%2Fv2%2Fcomments&post=37741"}],"version-history":[{"count":2,"href":"https:\/\/amazonia.fiocruz.br\/index.php?rest_route=\/wp\/v2\/posts\/37741\/revisions"}],"predecessor-version":[{"id":37744,"href":"https:\/\/amazonia.fiocruz.br\/index.php?rest_route=\/wp\/v2\/posts\/37741\/revisions\/37744"}],"wp:featuredmedia":[{"embeddable":true,"href":"https:\/\/amazonia.fiocruz.br\/index.php?rest_route=\/wp\/v2\/media\/37742"}],"wp:attachment":[{"href":"https:\/\/amazonia.fiocruz.br\/index.php?rest_route=%2Fwp%2Fv2%2Fmedia&parent=37741"}],"wp:term":[{"taxonomy":"category","embeddable":true,"href":"https:\/\/amazonia.fiocruz.br\/index.php?rest_route=%2Fwp%2Fv2%2Fcategories&post=37741"},{"taxonomy":"post_tag","embeddable":true,"href":"https:\/\/amazonia.fiocruz.br\/index.php?rest_route=%2Fwp%2Fv2%2Ftags&post=37741"}],"curies":[{"name":"wp","href":"https:\/\/api.w.org\/{rel}","templated":true}]}}