{"id":37643,"date":"2022-10-26T16:41:22","date_gmt":"2022-10-26T20:41:22","guid":{"rendered":"https:\/\/amazonia.fiocruz.br\/?p=37643"},"modified":"2022-10-26T16:42:11","modified_gmt":"2022-10-26T20:42:11","slug":"fiocruz-amazonia-unicef-e-organizacoes-indigenas-reunem-liderancas-e-pajes-em-manaus-para-workshop-medicina-indigena","status":"publish","type":"post","link":"https:\/\/amazonia.fiocruz.br\/?p=37643","title":{"rendered":"Fiocruz Amaz\u00f4nia, Unicef e organiza\u00e7\u00f5es ind\u00edgenas re\u00fanem lideran\u00e7as e paj\u00e9s em Manaus para workshop Medicina Ind\u00edgena"},"content":{"rendered":"<section class=\"av_textblock_section \"  itemscope=\"itemscope\" itemtype=\"https:\/\/schema.org\/BlogPosting\" itemprop=\"blogPost\" ><div class='avia_textblock  '   itemprop=\"text\" ><p style=\"text-align: justify;\">Com a finalidade de socializar as atividades das oficinas realizadas ao longo deste ano nos Estados do Amazonas e Maranh\u00e3o,\u00a0o Instituto Le\u00f4nidas &#038; Maria Deane (ILMD\/Fiocruz Amaz\u00f4nia), em parceria com o Minist\u00e9rio da Sa\u00fade,\u00a0 Fundo das Na\u00e7\u00f5es Unidas para a Inf\u00e2ncia (UNICEF) e Centro de Medicina Ind\u00edgena, realizou nesta ter\u00e7a-feira, 25\/10, em Manaus, o Workshop Medicina Ind\u00edgena, reunindo cerca de 50 participantes, entre lideran\u00e7as ind\u00edgenas, paj\u00e9s, tuxauas e kumu\u00e3s especialistas em Medicina Ind\u00edgena. O evento acontece no Hotel Blue Tree, no Adrian\u00f3polis.<\/p>\n<p><img decoding=\"async\" class=\"aligncenter size-gallery wp-image-37645\" src=\"https:\/\/amazonia.fiocruz.br\/wp-content\/uploads\/2022\/10\/IMG_2648-845x684.jpg\" alt=\"\" width=\"845\" height=\"684\" srcset=\"https:\/\/amazonia.fiocruz.br\/wp-content\/uploads\/2022\/10\/IMG_2648-845x684.jpg 845w, https:\/\/amazonia.fiocruz.br\/wp-content\/uploads\/2022\/10\/IMG_2648-495x400.jpg 495w\" sizes=\"(max-width: 845px) 100vw, 845px\" \/><\/p>\n<p style=\"text-align: justify;\">O workshop cumpre mais uma etapa da forma\u00e7\u00e3o do Projeto ECHO COVID, de Fortalecimento da Resposta ao Covid-19 na Regi\u00e3o Amaz\u00f4nica do Brasil. A inten\u00e7\u00e3o, de acordo com o pesquisador da Fiocruz Amaz\u00f4nia, J\u00falio C\u00e9sar Schweickardt, coordenador do componente Medicina Ind\u00edgena do projeto,\u00a0\u00e9 promover o compartilhamento de saberes entre os diferentes atores do projeto, vindos de diversas comunidades dos P\u00f3los Regionais de Sa\u00fade Ind\u00edgena. &#8220;S\u00e3o rezadores, benzedores, parteiras e raizeiros que far\u00e3o um interc\u00e2mbio de informa\u00e7\u00f5es e experi\u00eancias, visando construir redes de saberes tradicionais e paralelamente fortalecer a Medicina Ind\u00edgena no Brasil, em especial na Amaz\u00f4nia&#8221;, explica.<\/p>\n<p><img decoding=\"async\" class=\"aligncenter size-gallery wp-image-37646\" src=\"https:\/\/amazonia.fiocruz.br\/wp-content\/uploads\/2022\/10\/IMG_2568-845x684.jpg\" alt=\"\" width=\"845\" height=\"684\" srcset=\"https:\/\/amazonia.fiocruz.br\/wp-content\/uploads\/2022\/10\/IMG_2568-845x684.jpg 845w, https:\/\/amazonia.fiocruz.br\/wp-content\/uploads\/2022\/10\/IMG_2568-495x400.jpg 495w\" sizes=\"(max-width: 845px) 100vw, 845px\" \/><\/p>\n<p style=\"text-align: justify;\">As oficinas de Medicina Ind\u00edgena j\u00e1 foram realizadas nos munic\u00edpios de S\u00e3o Gabriel da Cachoeira (18 a 19\/08), na comunidade Maturac\u00e1; em Ararib\u00f3ia, no Maranh\u00e3o (8 a 10\/09), e Benjamim Constant (21 a 23\/09), no P\u00f3lo Base Filad\u00e9lfia, na Regi\u00e3o do Alto Solim\u00f5es, no Amazonas. O projeto \u00e9 financiado pelo Europian Civil Protection and Humanitarian Aid Operativos (ECHO) e visa o fortalecimento da resposta da pandemia em vigil\u00e2ncia, sa\u00fade mental e medicina tradicional com povos ind\u00edgenas de quatro Estados (Amazonas, Roraima, Par\u00e1 e Maranh\u00e3o).<\/p>\n<p style=\"text-align: justify;\">O projeto \u00e9 desenvolvido pelo Laborat\u00f3rio de Hist\u00f3ria, Pol\u00edticas P\u00fablicas e Sa\u00fade na Amaz\u00f4nia (LAHPSA), do ILMD \/ Fiocruz Amaz\u00f4nia e conta com a colabora\u00e7\u00e3o dos pesquisadores em Sa\u00fade P\u00fablica J\u00falio Schweickardt, Michele El Ladri, K\u00e1tia Lima, Fabiane Vinente e Alessandra Pereira.<\/p>\n<\/div><\/section>\n","protected":false},"excerpt":{"rendered":"<p>O workshop cumpre mais uma etapa da forma\u00e7\u00e3o do Projeto ECHO COVID, de Fortalecimento da Resposta ao Covid-19 na Regi\u00e3o Amaz\u00f4nica do Brasil. <\/p>\n","protected":false},"author":20,"featured_media":37644,"comment_status":"closed","ping_status":"closed","sticky":true,"template":"","format":"image","meta":{"footnotes":""},"categories":[15],"tags":[136,120,119,131,142,363],"class_list":["post-37643","post","type-post","status-publish","format-image","has-post-thumbnail","hentry","category-noticias","tag-fiocruz","tag-fiocruz-amazonia","tag-ilmd","tag-ilmdfiocruz-amazonia","tag-indigenas","tag-plantas-medicinais","post_format-post-format-image"],"_links":{"self":[{"href":"https:\/\/amazonia.fiocruz.br\/index.php?rest_route=\/wp\/v2\/posts\/37643","targetHints":{"allow":["GET"]}}],"collection":[{"href":"https:\/\/amazonia.fiocruz.br\/index.php?rest_route=\/wp\/v2\/posts"}],"about":[{"href":"https:\/\/amazonia.fiocruz.br\/index.php?rest_route=\/wp\/v2\/types\/post"}],"author":[{"embeddable":true,"href":"https:\/\/amazonia.fiocruz.br\/index.php?rest_route=\/wp\/v2\/users\/20"}],"replies":[{"embeddable":true,"href":"https:\/\/amazonia.fiocruz.br\/index.php?rest_route=%2Fwp%2Fv2%2Fcomments&post=37643"}],"version-history":[{"count":2,"href":"https:\/\/amazonia.fiocruz.br\/index.php?rest_route=\/wp\/v2\/posts\/37643\/revisions"}],"predecessor-version":[{"id":37648,"href":"https:\/\/amazonia.fiocruz.br\/index.php?rest_route=\/wp\/v2\/posts\/37643\/revisions\/37648"}],"wp:featuredmedia":[{"embeddable":true,"href":"https:\/\/amazonia.fiocruz.br\/index.php?rest_route=\/wp\/v2\/media\/37644"}],"wp:attachment":[{"href":"https:\/\/amazonia.fiocruz.br\/index.php?rest_route=%2Fwp%2Fv2%2Fmedia&parent=37643"}],"wp:term":[{"taxonomy":"category","embeddable":true,"href":"https:\/\/amazonia.fiocruz.br\/index.php?rest_route=%2Fwp%2Fv2%2Fcategories&post=37643"},{"taxonomy":"post_tag","embeddable":true,"href":"https:\/\/amazonia.fiocruz.br\/index.php?rest_route=%2Fwp%2Fv2%2Ftags&post=37643"}],"curies":[{"name":"wp","href":"https:\/\/api.w.org\/{rel}","templated":true}]}}