{"id":37630,"date":"2022-10-25T17:16:23","date_gmt":"2022-10-25T21:16:23","guid":{"rendered":"https:\/\/amazonia.fiocruz.br\/?p=37630"},"modified":"2022-10-27T11:05:09","modified_gmt":"2022-10-27T15:05:09","slug":"seminario-realizado-pela-fiocruz-amazonia-discute-estrategias-de-vigilancia-em-saude-indigena","status":"publish","type":"post","link":"https:\/\/amazonia.fiocruz.br\/?p=37630","title":{"rendered":"Semin\u00e1rio realizado pela Fiocruz Amaz\u00f4nia discute estrat\u00e9gias de vigil\u00e2ncia em sa\u00fade ind\u00edgena"},"content":{"rendered":"<section class=\"av_textblock_section \"  itemscope=\"itemscope\" itemtype=\"https:\/\/schema.org\/BlogPosting\" itemprop=\"blogPost\" ><div class='avia_textblock  '   itemprop=\"text\" ><p style=\"text-align: justify;\">Visando discutir estrat\u00e9gias de vigil\u00e2ncia em sa\u00fade ind\u00edgena nos contextos urbano e das aldeias na Amaz\u00f4nia, o Instituto Le\u00f4nidas &amp; Maria Deane (ILMD\/Fiocruz Amaz\u00f4nia) realizou nos dias 17 e 18\/10, o Semin\u00e1rio Inova Sa\u00fade Ind\u00edgena. O evento reuniu coordenadores de projetos, alunos de gradua\u00e7\u00e3o, p\u00f3s-gradua\u00e7\u00e3o, pesquisadores, lideran\u00e7as ind\u00edgenas, representantes de organismos n\u00e3o-governamentais e dos governos municipal, estadual e federal.<\/p>\n<p style=\"text-align: justify;\">Dividido em duas etapas, o encontro aconteceu na sede do ILMD, no primeiro dia, 17\/10, e no Parque das Tribos, no Tarum\u00e3 A\u00e7u, zona Oeste de Manaus, no dia seguinte, 18\/10. A iniciativa teve ainda a finalidade de promover o debate e o interc\u00e2mbio de experi\u00eancias entre projetos do Programa Fiocruz de Fomento \u00e0 Inova\u00e7\u00e3o, o Inova Fiocruz, voltados ao fortalecimento do atendimento \u00e0 sa\u00fade ind\u00edgena nas cidades e aldeias amaz\u00f4nicas. O semin\u00e1rio \u00e9 organizado pelo Laborat\u00f3rio de Hist\u00f3ria, Pol\u00edticas P\u00fablicas e Sa\u00fade na Amaz\u00f4nia (LAHPSA), com apoio do ILMD\/Fiocruz Amaz\u00f4nia, Programa Inova Fiocruz e Programa Nacional de Coopera\u00e7\u00e3o Acad\u00eamica na Amaz\u00f4nia (Procrad Amaz\u00f4nia).<\/p>\n<p><img decoding=\"async\" class=\"aligncenter size-gallery wp-image-37654\" src=\"https:\/\/amazonia.fiocruz.br\/wp-content\/uploads\/2022\/10\/b195cb93-d2d1-4719-903d-02f47326e292-845x684.jpg\" alt=\"\" width=\"845\" height=\"684\" srcset=\"https:\/\/amazonia.fiocruz.br\/wp-content\/uploads\/2022\/10\/b195cb93-d2d1-4719-903d-02f47326e292-845x684.jpg 845w, https:\/\/amazonia.fiocruz.br\/wp-content\/uploads\/2022\/10\/b195cb93-d2d1-4719-903d-02f47326e292-495x400.jpg 495w\" sizes=\"(max-width: 845px) 100vw, 845px\" \/><\/p>\n<p style=\"text-align: justify;\">Durante a abertura do evento, Adele Benzaken, diretora do ILMD, destacou o papel da Institui\u00e7\u00e3o na elabora\u00e7\u00e3o e desenvolvimento de a\u00e7\u00f5es de sa\u00fade voltadas aos povos origin\u00e1rios. \u201cDestaco que estamos na regi\u00e3o com a maior popula\u00e7\u00e3o ind\u00edgena do pa\u00eds e a Fiocruz Amaz\u00f4nia tem um papel decisivo, preponderante, na elabora\u00e7\u00e3o e execu\u00e7\u00e3o de pol\u00edticas p\u00fablicas voltadas \u00e0s popula\u00e7\u00f5es ind\u00edgenas brasileiras em especial as amaz\u00f4nicas, t\u00e3o vulnerabilizadas, sejam nas suas comunidades, sejam nos aglomerados urbanos. fa\u00e7o aqui a homenagem ao protagonismo de tantos pesquisadores, entre os quais me incluo, em realizar estudos voltados aos cuidados com a sa\u00fade ind\u00edgena sempre levando em conta a amplia\u00e7\u00e3o do protagonismo de popula\u00e7\u00f5es locais e ind\u00edgenas com potencial para acelerar as mudan\u00e7as necess\u00e1rias\u201d, explica.<\/p>\n<p><img decoding=\"async\" class=\"aligncenter size-gallery wp-image-37633\" src=\"https:\/\/amazonia.fiocruz.br\/wp-content\/uploads\/2022\/10\/5359e59d-1153-4941-b939-7627da519abb-845x684.jpg\" alt=\"\" width=\"845\" height=\"684\" srcset=\"https:\/\/amazonia.fiocruz.br\/wp-content\/uploads\/2022\/10\/5359e59d-1153-4941-b939-7627da519abb-845x684.jpg 845w, https:\/\/amazonia.fiocruz.br\/wp-content\/uploads\/2022\/10\/5359e59d-1153-4941-b939-7627da519abb-495x400.jpg 495w\" sizes=\"(max-width: 845px) 100vw, 845px\" \/><\/p>\n<p style=\"text-align: justify;\">Na programa\u00e7\u00e3o, composta por pain\u00e9is e mesas-redondas com temas variados, o p\u00fablico comtemplou o lan\u00e7amento dos v\u00eddeos \u201cProjeto Mana\u00f3s\u201d e \u201cFortalecendo o Controle Social Ind\u00edgena\u201d, resultado da implementa\u00e7\u00e3o dos dois projetos. Entre os pain\u00e9is apresentados, foram abordas as seguintes tem\u00e1ticas: \u201cRefer\u00eancia e contrarrefer\u00eancia de pacientes do Ambulat\u00f3rio de Sa\u00fade Ind\u00edgena do Hospital Universit\u00e1rio de Bras\u00edlia\u201d, \u201cIniciativas de Pesquisa e impactos na vida dos ind\u00edgenas na Amaz\u00f4nia\u201d. Os pesquisadores apresentaram ainda os resultados do Projetos Mana\u00f3s: Sa\u00fade Ind\u00edgena nas Cidades, Caminhos do Controle Social e a Sa\u00fade Ind\u00edgena e Inovando a Vigil\u00e2ncia de Envenenamento por Serpentes em Popula\u00e7\u00f5es Ind\u00edgenas.<\/p>\n<p style=\"text-align: justify;\">Segundo Rodrigo Tobias, Pesquisador da Fiocruz Amaz\u00f4nia, a a\u00e7\u00e3o \u00e9 uma oportunidade de unir as a\u00e7\u00f5es e mensurar resultados dos projetos desenvolvidos pela Fiocruz Amaz\u00f4nia em prol das popula\u00e7\u00f5es ind\u00edgenas aldeadas, ou que vivem nas cidades. \u201cO evento fala sobre projetos no campo do desenvolvimento do sistema \u00fanico de sa\u00fade a partir do subsistema de sa\u00fade ind\u00edgena, s\u00e3o projetos de pesquisa que possuem essa fun\u00e7\u00e3o de intervir a favor da sa\u00fade dos povos ind\u00edgenas, tanto nas aldeias quanto nas cidades. A realiza\u00e7\u00e3o desses projetos, comtemplam grandes impactos como o empoderamento e a autonomia dos ind\u00edgenas nas cidades. Foi criada uma associa\u00e7\u00e3o de moradores e ind\u00edgenas do Parque das Tribos, o maior bairro ind\u00edgena do Brasil\u201d, destaca.<\/p>\n<p><img decoding=\"async\" class=\"aligncenter size-gallery wp-image-37634\" src=\"https:\/\/amazonia.fiocruz.br\/wp-content\/uploads\/2022\/10\/7a8be74a-57ae-46af-bf36-937142746d84-845x684.jpg\" alt=\"\" width=\"845\" height=\"684\" srcset=\"https:\/\/amazonia.fiocruz.br\/wp-content\/uploads\/2022\/10\/7a8be74a-57ae-46af-bf36-937142746d84-845x684.jpg 845w, https:\/\/amazonia.fiocruz.br\/wp-content\/uploads\/2022\/10\/7a8be74a-57ae-46af-bf36-937142746d84-495x400.jpg 495w\" sizes=\"(max-width: 845px) 100vw, 845px\" \/><\/p>\n<p style=\"text-align: justify;\">O evento contou tamb\u00e9m com a roda-de-conversa \u201cDi\u00e1logos e Impress\u00f5es dos Projetos na Vis\u00e3o dos Ind\u00edgenas\u201d, com as lideran\u00e7as ind\u00edgenas Wanda Witoto, Marcivana Sater\u00e9 Maw\u00e9 (Coordena\u00e7\u00e3o dos Povos Ind\u00edgenas de Manaus e Entorno), Luiz Penha (coordenador de Sa\u00fade da Coordena\u00e7\u00e3o das Organiza\u00e7\u00f5es Ind\u00edgenas da Amaz\u00f4nia Brasileira (Coiab), Adelaide Mota Funda\u00e7\u00e3o Nacional do \u00cdndio (FUNAI) e GT Interdisciplinar Sa\u00fade Ind\u00edgena, Edgar Hamann \u2013 PPG Sa\u00fade Coletiva \u2013 UnB, Celso Cabral, do N\u00facleo de Promo\u00e7\u00e3o do Respeito \u00e0 Diversidade (NUPRED), da Secretaria Municipal de Sa\u00fade (Semsa-Manaus). O livro \u201cA Sa\u00fade Coletiva na Amaz\u00f4nia: redes de pesquisa, forma\u00e7\u00e3o e situa\u00e7\u00f5es de sa\u00fade e condi\u00e7\u00f5es de vida\u201d tamb\u00e9m foi lan\u00e7ado durante o semin\u00e1rio.<\/p>\n<p style=\"text-align: justify;\">Para a Coordenadora do Programa de P\u00f3s-Gradua\u00e7\u00e3o em Sa\u00fade Coletiva da Universidade de Bras\u00edlia (UnB), Ximena Pamela, o semin\u00e1rio foi uma importante ferramenta para agrupar conhecimentos e estreitar rela\u00e7\u00f5es entre os projetos de pesquisa desenvolvidos nas Institui\u00e7\u00f5es. \u201cEssa \u00e9 uma oportunidade muito importante para n\u00f3s. Esta triangula\u00e7\u00e3o de esfor\u00e7os, de projetos acad\u00eamicos, que fortalecem n\u00e3o s\u00f3 uma linha de pesquisa, mas tamb\u00e9m uma possibilidade de pensar nas coisas novas que podem sair desses esfor\u00e7os coletivos. Estamos cada vez mais convictos da import\u00e2ncia da articula\u00e7\u00e3o do melhor que as pessoas desenvolvem nas institui\u00e7\u00f5es, para fortalecer, ajudar ao cumprimento dos direitos humanos, do resguardo do meio ambiente e da aprendizagem m\u00fatua entre toda esta intelig\u00eancia coletiva que se re\u00fane aqui neste semin\u00e1rio\u201d, avalia.<\/p>\n<p><img decoding=\"async\" class=\"aligncenter size-gallery wp-image-37635\" src=\"https:\/\/amazonia.fiocruz.br\/wp-content\/uploads\/2022\/10\/a1a4caab-ed42-442c-a818-9b34210969b4-845x684.jpg\" alt=\"\" width=\"845\" height=\"684\" srcset=\"https:\/\/amazonia.fiocruz.br\/wp-content\/uploads\/2022\/10\/a1a4caab-ed42-442c-a818-9b34210969b4-845x684.jpg 845w, https:\/\/amazonia.fiocruz.br\/wp-content\/uploads\/2022\/10\/a1a4caab-ed42-442c-a818-9b34210969b4-495x400.jpg 495w\" sizes=\"(max-width: 845px) 100vw, 845px\" \/><\/p>\n<p style=\"text-align: justify;\">O segundo dia de evento, foi marcado por uma visita ao Parque das Tribos, onde a coordena\u00e7\u00e3o do evento realizou a oficina \u201cA Vida como ela \u00e9\u2026\u201d, com a participa\u00e7\u00e3o dos especialistas convidados, recebidos pela lideran\u00e7a ind\u00edgena Lutana Kokama, e a coordenadora de Sa\u00fade Ind\u00edgena da Semsa Manaus, Graciete Carvalho. Localizada no bairro Tarum\u00e3, Zona Oeste de Manaus, residem na comunidade Parque das Tribos, aproximadamente 2.800 ind\u00edgenas de diversas etnias. A ocupa\u00e7\u00e3o da comunidade foi planejada desde 2012, ocorrendo em 2013, tendo, aproximadamente, 35 etnias.<\/p>\n<p><img decoding=\"async\" class=\"aligncenter size-gallery wp-image-37636\" src=\"https:\/\/amazonia.fiocruz.br\/wp-content\/uploads\/2022\/10\/IMG_0889-845x684.jpg\" alt=\"\" width=\"845\" height=\"684\" srcset=\"https:\/\/amazonia.fiocruz.br\/wp-content\/uploads\/2022\/10\/IMG_0889-845x684.jpg 845w, https:\/\/amazonia.fiocruz.br\/wp-content\/uploads\/2022\/10\/IMG_0889-495x400.jpg 495w\" sizes=\"(max-width: 845px) 100vw, 845px\" \/><\/p>\n<p style=\"text-align: justify;\"><strong>INTEGRA\u00c7\u00c3O<\/strong><\/p>\n<p style=\"text-align: justify;\">Batizado popularmente como \u201cProjeto Mana\u00f3s\u201d, a a\u00e7\u00e3o conta com financiamento do Fundo de Inova\u00e7\u00e3o da institui\u00e7\u00e3o e do Minist\u00e9rio da Sa\u00fade, por meio da Secretaria de Ci\u00eancia, Tecnologia e Insumos Estrat\u00e9gicos (SCTIE). O Projeto foi articulado como uma a\u00e7\u00e3o colaborativa entre diversos atores envolvidos no campo da sa\u00fade ind\u00edgena, em contexto urbano.<\/p>\n<p><img decoding=\"async\" class=\"aligncenter size-gallery wp-image-37637\" src=\"https:\/\/amazonia.fiocruz.br\/wp-content\/uploads\/2022\/10\/IMG_0878-845x684.jpg\" alt=\"\" width=\"845\" height=\"684\" srcset=\"https:\/\/amazonia.fiocruz.br\/wp-content\/uploads\/2022\/10\/IMG_0878-845x684.jpg 845w, https:\/\/amazonia.fiocruz.br\/wp-content\/uploads\/2022\/10\/IMG_0878-495x400.jpg 495w\" sizes=\"(max-width: 845px) 100vw, 845px\" \/><\/p>\n<p style=\"text-align: justify;\">A iniciativa teve como parceiros e participantes ativos na constru\u00e7\u00e3o e execu\u00e7\u00e3o das atividades do projeto, ind\u00edgenas, profissionais de sa\u00fade, gestores da sa\u00fade, educadores, e institui\u00e7\u00f5es como a Secretaria Estadual de Sa\u00fade do Amazonas (SES-AM), Secretaria Municipal de Sa\u00fade de Manaus (SEMSA Manaus), Universidade Federal do Amazonas (UFAM), Secretaria Municipal de Assist\u00eancia Social e Cidadania (SEMASC), Coordena\u00e7\u00e3o dos Povos Ind\u00edgenas de Manaus e Entorno (COPIME), Coordena\u00e7\u00e3o das Organiza\u00e7\u00f5es Ind\u00edgenas da Amaz\u00f4nia Brasileira (COIAB), Centro de Medicina Ind\u00edgena da Amaz\u00f4nia, Grupo de Trabalho Intersetorial de Sa\u00fade Ind\u00edgena da Regi\u00e3o de Manaus e Entorno (GTI), e Funda\u00e7\u00e3o Nacional do \u00cdndio \u2013 Coordena\u00e7\u00e3o Manaus e Entorno (FUNAI).<\/p>\n<\/div><\/section>\n","protected":false},"excerpt":{"rendered":"<p>A a\u00e7\u00e3o \u00e9 uma oportunidade de unir as a\u00e7\u00f5es e mensurar resultados dos projetos desenvolvidos pela Fiocruz Amaz\u00f4nia em prol das popula\u00e7\u00f5es ind\u00edgenas <\/p>\n","protected":false},"author":20,"featured_media":37631,"comment_status":"closed","ping_status":"closed","sticky":true,"template":"","format":"image","meta":{"footnotes":""},"categories":[15],"tags":[136,120,119,131],"class_list":["post-37630","post","type-post","status-publish","format-image","has-post-thumbnail","hentry","category-noticias","tag-fiocruz","tag-fiocruz-amazonia","tag-ilmd","tag-ilmdfiocruz-amazonia","post_format-post-format-image"],"_links":{"self":[{"href":"https:\/\/amazonia.fiocruz.br\/index.php?rest_route=\/wp\/v2\/posts\/37630","targetHints":{"allow":["GET"]}}],"collection":[{"href":"https:\/\/amazonia.fiocruz.br\/index.php?rest_route=\/wp\/v2\/posts"}],"about":[{"href":"https:\/\/amazonia.fiocruz.br\/index.php?rest_route=\/wp\/v2\/types\/post"}],"author":[{"embeddable":true,"href":"https:\/\/amazonia.fiocruz.br\/index.php?rest_route=\/wp\/v2\/users\/20"}],"replies":[{"embeddable":true,"href":"https:\/\/amazonia.fiocruz.br\/index.php?rest_route=%2Fwp%2Fv2%2Fcomments&post=37630"}],"version-history":[{"count":3,"href":"https:\/\/amazonia.fiocruz.br\/index.php?rest_route=\/wp\/v2\/posts\/37630\/revisions"}],"predecessor-version":[{"id":37655,"href":"https:\/\/amazonia.fiocruz.br\/index.php?rest_route=\/wp\/v2\/posts\/37630\/revisions\/37655"}],"wp:featuredmedia":[{"embeddable":true,"href":"https:\/\/amazonia.fiocruz.br\/index.php?rest_route=\/wp\/v2\/media\/37631"}],"wp:attachment":[{"href":"https:\/\/amazonia.fiocruz.br\/index.php?rest_route=%2Fwp%2Fv2%2Fmedia&parent=37630"}],"wp:term":[{"taxonomy":"category","embeddable":true,"href":"https:\/\/amazonia.fiocruz.br\/index.php?rest_route=%2Fwp%2Fv2%2Fcategories&post=37630"},{"taxonomy":"post_tag","embeddable":true,"href":"https:\/\/amazonia.fiocruz.br\/index.php?rest_route=%2Fwp%2Fv2%2Ftags&post=37630"}],"curies":[{"name":"wp","href":"https:\/\/api.w.org\/{rel}","templated":true}]}}