{"id":37619,"date":"2022-10-25T16:32:22","date_gmt":"2022-10-25T20:32:22","guid":{"rendered":"https:\/\/amazonia.fiocruz.br\/?p=37619"},"modified":"2022-10-25T16:32:23","modified_gmt":"2022-10-25T20:32:23","slug":"fiocruz-amazonia-leva-universo-da-ciencia-para-mais-de-12-mil-criancas-e-jovens-da-rede-estadual-de-ensino","status":"publish","type":"post","link":"https:\/\/amazonia.fiocruz.br\/?p=37619","title":{"rendered":"Fiocruz Amaz\u00f4nia leva universo da ci\u00eancia para mais de 1,2 mil crian\u00e7as e jovens da rede estadual de ensino"},"content":{"rendered":"<section class=\"av_textblock_section \"  itemscope=\"itemscope\" itemtype=\"https:\/\/schema.org\/BlogPosting\" itemprop=\"blogPost\" ><div class='avia_textblock  '   itemprop=\"text\" ><p style=\"text-align: justify;\">Mais de 1,2 mil estudantes da rede estadual de ensino puderam ter um contato mais pr\u00f3ximo com o universo da ci\u00eancia, participando ao longo de tr\u00eas dias (18 a 20\/10), das atividades da Semana Nacional de Ci\u00eancia e Tecnologia (SNCT\/2022), promovida pelo Instituto Le\u00f4nidas &amp; Maria Deane (ILMD\/Fiocruz Amaz\u00f4nia). Com o tema Ci\u00eanciaPop: Fiocruz Amaz\u00f4nia vai \u00e0 Escola, o evento contou com exposi\u00e7\u00f5es, apresenta\u00e7\u00e3o de teatro, v\u00eddeos, oficina de podcast para divulga\u00e7\u00e3o cient\u00edfica, jogos, rodas de conversa e a novidade do espa\u00e7o instagram\u00e1vel, com t\u00f3tens em homenagem aos cientistas Le\u00f4nidas e Maria Deane. Divididos por turmas, os alunos puderam participar das diversas atividades, sempre com a orienta\u00e7\u00e3o de pesquisadores, bolsistas e alunos de programas de p\u00f3s-gradua\u00e7\u00e3o da Fiocruz Amaz\u00f4nia, que foram at\u00e9 as unidades escolares. No \u00faltimo dia da programa\u00e7\u00e3o,\u00a0nesta quinta-feira, 20\/10, as atividades ocorreram na sede do ILMD\/Fiocruz Amaz\u00f4nia, com o projeto Ci\u00eancias de Portas Abertas.<\/p>\n<p><img decoding=\"async\" class=\"aligncenter size-gallery wp-image-37623\" src=\"https:\/\/amazonia.fiocruz.br\/wp-content\/uploads\/2022\/10\/Fiocruz-Amazonia-na-SNCT-2022_Foto-Ingrid-Anne_19.10.22-22-845x684.jpg\" alt=\"\" width=\"845\" height=\"684\" srcset=\"https:\/\/amazonia.fiocruz.br\/wp-content\/uploads\/2022\/10\/Fiocruz-Amazonia-na-SNCT-2022_Foto-Ingrid-Anne_19.10.22-22-845x684.jpg 845w, https:\/\/amazonia.fiocruz.br\/wp-content\/uploads\/2022\/10\/Fiocruz-Amazonia-na-SNCT-2022_Foto-Ingrid-Anne_19.10.22-22-495x400.jpg 495w\" sizes=\"(max-width: 845px) 100vw, 845px\" \/><\/p>\n<p style=\"text-align: justify;\">As unidades de ensino contempladas foram a Escola de Tempo Integral Djalma Batista, no Japiim, e a Escola Estadual Angelo Ramazotti, no Adrian\u00f3polis. \u201cNosso objetivo foi o de promover a integra\u00e7\u00e3o entre a comunidade escolar e a Fiocruz Amaz\u00f4nia, mostrando como o fazer ci\u00eancia pode estar t\u00e3o pr\u00f3ximo das nossas vidas, que muitas das vezes nem percebemos\u201d, explica a vice-diretora de Pesquisa do ILMD\/Fiocruz Amaz\u00f4nia, Stefanie Lopes. Ela destaca que al\u00e9m de marcar o retorno das atividades presenciais da SNCT, suspensas nos \u00faltimos dois anos em virtude da pandemia, o Ci\u00eanciaPop teve a preocupa\u00e7\u00e3o de estabelecer uma sintonia com a realidade l\u00fadica e conectada dos jovens, associando trabalho cient\u00edfico \u00e0 linguagem figurada, e muitas vezes divertida, das redes sociais e do teatro.<\/p>\n<p><img decoding=\"async\" class=\"aligncenter size-gallery wp-image-37624\" src=\"https:\/\/amazonia.fiocruz.br\/wp-content\/uploads\/2022\/10\/Fiocruz-Amazonia-na-SNCT-2022_Foto-Ingrid-Anne_19.10.22-12-1-845x684.jpg\" alt=\"\" width=\"845\" height=\"684\" srcset=\"https:\/\/amazonia.fiocruz.br\/wp-content\/uploads\/2022\/10\/Fiocruz-Amazonia-na-SNCT-2022_Foto-Ingrid-Anne_19.10.22-12-1-845x684.jpg 845w, https:\/\/amazonia.fiocruz.br\/wp-content\/uploads\/2022\/10\/Fiocruz-Amazonia-na-SNCT-2022_Foto-Ingrid-Anne_19.10.22-12-1-495x400.jpg 495w\" sizes=\"(max-width: 845px) 100vw, 845px\" \/><\/p>\n<p style=\"text-align: justify;\">Ronilson Batista Miguel, 18, aluno do terceiro ano do Ensino M\u00e9dio do Angelo Ramazotti, explica que, al\u00e9m de inclusivo, o evento na escola conseguiu agregar conhecimento. \u201cNo nosso caso, que j\u00e1 estamos concluindo o Ensino M\u00e9dio e partindo para universidade, \u00e9 importante termos acesso a informa\u00e7\u00f5es que nos orientem na hora de escolher nossa carreira\u201d, afirmou ele, que pretende ingressar numa universidade p\u00fablica em um curso na \u00e1rea de sa\u00fade. \u201cQuanto mais informa\u00e7\u00f5es e experiencias no campo t\u00e9cnico e cient\u00edfico n\u00f3s tivermos, melhor\u201d, admitiu.<\/p>\n<p><img decoding=\"async\" class=\"aligncenter size-gallery wp-image-37625\" src=\"https:\/\/amazonia.fiocruz.br\/wp-content\/uploads\/2022\/10\/Fiocruz-Amazonia-na-SNCT-2022_Foto-Ingrid-Anne_19.10.22-1-845x684.jpg\" alt=\"\" width=\"845\" height=\"684\" srcset=\"https:\/\/amazonia.fiocruz.br\/wp-content\/uploads\/2022\/10\/Fiocruz-Amazonia-na-SNCT-2022_Foto-Ingrid-Anne_19.10.22-1-845x684.jpg 845w, https:\/\/amazonia.fiocruz.br\/wp-content\/uploads\/2022\/10\/Fiocruz-Amazonia-na-SNCT-2022_Foto-Ingrid-Anne_19.10.22-1-495x400.jpg 495w\" sizes=\"(max-width: 845px) 100vw, 845px\" \/><\/p>\n<p style=\"text-align: justify;\">O tamb\u00e9m aluno do terceiro ano do Angelo Ramazotti, Guilherme Costa da Silva, 17, conta que desde pequeno alimenta o sonho de poder ajudar na evolu\u00e7\u00e3o da Ci\u00eancia. \u201cEssa oportunidade da Fiocruz Amaz\u00f4nia na escola traz conhecimento amplo para v\u00e1rias pessoas que \u00e0s vezes n\u00e3o t\u00eam conhecimentos b\u00e1sicos sobre coisas simples, como por exemplo, como o mosquito da mal\u00e1ria transmite a doen\u00e7a. Desde pequeno sempre quis fazer algo para a Ci\u00eancia evoluir com minha ajuda e hoje eu vi que isso \u00e9 poss\u00edvel\u201d, atestou.<\/p>\n<p><img decoding=\"async\" class=\"aligncenter size-gallery wp-image-37626\" src=\"https:\/\/amazonia.fiocruz.br\/wp-content\/uploads\/2022\/10\/SNCT-na-escola-Angelo-Ramazzotti_Foto-Ingrid-Anne_19.10.22-14-845x684.jpg\" alt=\"\" width=\"845\" height=\"684\" srcset=\"https:\/\/amazonia.fiocruz.br\/wp-content\/uploads\/2022\/10\/SNCT-na-escola-Angelo-Ramazzotti_Foto-Ingrid-Anne_19.10.22-14-845x684.jpg 845w, https:\/\/amazonia.fiocruz.br\/wp-content\/uploads\/2022\/10\/SNCT-na-escola-Angelo-Ramazzotti_Foto-Ingrid-Anne_19.10.22-14-495x400.jpg 495w\" sizes=\"(max-width: 845px) 100vw, 845px\" \/><\/p>\n<p style=\"text-align: justify;\">Um dos pontos altos da programa\u00e7\u00e3o foi a encena\u00e7\u00e3o teatral do casal Le\u00f4nidas e Maria Deane, interpretados pelos atores Ramon Lima e Isabela Lillo, do grupo teatral Vit\u00f3ria R\u00e9gia. Com linguagem simples e acess\u00edvel, os atores contaram um pouco da hist\u00f3ria de vida dos dois cientistas, que se conheceram na universidade e dedicaram a vida ao estudo de doen\u00e7as que acometiam grande parte da popula\u00e7\u00e3o brasileira. Outro destaque foi a presen\u00e7a do Oswaldinho, mascote da Fiocruz Amaz\u00f4nia, interpretado por Gabriel Mota.<\/p>\n<p style=\"text-align: justify;\">Atenta \u00e0s informa\u00e7\u00f5es repassadas pelos atores, Ana Elisa Ara\u00fajo, 11, aluna da sexta s\u00e9rie da Escola Djalma Batista, disse ter conseguido aprender, com a din\u00e2mica, que a Ci\u00eancia muda vidas e ajuda muita gente. \u201cCom o impacto que teve a morte da irm\u00e3, por conta de uma doen\u00e7a da \u00e9poca, Maria Deane decidiu mudar o rumo de sua vida. Muito legal ficar sabendo dessas informa\u00e7\u00f5es \u00e0 medida que vamos ouvindo e participando das atividades, como os jogos e as exposi\u00e7\u00f5es\u201d, afirmou.<\/p>\n<p><img decoding=\"async\" class=\"aligncenter size-gallery wp-image-37627\" src=\"https:\/\/amazonia.fiocruz.br\/wp-content\/uploads\/2022\/10\/Fiocruz-Amazonia-na-SNCT_Foto-Ingid-Anne_Fiocruz-Amazonia-11-845x684.jpg\" alt=\"\" width=\"845\" height=\"684\" srcset=\"https:\/\/amazonia.fiocruz.br\/wp-content\/uploads\/2022\/10\/Fiocruz-Amazonia-na-SNCT_Foto-Ingid-Anne_Fiocruz-Amazonia-11-845x684.jpg 845w, https:\/\/amazonia.fiocruz.br\/wp-content\/uploads\/2022\/10\/Fiocruz-Amazonia-na-SNCT_Foto-Ingid-Anne_Fiocruz-Amazonia-11-495x400.jpg 495w\" sizes=\"(max-width: 845px) 100vw, 845px\" \/><\/p>\n<p style=\"text-align: justify;\"><strong>EXPOSI\u00c7\u00d5ES<\/strong><\/p>\n<p style=\"text-align: justify;\">Tr\u00eas mostras foram programadas para a SNCT 2022, dentro da exposi\u00e7\u00e3o denominada \u201cAqui tem Ci\u00eancia, aqui tem Fiocruz\u201d. Foram elas: \u201cMetamorfose dos Insetos\u201d, sobre o ciclo de vida do maruim; \u201cMal\u00e1ria, o Caminho da Gota Espessa\u201d, mostrando o m\u00e9todo mais simples de detec\u00e7\u00e3o da doen\u00e7a, e \u201cVida Invis\u00edvel: conhecendo os microrganismos\u201d, focando nas doen\u00e7as parasit\u00e1rias e seus agentes causadores.<\/p>\n<p style=\"text-align: justify;\">Os alunos puderam conhecer, por exemplo, as caracter\u00edsticas morfol\u00f3gicas das bact\u00e9rias da cole\u00e7\u00e3o de bact\u00e9rias da Amaz\u00f4nia, bem como sua import\u00e2ncia na \u00e1rea da sa\u00fade, no ambiente e na economia atrav\u00e9s de placas de culturas e antibiogramas, l\u00e2minas, fotos e banner. Os fungos tamb\u00e9m marcaram presen\u00e7a. Conhecidos como bolores, s\u00e3o organismos que vivem em quase todos os ambientes, tendo import\u00e2ncia n\u00e3o somente devido ao seu papel vital no ecossistema, mas tamb\u00e9m por causa da sua influ\u00eancia sobre os humanos e determinadas atividades.<\/p>\n<p style=\"text-align: justify;\">Os estudantes conferiram tamb\u00e9m o ciclo de vida de esp\u00e9cies de mosquitos e doen\u00e7as causadas por cada esp\u00e9cie. O g\u00eanero Anopheles compreende pequenos insetos pertencentes \u00e0 fam\u00edlia Culicidae, e apresentam colora\u00e7\u00e3o escura com manchas brancas e asas longas.\u00a0 As esp\u00e9cies pertencentes a esse g\u00eanero podem ser encontradas em todo o mundo em \u00e1reas temperadas, subtropicais e tropicais, e apresentam um ciclo de vida subdividido em est\u00e1gios de desenvolvimento.<\/p>\n<p style=\"text-align: justify;\">Os flebotom\u00edneos s\u00e3o insetos conhecidos em nosso pa\u00eds por mosquito palha, tatuquira, cangalhinha e birigui. S\u00e3o insetos pequenos, da fam\u00edlia Psychodidae, e apresentam um ciclo de vida que passa por est\u00e1gios de desenvolvimento (holomet\u00e1bolos) entre ovo, larva, pupa, at\u00e9 a transforma\u00e7\u00e3o em indiv\u00edduos adultos e alados. Foram repassadas tamb\u00e9m informa\u00e7\u00f5es sobre as doen\u00e7as parasit\u00e1rias e expostos os materiais de trabalho utilizados para encontrar esses parasitas nas amostras, visando passar um melhor entendimento sobre as formas evolutivas de alguns organismos estudadas em laborat\u00f3rio.<\/p>\n<p><img decoding=\"async\" class=\"aligncenter size-gallery wp-image-37628\" src=\"https:\/\/amazonia.fiocruz.br\/wp-content\/uploads\/2022\/10\/Fiocruz-Amazonia-na-SNCT-2022_Foto-Ingrid-Anne_19.10.22-2-1-845x684.jpg\" alt=\"\" width=\"845\" height=\"684\" srcset=\"https:\/\/amazonia.fiocruz.br\/wp-content\/uploads\/2022\/10\/Fiocruz-Amazonia-na-SNCT-2022_Foto-Ingrid-Anne_19.10.22-2-1-845x684.jpg 845w, https:\/\/amazonia.fiocruz.br\/wp-content\/uploads\/2022\/10\/Fiocruz-Amazonia-na-SNCT-2022_Foto-Ingrid-Anne_19.10.22-2-1-495x400.jpg 495w\" sizes=\"(max-width: 845px) 100vw, 845px\" \/><\/p>\n<p style=\"text-align: justify;\">As rodas de conversa tamb\u00e9m foram bastante disputadas. Trataram sobre os temas &#8220;O que precisamos saber sobre vacina&#8221;, &#8220;Amaz\u00f4nia: lugar de meninas e mulheres na Ci\u00eancia&#8221; e &#8220;Voc\u00ea conhece a Esporotricose&#8221;, tendo como moderadores os pesquisadores da Fiocruz Amaz\u00f4nia Pritesh Lawani, Stefanie Lopes e Ani Beatriz Matsuura.<\/p>\n<p style=\"text-align: justify;\">A diretora do ILMD\/Fiocruz Amaz\u00f4nia, Adele Benzaken, ressaltou a import\u00e2ncia das atividades da SNCT como forma de est\u00edmulo para as crian\u00e7as e jovens pela Ci\u00eancia. Ela refor\u00e7ou a tese de que \u00e9 possivel alcan\u00e7ar a meta de se tornar um cientista sendo aluno de escola p\u00fablica. &#8220;Cito o meu exemplo. Desde a inf\u00e2ncia at\u00e9 a universidade,\u00a0 depois Resid\u00eancia M\u00e9dica e Doutorado, cursei em escolas p\u00fablicas e quero deixar aqui essa mensagem para todos voc\u00eas, que \u00e9 poss\u00edvel sim&#8221;, afirmou.<\/p>\n<\/div><\/section>\n","protected":false},"excerpt":{"rendered":"<p>Evento contou com exposi\u00e7\u00f5es, apresenta\u00e7\u00e3o de teatro, v\u00eddeos, oficina de podcast para divulga\u00e7\u00e3o cient\u00edfica, jogos, rodas de conversa. <\/p>\n","protected":false},"author":20,"featured_media":37620,"comment_status":"closed","ping_status":"closed","sticky":true,"template":"","format":"image","meta":{"footnotes":""},"categories":[15],"tags":[136,120,119,131,437],"class_list":["post-37619","post","type-post","status-publish","format-image","has-post-thumbnail","hentry","category-noticias","tag-fiocruz","tag-fiocruz-amazonia","tag-ilmd","tag-ilmdfiocruz-amazonia","tag-snct","post_format-post-format-image"],"_links":{"self":[{"href":"https:\/\/amazonia.fiocruz.br\/index.php?rest_route=\/wp\/v2\/posts\/37619","targetHints":{"allow":["GET"]}}],"collection":[{"href":"https:\/\/amazonia.fiocruz.br\/index.php?rest_route=\/wp\/v2\/posts"}],"about":[{"href":"https:\/\/amazonia.fiocruz.br\/index.php?rest_route=\/wp\/v2\/types\/post"}],"author":[{"embeddable":true,"href":"https:\/\/amazonia.fiocruz.br\/index.php?rest_route=\/wp\/v2\/users\/20"}],"replies":[{"embeddable":true,"href":"https:\/\/amazonia.fiocruz.br\/index.php?rest_route=%2Fwp%2Fv2%2Fcomments&post=37619"}],"version-history":[{"count":1,"href":"https:\/\/amazonia.fiocruz.br\/index.php?rest_route=\/wp\/v2\/posts\/37619\/revisions"}],"predecessor-version":[{"id":37629,"href":"https:\/\/amazonia.fiocruz.br\/index.php?rest_route=\/wp\/v2\/posts\/37619\/revisions\/37629"}],"wp:featuredmedia":[{"embeddable":true,"href":"https:\/\/amazonia.fiocruz.br\/index.php?rest_route=\/wp\/v2\/media\/37620"}],"wp:attachment":[{"href":"https:\/\/amazonia.fiocruz.br\/index.php?rest_route=%2Fwp%2Fv2%2Fmedia&parent=37619"}],"wp:term":[{"taxonomy":"category","embeddable":true,"href":"https:\/\/amazonia.fiocruz.br\/index.php?rest_route=%2Fwp%2Fv2%2Fcategories&post=37619"},{"taxonomy":"post_tag","embeddable":true,"href":"https:\/\/amazonia.fiocruz.br\/index.php?rest_route=%2Fwp%2Fv2%2Ftags&post=37619"}],"curies":[{"name":"wp","href":"https:\/\/api.w.org\/{rel}","templated":true}]}}