{"id":37593,"date":"2022-10-18T14:18:16","date_gmt":"2022-10-18T18:18:16","guid":{"rendered":"https:\/\/amazonia.fiocruz.br\/?p=37593"},"modified":"2022-10-18T14:18:17","modified_gmt":"2022-10-18T18:18:17","slug":"fiocruz-lanca-chamada-para-pesquisador-visitante-senior","status":"publish","type":"post","link":"https:\/\/amazonia.fiocruz.br\/?p=37593","title":{"rendered":"Fiocruz lan\u00e7a chamada para Pesquisador Visitante S\u00eanior"},"content":{"rendered":"<section class=\"av_textblock_section \"  itemscope=\"itemscope\" itemtype=\"https:\/\/schema.org\/BlogPosting\" itemprop=\"blogPost\" ><div class='avia_textblock  '   itemprop=\"text\" ><p style=\"text-align: justify;\">A Presid\u00eancia da Fiocruz lan\u00e7a hoje uma chamada para sele\u00e7\u00e3o de Pesquisador Visitante Senior (PVS). Ao todo, ser\u00e3o selecionados at\u00e9 cinco aux\u00edlios a serem concedidos para professores\/pesquisadores visitantes seniores com reconhecida compet\u00eancia profissional, que dever\u00e3o apresentar Plano de Atividades para contribuir na estrutura\u00e7\u00e3o e fortalecimento de programas de P\u00f3s-Gradua\u00e7\u00e3o das seguintes unidades ou Escrit\u00f3rios da Fiocruz: Amaz\u00f4nia, Rond\u00f4nia, Mato Grosso do Sul, Cear\u00e1 e Piau\u00ed. Propostas podem ser enviadas at\u00e9 25 de novembro.<\/p>\n<p style=\"text-align: justify;\"><a href=\"https:\/\/campusvirtual.fiocruz.br\/portal\/?q=content\/66267\">Acesse aqui a chamada<\/a><\/p>\n<p style=\"text-align: justify;\">A chamada busca reduzir as desigualdades regionais e fortalecer a integra\u00e7\u00e3o do sistema de ensino, pesquisa e inova\u00e7\u00e3o nacional da Fiocruz. Seu objetivo \u00e9 selecionar pesquisadores visitantes seniores com vistas \u00e0 ampliar e dar densidade \u00e0s atividades de pesquisa e desenvolvimento tecnol\u00f3gico relacionadas \u00e0 miss\u00e3o institucional, articulada com o ensino para unidades e escrit\u00f3rios da Fiocruz implantados mais recentemente ou em \u00e1reas com menor densidade de cursos de p\u00f3s-gradua\u00e7\u00e3o Stricto sensu.<\/p>\n<p style=\"text-align: justify;\">A implementa\u00e7\u00e3o do Plano de Atividades visa tamb\u00e9m apoiar iniciativas de capta\u00e7\u00e3o externa de recursos, auxiliar a estrutura\u00e7\u00e3o e fortalecimento de programas de p\u00f3s-gradua\u00e7\u00e3o nos referidos locais e a orienta\u00e7\u00e3o de alunos de mestrado e doutorado.<\/p>\n<p style=\"text-align: justify;\">A chamada \u00e9 voltada a professores\/pesquisadores de elevada qualifica\u00e7\u00e3o acad\u00eamica, preferencialmente internos \u00e0 Fiocruz, em atividade ou aposentados. Al\u00e9m da forma\u00e7\u00e3o, os candidatos dever\u00e3o ter reconhecida compet\u00eancia profissional para atuar na investiga\u00e7\u00e3o cient\u00edfica ou tecnol\u00f3gica na Fiocruz.<\/p>\n<p style=\"text-align: justify;\">As atividades do PVS ter\u00e3o dura\u00e7\u00e3o de 12 meses e devem ser iniciadas entre mar\u00e7o e abril de 2023. Ser\u00e1 poss\u00edvel solicitar, no m\u00e1ximo, uma prorroga\u00e7\u00e3o por mais um ano. A previs\u00e3o \u00e9 que a divulga\u00e7\u00e3o do resultado final (p\u00f3s-recurso) seja feita em 17 de janeiro de 2023.<\/p>\n<h6 style=\"text-align: justify;\"><em><strong>Por Isabela Schincariol<\/strong><\/em><\/h6>\n<\/div><\/section>\n","protected":false},"excerpt":{"rendered":"<p>A chamada \u00e9 voltada a professores\/pesquisadores de elevada qualifica\u00e7\u00e3o acad\u00eamica, preferencialmente internos \u00e0 Fiocruz, em atividade ou aposentados. <\/p>\n","protected":false},"author":20,"featured_media":37594,"comment_status":"closed","ping_status":"closed","sticky":true,"template":"","format":"image","meta":{"footnotes":""},"categories":[15],"tags":[136,120,119,131,153],"class_list":["post-37593","post","type-post","status-publish","format-image","has-post-thumbnail","hentry","category-noticias","tag-fiocruz","tag-fiocruz-amazonia","tag-ilmd","tag-ilmdfiocruz-amazonia","tag-pesquisador","post_format-post-format-image"],"_links":{"self":[{"href":"https:\/\/amazonia.fiocruz.br\/index.php?rest_route=\/wp\/v2\/posts\/37593","targetHints":{"allow":["GET"]}}],"collection":[{"href":"https:\/\/amazonia.fiocruz.br\/index.php?rest_route=\/wp\/v2\/posts"}],"about":[{"href":"https:\/\/amazonia.fiocruz.br\/index.php?rest_route=\/wp\/v2\/types\/post"}],"author":[{"embeddable":true,"href":"https:\/\/amazonia.fiocruz.br\/index.php?rest_route=\/wp\/v2\/users\/20"}],"replies":[{"embeddable":true,"href":"https:\/\/amazonia.fiocruz.br\/index.php?rest_route=%2Fwp%2Fv2%2Fcomments&post=37593"}],"version-history":[{"count":1,"href":"https:\/\/amazonia.fiocruz.br\/index.php?rest_route=\/wp\/v2\/posts\/37593\/revisions"}],"predecessor-version":[{"id":37595,"href":"https:\/\/amazonia.fiocruz.br\/index.php?rest_route=\/wp\/v2\/posts\/37593\/revisions\/37595"}],"wp:featuredmedia":[{"embeddable":true,"href":"https:\/\/amazonia.fiocruz.br\/index.php?rest_route=\/wp\/v2\/media\/37594"}],"wp:attachment":[{"href":"https:\/\/amazonia.fiocruz.br\/index.php?rest_route=%2Fwp%2Fv2%2Fmedia&parent=37593"}],"wp:term":[{"taxonomy":"category","embeddable":true,"href":"https:\/\/amazonia.fiocruz.br\/index.php?rest_route=%2Fwp%2Fv2%2Fcategories&post=37593"},{"taxonomy":"post_tag","embeddable":true,"href":"https:\/\/amazonia.fiocruz.br\/index.php?rest_route=%2Fwp%2Fv2%2Ftags&post=37593"}],"curies":[{"name":"wp","href":"https:\/\/api.w.org\/{rel}","templated":true}]}}