{"id":37527,"date":"2022-10-11T16:35:28","date_gmt":"2022-10-11T20:35:28","guid":{"rendered":"https:\/\/amazonia.fiocruz.br\/?p=37527"},"modified":"2022-10-11T16:35:29","modified_gmt":"2022-10-11T20:35:29","slug":"estudo-cientifico-sobre-envenenamentos-ofidicos-sera-apresentado-no-centro-de-estudos-da-fiocruz-amazonia","status":"publish","type":"post","link":"https:\/\/amazonia.fiocruz.br\/?p=37527","title":{"rendered":"Estudo cient\u00edfico sobre envenenamentos of\u00eddicos ser\u00e1 apresentado no Centro de Estudos da Fiocruz Amaz\u00f4nia"},"content":{"rendered":"<section class=\"av_textblock_section \"  itemscope=\"itemscope\" itemtype=\"https:\/\/schema.org\/BlogPosting\" itemprop=\"blogPost\" ><div class='avia_textblock  '   itemprop=\"text\" ><p style=\"text-align: justify;\">O Centro de Estudos do Instituto Le\u00f4nidas &amp; Maria Deane (ILMD\/Fiocruz Amaz\u00f4nia), apresenta na pr\u00f3xima sexta-feira, 14\/10, \u00e0s 10h (hor\u00e1rio\/Manaus), a palestra: \u201c: Pesquisa qualitativa: um olhar diferenciado nos envenenamentos of\u00eddicos\u201d, a ser ministrada por Felipe Le\u00e3o Gomes Murta, pesquisador colaborador da Funda\u00e7\u00e3o de Medicina Tropical Dr. Heitor Vieira Dourado e l\u00edder do grupo Laborat\u00f3rio Interdisciplinar de Pesquisas Sociais e Qualitativas (LIPeSQ)<\/p>\n<p style=\"text-align: justify;\">A pesquisa qualitativa que ser\u00e1 apresentada, visa entender como as pessoas lidam com seus desafios cotidianos, como percebem uma situa\u00e7\u00e3o de sa\u00fade e como reagem a ela. Segundo o pesquisador, estudos de comportamento que n\u00e3o levam em considera\u00e7\u00e3o a abordagem qualitativa s\u00e3o insuficientes para representar as caracter\u00edsticas subjetivas do pensamento humano. \u201cNessa apresenta\u00e7\u00e3o abordarei algumas pesquisas qualitativas em sa\u00fade com um olhar especial para os acidentes of\u00eddicos na Amaz\u00f4nia brasileira, uma vez que, alguns determinantes culturais influenciam diretamente na conduta terap\u00eautica de profissionais de sa\u00fade e de pacientes e interferem no progn\u00f3stico dessa enfermidade\u201d, explica.<\/p>\n<p style=\"text-align: justify;\">A palestra ser\u00e1 transmitida atrav\u00e9s da plataforma Zoom, por meio do link: <a href=\"https:\/\/us06web.zoom.us\/j\/81474337719?pwd=N2FUMzRubE1WZlVvbWgrZFZDSHdEUT09\">https:\/\/us06web.zoom.us\/j\/81474337719?pwd=N2FUMzRubE1WZlVvbWgrZFZDSHdEUT09<\/a><\/p>\n<p style=\"text-align: justify;\">atrav\u00e9s do (ID: 814 7433 7719) e (Senha: 691663).<\/p>\n<p style=\"text-align: justify;\"><strong>SOBRE O PALESTRANTE<\/strong><\/p>\n<p style=\"text-align: justify;\">Possui gradua\u00e7\u00e3o em Ci\u00eancias Biol\u00f3gicas pelo Instituto de Ci\u00eancias Biol\u00f3gicas da UFMG (2013). Mestrado em Medicina Tropical pela Funda\u00e7\u00e3o Oswaldo Cruz (2016). Doutorado em Doen\u00e7as Tropicais e Infecciosas pela Universidade do Estado do Amazonas (2020)<\/p>\n<p style=\"text-align: justify;\">Tem experi\u00eancia na \u00e1rea de Educa\u00e7\u00e3o em Sa\u00fade, com \u00eanfase em doen\u00e7as parasit\u00e1rias, atuando principalmente nos seguintes temas: geohelmintoses e esquistossomose, mal\u00e1ria, acidentes com animais pe\u00e7onhentos, educa\u00e7\u00e3o em sa\u00fade, produ\u00e7\u00e3o de materiais educativos. Possu\u00ed experi\u00eancia com pesquisa qualitativa em sa\u00fade.<\/p>\n<p style=\"text-align: justify;\">Atualmente \u00e9 pesquisador colaborador da Funda\u00e7\u00e3o de Medicina Tropical Dr. Heitor Vieira Dourado e l\u00edder do grupo Laborat\u00f3rio Interdisciplinar de Pesquisas Sociais e Qualitativas (LIPeSQ)<\/p>\n<p style=\"text-align: justify;\"><strong>CENTRO DE ESTUDOS<\/strong><\/p>\n<p style=\"text-align: justify;\">O Centro de Estudos do ILMD\/Fiocruz Amaz\u00f4nia \u00e9 um n\u00facleo que oportuniza encontros, palestras, semin\u00e1rios e debates sobre diversos temas ligados \u00e0 pesquisa e ao ensino para a promo\u00e7\u00e3o da sa\u00fade.<\/p>\n<p style=\"text-align: justify;\">Os eventos s\u00e3o gratuitos e ocorrem \u00e0s sextas-feiras. As atividades s\u00e3o destinadas a estudantes de gradua\u00e7\u00e3o e p\u00f3s-gradua\u00e7\u00e3o, pesquisadores, professores e trabalhadores da \u00e1rea da Sa\u00fade.<\/p>\n<h6 style=\"text-align: justify;\"><strong><em>ILMD\/Fiocruz Amaz\u00f4nia, por Eduardo Gomes<\/em><\/strong><\/h6>\n<h6 style=\"text-align: justify;\"><strong><em>Imagem: Mackesy Nascimento<\/em><\/strong><\/h6>\n<\/div><\/section>\n","protected":false},"excerpt":{"rendered":"<p>Pesquisador abordar\u00e1 estudos com olhar especial para acidentes of\u00eddicos na Amaz\u00f4nia brasileira<\/p>\n","protected":false},"author":20,"featured_media":37528,"comment_status":"closed","ping_status":"closed","sticky":true,"template":"","format":"image","meta":{"footnotes":""},"categories":[15],"tags":[761,118,136,120,119,131,121],"class_list":["post-37527","post","type-post","status-publish","format-image","has-post-thumbnail","hentry","category-noticias","tag-acidentes-ofidicos","tag-centro-de-estudos","tag-fiocruz","tag-fiocruz-amazonia","tag-ilmd","tag-ilmdfiocruz-amazonia","tag-palestra","post_format-post-format-image"],"_links":{"self":[{"href":"https:\/\/amazonia.fiocruz.br\/index.php?rest_route=\/wp\/v2\/posts\/37527","targetHints":{"allow":["GET"]}}],"collection":[{"href":"https:\/\/amazonia.fiocruz.br\/index.php?rest_route=\/wp\/v2\/posts"}],"about":[{"href":"https:\/\/amazonia.fiocruz.br\/index.php?rest_route=\/wp\/v2\/types\/post"}],"author":[{"embeddable":true,"href":"https:\/\/amazonia.fiocruz.br\/index.php?rest_route=\/wp\/v2\/users\/20"}],"replies":[{"embeddable":true,"href":"https:\/\/amazonia.fiocruz.br\/index.php?rest_route=%2Fwp%2Fv2%2Fcomments&post=37527"}],"version-history":[{"count":1,"href":"https:\/\/amazonia.fiocruz.br\/index.php?rest_route=\/wp\/v2\/posts\/37527\/revisions"}],"predecessor-version":[{"id":37529,"href":"https:\/\/amazonia.fiocruz.br\/index.php?rest_route=\/wp\/v2\/posts\/37527\/revisions\/37529"}],"wp:featuredmedia":[{"embeddable":true,"href":"https:\/\/amazonia.fiocruz.br\/index.php?rest_route=\/wp\/v2\/media\/37528"}],"wp:attachment":[{"href":"https:\/\/amazonia.fiocruz.br\/index.php?rest_route=%2Fwp%2Fv2%2Fmedia&parent=37527"}],"wp:term":[{"taxonomy":"category","embeddable":true,"href":"https:\/\/amazonia.fiocruz.br\/index.php?rest_route=%2Fwp%2Fv2%2Fcategories&post=37527"},{"taxonomy":"post_tag","embeddable":true,"href":"https:\/\/amazonia.fiocruz.br\/index.php?rest_route=%2Fwp%2Fv2%2Ftags&post=37527"}],"curies":[{"name":"wp","href":"https:\/\/api.w.org\/{rel}","templated":true}]}}