{"id":37521,"date":"2022-10-11T15:52:01","date_gmt":"2022-10-11T19:52:01","guid":{"rendered":"https:\/\/amazonia.fiocruz.br\/?p=37521"},"modified":"2022-10-11T15:52:44","modified_gmt":"2022-10-11T19:52:44","slug":"fiocruz-amazonia-leva-ciencia-tecnologia-e-arte-para-escolas-publicas-durante-a-snct-2022","status":"publish","type":"post","link":"https:\/\/amazonia.fiocruz.br\/?p=37521","title":{"rendered":"Fiocruz Amaz\u00f4nia leva ci\u00eancia, tecnologia e arte para escolas p\u00fablicas durante a SNCT 2022"},"content":{"rendered":"<section class=\"av_textblock_section \"  itemscope=\"itemscope\" itemtype=\"https:\/\/schema.org\/BlogPosting\" itemprop=\"blogPost\" ><div class='avia_textblock  '   itemprop=\"text\" ><p style=\"text-align: justify;\">O Instituto Le\u00f4nidas &amp; Maria Deane (ILMD\/Fiocruz Amaz\u00f4nia) elaborou uma programa\u00e7\u00e3o de atividades iniciadas nesta segunda-feira at\u00e9 o pr\u00f3ximo dia 20\/10 para marcar, em n\u00edvel local, a passagem da Semana Nacional de Ci\u00eancia e Tecnologia 2022, promovida nacionalmente pelo Minist\u00e9rio da Ci\u00eancia, Tecnologia, Inova\u00e7\u00f5es e Comunica\u00e7\u00f5es, de 17 a 21 deste m\u00eas. O evento conta com o apoio da Funda\u00e7\u00e3o Oswaldo Cruz (Fiocruz). Com o tema \u201cCi\u00eancia Pop: Fiocruz Amaz\u00f4nia vai \u00e0 Escola\u201d, a programa\u00e7\u00e3o visa levar atividades desenvolvidas pela Fiocruz Amaz\u00f4nia, por meio de exposi\u00e7\u00f5es, rodas de conversa e apresenta\u00e7\u00f5es art\u00edsticas, a escolas da rede p\u00fablica de Manaus, como forma de popularizar a Ci\u00eancia e estimular o interesse das crian\u00e7as e jovens pelo tema, al\u00e9m de abrir as portas do ILMD aos estudantes para exposi\u00e7\u00f5es e debates acerca dos projetos desenvolvidos pelos pesquisadores locais.<\/p>\n<p style=\"text-align: justify;\">A programa\u00e7\u00e3o teve in\u00edcio nesta segunda-feira, 10\/10, com a realiza\u00e7\u00e3o da Oficina OuvirCi\u00eancia, de cria\u00e7\u00e3o de podcasts para divulga\u00e7\u00e3o de pesquisas. A oficina \u00e9 destinada a bolsistas de inicia\u00e7\u00e3o cient\u00edfica, alunos de p\u00f3s-gradua\u00e7\u00e3o e pesquisadores interessados em produzir seus pr\u00f3prios programas para divulgar seus trabalhos. Com uma semana de dura\u00e7\u00e3o, ser\u00e1 dividida em duas partes \u2013 te\u00f3rica (10 e 11\/10) e pr\u00e1tica (11 a 16\/10) \u2013, ministradas pelos jornalistas Helder Mour\u00e3o, mestre em Ci\u00eancias da Comunica\u00e7\u00e3o, e Cristiane Barbosa, doutora em Ci\u00eancias da Informa\u00e7\u00e3o. O curso marca o in\u00edcio das atividades institucionais da SNCT 2022 no Amazonas.<\/p>\n<p style=\"text-align: justify;\">Os produtos da oficina ser\u00e3o divulgados durante as atividades da Fiocruz Amaz\u00f4nia na SNCT. O material ser\u00e1 disponibilizado tamb\u00e9m por meio dos canais institucionais e de parceiros. Al\u00e9m dos podcasts, a programa\u00e7\u00e3o da Fiocruz Amaz\u00f4nia na SNCT contar\u00e1 com a divulga\u00e7\u00e3o de seis v\u00eddeos produzidos durante a Oficina Comunica\u00e7\u00e3o Cient\u00edfica, oferecida por Helder Nakaya, do Hospital Israelita Albert Einstein para os alunos dos programas de p\u00f3s-gradua\u00e7\u00e3o do ILMD\/Fiocruz Amaz\u00f4nia, realizada entre julho e agosto deste ano. No dia 17, ser\u00e1 feito o lan\u00e7amento oficial da programa\u00e7\u00e3o da SNCT 2022 com a exibi\u00e7\u00e3o do material produzido no ILMD e a prepara\u00e7\u00e3o das exposi\u00e7\u00f5es nas escolas contempladas.<\/p>\n<p style=\"text-align: justify;\">No dia 18, das 9h \u00e0s 11h30 e das 13h30 \u00e0s 16h, o Ci\u00eancia Pop acontecer\u00e1 na Escola Estadual de Tempo Integral Djalma da Cunha Batista, no Japiim, na Zona Sul. L\u00e1 ocorrer\u00e3o as mostras \u201cCi\u00eancia e Sa\u00fade na Amaz\u00f4nia\u201d, com a exibi\u00e7\u00e3o do v\u00eddeo Capacita\u00e7\u00e3o de Conselheiros Ind\u00edgenas de Sa\u00fade do Distrito de Sa\u00fade Especial Ind\u00edgena (DSEI) Manaus com uso das TICs (Tecnologias de Inform\u00e1tica e Comunica\u00e7\u00e3o), projeto financiado pelo Programa Inova de Sa\u00fade Ind\u00edgena, da Fiocruz. Outra mostra ser\u00e1 \u201cAqui Tem Ci\u00eancia, Aqui Tem Fiocruz\u201d, sobre estudos nas \u00e1reas de Mal\u00e1ria (Caminho da Gota Espessa), Entomologia (Metamorfose dos Insetos) e Agenda 2030 da ONU (Tapet\u00e3o dos Objetivos do Desenvolvimento Sustent\u00e1vel &#8211; ODS).<\/p>\n<p style=\"text-align: justify;\">As rodas de conversas acontecer\u00e3o simultaneamente em diferentes espa\u00e7os da escola sobre temas variados, entre eles, import\u00e2ncia da vacina\u00e7\u00e3o, equidade de g\u00eanero da Ci\u00eancia e doen\u00e7as emergentes, enfocando especificamente a Monkeypox (doen\u00e7a zoon\u00f3tica que ocorre principalmente em \u00e1reas end\u00eamicas, de floresta tropical da \u00c1frica Central e Ocidental, e cuja transmiss\u00e3o para humanos pode ocorrer por meio do contato com animal ou humano infectado) e Esporotricose (infec\u00e7\u00e3o por fungo, causada pelo Sporothrix, que acomete o homem e diversas esp\u00e9cies animais, como c\u00e3es, gatos e tatus, entre outros). Os alunos poder\u00e3o interagir tamb\u00e9m num espa\u00e7o instagram\u00e1vel para registros fotogr\u00e1ficos.<\/p>\n<p style=\"text-align: justify;\">No dia 19\/10, parte destas atividades ocorrer\u00e1 na Escola Estadual \u00c2ngelo Ramazotti, no Adrian\u00f3polis. No dia 20, encerrando a programa\u00e7\u00e3o, a Fiocruz Amaz\u00f4nia recebe os alunos da \u00c2ngelo Ramazotti em sua sede, no bairro Adrian\u00f3polis, com o projeto \u201cCi\u00eancia de Portas Abertas\u201d. Al\u00e9m de conferir as exposi\u00e7\u00f5es \u201cMetamorfose dos Insetos\u201d e \u201cVida Invis\u00edvel: Conhecendo os Microorganismos\u201d, os estudantes poder\u00e3o participar de rodas de conversas ComunicaCi\u00eancia e atividades l\u00fadicas.<\/p>\n<p><img decoding=\"async\" class=\"aligncenter size-gallery wp-image-37524\" src=\"https:\/\/amazonia.fiocruz.br\/wp-content\/uploads\/2022\/10\/IMG_1331-845x684.jpg\" alt=\"\" width=\"845\" height=\"684\" srcset=\"https:\/\/amazonia.fiocruz.br\/wp-content\/uploads\/2022\/10\/IMG_1331-845x684.jpg 845w, https:\/\/amazonia.fiocruz.br\/wp-content\/uploads\/2022\/10\/IMG_1331-495x400.jpg 495w\" sizes=\"(max-width: 845px) 100vw, 845px\" \/><\/p>\n<p style=\"text-align: justify;\"><strong>SAIBA MAIS SOBRE A SNCT 2022<\/strong><\/p>\n<p style=\"text-align: justify;\">A Semana Nacional de Ci\u00eancia e Tecnologia (SNCT) \u00e9 um evento coordenado pelo MCTI com o objetivo de mobilizar a popula\u00e7\u00e3o, em especial crian\u00e7as e jovens em torno da ci\u00eancia, tecnologia e inova\u00e7\u00f5es por meio de atividades l\u00fadicas e inovadoras que mostram a import\u00e2ncia do tema no dia a dia de todos e no desenvolvimento do pa\u00eds. Outubro \u00e9 o m\u00eas nacional da Ci\u00eancia, Tecnologia e Inova\u00e7\u00e3o. Por esta raz\u00e3o, a SNCT ocorre neste per\u00edodo, sempre com um tema espec\u00edfico. Este ano, o tema ser\u00e1 \u201cBicenten\u00e1rio da Independ\u00eancia: 200 anos de Ci\u00eancia, Tecnologia e Inova\u00e7\u00e3o no Brasil\u201d.<\/p>\n<p style=\"text-align: justify;\">A SNCT foi institu\u00edda pelo Decreto Presidencial em 9 de junho de 2004 e \u00e9 realizada anualmente, sob coordena\u00e7\u00e3o do Minist\u00e9rio da Ci\u00eancia, Tecnologia e Inova\u00e7\u00e3o. O evento conta com a colabora\u00e7\u00e3o das secretarias estaduais e municipais de Educa\u00e7\u00e3o, ag\u00eancias de fomento, espa\u00e7os cient\u00edfico-culturais, institui\u00e7\u00f5es de ensino e pesquisa, escolas, \u00f3rg\u00e3os governamentais, empresas de base tecnol\u00f3gica e entidades da sociedade civil. A ideia \u00e9 de que sejam realizadas no per\u00edodo diversas a\u00e7\u00f5es de divulga\u00e7\u00e3o cient\u00edfica, como tendas da Ci\u00eancia em pra\u00e7as p\u00fablicas, dias de portas abertas, palestras, cursos, oficinas, experimentos did\u00e1ticos e cient\u00edficos, teatro cient\u00edfico, observa\u00e7\u00e3o do c\u00e9u, visitas t\u00e9cnicas, debates, ida de cientistas \u00e0s escolas, distribui\u00e7\u00e3o de cartilhas e livros, exibi\u00e7\u00e3o de v\u00eddeos, excurs\u00f5es cient\u00edficas, programas em r\u00e1dios e TVs, dentre outros.<\/p>\n<\/div><\/section>\n","protected":false},"excerpt":{"rendered":"<p>A programa\u00e7\u00e3o visa levar atividades desenvolvidas pela Fiocruz Amaz\u00f4nia, por meio de exposi\u00e7\u00f5es, rodas de conversa e apresenta\u00e7\u00f5es art\u00edsticas, a escolas da rede p\u00fablica de Manaus.<\/p>\n","protected":false},"author":20,"featured_media":37522,"comment_status":"closed","ping_status":"closed","sticky":true,"template":"","format":"image","meta":{"footnotes":""},"categories":[15],"tags":[317,136,120,119,131,437],"class_list":["post-37521","post","type-post","status-publish","format-image","has-post-thumbnail","hentry","category-noticias","tag-ciencia","tag-fiocruz","tag-fiocruz-amazonia","tag-ilmd","tag-ilmdfiocruz-amazonia","tag-snct","post_format-post-format-image"],"_links":{"self":[{"href":"https:\/\/amazonia.fiocruz.br\/index.php?rest_route=\/wp\/v2\/posts\/37521","targetHints":{"allow":["GET"]}}],"collection":[{"href":"https:\/\/amazonia.fiocruz.br\/index.php?rest_route=\/wp\/v2\/posts"}],"about":[{"href":"https:\/\/amazonia.fiocruz.br\/index.php?rest_route=\/wp\/v2\/types\/post"}],"author":[{"embeddable":true,"href":"https:\/\/amazonia.fiocruz.br\/index.php?rest_route=\/wp\/v2\/users\/20"}],"replies":[{"embeddable":true,"href":"https:\/\/amazonia.fiocruz.br\/index.php?rest_route=%2Fwp%2Fv2%2Fcomments&post=37521"}],"version-history":[{"count":2,"href":"https:\/\/amazonia.fiocruz.br\/index.php?rest_route=\/wp\/v2\/posts\/37521\/revisions"}],"predecessor-version":[{"id":37525,"href":"https:\/\/amazonia.fiocruz.br\/index.php?rest_route=\/wp\/v2\/posts\/37521\/revisions\/37525"}],"wp:featuredmedia":[{"embeddable":true,"href":"https:\/\/amazonia.fiocruz.br\/index.php?rest_route=\/wp\/v2\/media\/37522"}],"wp:attachment":[{"href":"https:\/\/amazonia.fiocruz.br\/index.php?rest_route=%2Fwp%2Fv2%2Fmedia&parent=37521"}],"wp:term":[{"taxonomy":"category","embeddable":true,"href":"https:\/\/amazonia.fiocruz.br\/index.php?rest_route=%2Fwp%2Fv2%2Fcategories&post=37521"},{"taxonomy":"post_tag","embeddable":true,"href":"https:\/\/amazonia.fiocruz.br\/index.php?rest_route=%2Fwp%2Fv2%2Ftags&post=37521"}],"curies":[{"name":"wp","href":"https:\/\/api.w.org\/{rel}","templated":true}]}}