{"id":37500,"date":"2022-10-06T16:26:24","date_gmt":"2022-10-06T20:26:24","guid":{"rendered":"https:\/\/amazonia.fiocruz.br\/?p=37500"},"modified":"2022-10-06T16:26:25","modified_gmt":"2022-10-06T20:26:25","slug":"boas-praticas-de-redacao-cientifica-serao-abordadas-durante-palestra-do-centro-de-estudos-da-fiocruz-amazonia","status":"publish","type":"post","link":"https:\/\/amazonia.fiocruz.br\/?p=37500","title":{"rendered":"Boas pr\u00e1ticas de reda\u00e7\u00e3o cient\u00edfica ser\u00e3o abordadas durante palestra do Centro de Estudos da Fiocruz Amaz\u00f4nia"},"content":{"rendered":"<section class=\"av_textblock_section \"  itemscope=\"itemscope\" itemtype=\"https:\/\/schema.org\/BlogPosting\" itemprop=\"blogPost\" ><div class='avia_textblock  '   itemprop=\"text\" ><p style=\"text-align: justify;\">O Centro de Estudos do Instituto Le\u00f4nidas &amp; Maria Deane (ILMD\/Fiocruz Amaz\u00f4nia), apresenta na pr\u00f3xima sexta-feira, 23\/9, \u00e0s 10h (hor\u00e1rio\/Manaus), a palestra: \u201cBoas pr\u00e1ticas de reda\u00e7\u00e3o cient\u00edfica\u201d, a ser ministrada pela pesquisadora D\u00e9bora Clivati Faria Pereira, bolsista do Laborat\u00f3rio de Situa\u00e7\u00e3o de Sa\u00fade e Gest\u00e3o do Cuidado de Popula\u00e7\u00f5es Ind\u00edgenas e outros grupos vulner\u00e1veis e, Professora Colaboradora no Programa de P\u00f3s-gradua\u00e7\u00e3o em Agronomia Tropical da Universidade Federal do Amazonas (UFAM).<\/p>\n<p style=\"text-align: justify;\">Durante a apresenta\u00e7\u00e3o ser\u00e3o abordados t\u00f3picos e conceitos importantes para uma boa reda\u00e7\u00e3o cient\u00edfica seja de projetos, artigos cient\u00edficos, entre outros. A palestra ser\u00e1 transmitida atrav\u00e9s da plataforma Zoom, por meio do link: <a href=\"https:\/\/us06web.zoom.us\/j\/88099115767?pwd=SnlRYnozWFhSM2NDWjR4Z2dFOGM5dz09\">https:\/\/us06web.zoom.us\/j\/88099115767?pwd=SnlRYnozWFhSM2NDWjR4Z2dFOGM5dz09<\/a><\/p>\n<p style=\"text-align: justify;\">Por meio do (ID: 880 9911 5767) e (Senha: 389769)<\/p>\n<p style=\"text-align: justify;\"><strong>SOBRE A PALESTRANTE<\/strong><\/p>\n<p style=\"text-align: justify;\">D\u00e9bora possui Licenciatura e Bacharelado em Ci\u00eancias Biol\u00f3gicas pela Universidade de Mogi das Cruzes, mestrado em Biotecnologia pela Universidade de Mogi das Cruzes, doutorado em Biotecnologia aplicada a Recursos Naturais e ao Agroneg\u00f3cio pela Universidade de Mogi das Cruzes, com per\u00edodo sandu\u00edche na <em>Jagiellonian University<\/em> e na <em>University of Florida<\/em>.<\/p>\n<p style=\"text-align: justify;\">Realizou P\u00f3s-doutorado pelo Programa de p\u00f3s-gradua\u00e7\u00e3o em Agronomia Tropical da Universidade Federal do Amazonas (Diversidade gen\u00e9tica de Aniba rosaeodora). Atuou em setores administrativos (Marvel e AgroMaster); e tamb\u00e9m como pesquisadora na modalidade PCI D &#8211; A no Instituto Nacional de Pesquisas da Amaz\u00f4nia (INPA); como Professora Substituta no Instituto de Ci\u00eancias Biol\u00f3gicas (UFAM), ministrando as disciplinas de Educa\u00e7\u00e3o Ambiental I, Pr\u00e1tica Curricular em Educa\u00e7\u00e3o Ambiental, Metodologia de Pesquisa Educacional ; e atuo como Professora Colaboradora no Programa de P\u00f3s-gradua\u00e7\u00e3o em Agronomia Tropical (UFAM), ministrando a disciplina de Reda\u00e7\u00e3o Cient\u00edfica com \u00eanfase em publica\u00e7\u00e3o internacional.<\/p>\n<p style=\"text-align: justify;\">Possui experi\u00eancia na \u00e1rea de Bot\u00e2nica, com \u00eanfase em Biologia Reprodutiva, Sistem\u00e1tica Filogen\u00e9tica e Estrutura Gen\u00e9tica de Popula\u00e7\u00f5es. Atuo nas \u00e1reas de Biotecnologia aplicada ao Agroneg\u00f3cio, Biologia Molecular, Gen\u00e9tica e Morfologia\/Anatomia Vegetal.<\/p>\n<p style=\"text-align: justify;\"><strong>CENTRO DE ESTUDOS<\/strong><\/p>\n<p style=\"text-align: justify;\">O Centro de Estudos do ILMD\/Fiocruz Amaz\u00f4nia \u00e9 um n\u00facleo que oportuniza encontros, palestras, semin\u00e1rios e debates sobre diversos temas ligados \u00e0 pesquisa e ao ensino para a promo\u00e7\u00e3o da sa\u00fade.<\/p>\n<p style=\"text-align: justify;\">Os eventos s\u00e3o gratuitos e ocorrem \u00e0s sextas-feiras. As atividades s\u00e3o destinadas a estudantes de gradua\u00e7\u00e3o e p\u00f3s-gradua\u00e7\u00e3o, pesquisadores, professores e trabalhadores da \u00e1rea da Sa\u00fade.<\/p>\n<h6 style=\"text-align: justify;\"><strong>ILMD\/Fiocruz Amaz\u00f4nia, por Eduardo Gomes<\/strong><\/h6>\n<h6 style=\"text-align: justify;\"><strong>Imagem: Mackesy Nascimento<\/strong><\/h6>\n<\/div><\/section>\n","protected":false},"excerpt":{"rendered":"<p>As atividades s\u00e3o destinadas a estudantes de gradua\u00e7\u00e3o e p\u00f3s-gradua\u00e7\u00e3o, pesquisadores, professores e trabalhadores da \u00e1rea da Sa\u00fade.<\/p>\n","protected":false},"author":20,"featured_media":37501,"comment_status":"closed","ping_status":"closed","sticky":true,"template":"","format":"image","meta":{"footnotes":""},"categories":[15],"tags":[118,136,120,119,131,121],"class_list":["post-37500","post","type-post","status-publish","format-image","has-post-thumbnail","hentry","category-noticias","tag-centro-de-estudos","tag-fiocruz","tag-fiocruz-amazonia","tag-ilmd","tag-ilmdfiocruz-amazonia","tag-palestra","post_format-post-format-image"],"_links":{"self":[{"href":"https:\/\/amazonia.fiocruz.br\/index.php?rest_route=\/wp\/v2\/posts\/37500","targetHints":{"allow":["GET"]}}],"collection":[{"href":"https:\/\/amazonia.fiocruz.br\/index.php?rest_route=\/wp\/v2\/posts"}],"about":[{"href":"https:\/\/amazonia.fiocruz.br\/index.php?rest_route=\/wp\/v2\/types\/post"}],"author":[{"embeddable":true,"href":"https:\/\/amazonia.fiocruz.br\/index.php?rest_route=\/wp\/v2\/users\/20"}],"replies":[{"embeddable":true,"href":"https:\/\/amazonia.fiocruz.br\/index.php?rest_route=%2Fwp%2Fv2%2Fcomments&post=37500"}],"version-history":[{"count":1,"href":"https:\/\/amazonia.fiocruz.br\/index.php?rest_route=\/wp\/v2\/posts\/37500\/revisions"}],"predecessor-version":[{"id":37502,"href":"https:\/\/amazonia.fiocruz.br\/index.php?rest_route=\/wp\/v2\/posts\/37500\/revisions\/37502"}],"wp:featuredmedia":[{"embeddable":true,"href":"https:\/\/amazonia.fiocruz.br\/index.php?rest_route=\/wp\/v2\/media\/37501"}],"wp:attachment":[{"href":"https:\/\/amazonia.fiocruz.br\/index.php?rest_route=%2Fwp%2Fv2%2Fmedia&parent=37500"}],"wp:term":[{"taxonomy":"category","embeddable":true,"href":"https:\/\/amazonia.fiocruz.br\/index.php?rest_route=%2Fwp%2Fv2%2Fcategories&post=37500"},{"taxonomy":"post_tag","embeddable":true,"href":"https:\/\/amazonia.fiocruz.br\/index.php?rest_route=%2Fwp%2Fv2%2Ftags&post=37500"}],"curies":[{"name":"wp","href":"https:\/\/api.w.org\/{rel}","templated":true}]}}