{"id":37421,"date":"2022-08-31T15:30:02","date_gmt":"2022-08-31T19:30:02","guid":{"rendered":"https:\/\/amazonia.fiocruz.br\/?p=37421"},"modified":"2022-08-31T15:39:02","modified_gmt":"2022-08-31T19:39:02","slug":"centro-de-estudos-abordara-emergencias-sanitarias-e-saude-global","status":"publish","type":"post","link":"https:\/\/amazonia.fiocruz.br\/?p=37421","title":{"rendered":"Centro de Estudos abordar\u00e1 Emerg\u00eancias Sanit\u00e1rias e Sa\u00fade Global"},"content":{"rendered":"<section class=\"av_textblock_section \"  itemscope=\"itemscope\" itemtype=\"https:\/\/schema.org\/BlogPosting\" itemprop=\"blogPost\" ><div class='avia_textblock  '   itemprop=\"text\" ><p style=\"text-align: justify;\">O Centro de Estudos do Instituto Le\u00f4nidas &amp; Maria Deane (ILMD\/Fiocruz Amaz\u00f4nia), apresenta na pr\u00f3xima sexta-feira, 2\/9, \u00e0s 10h (hor\u00e1rio\/Manaus), a palestra: \u201cEmerg\u00eancias Sanit\u00e1rias e Sa\u00fade Global: um olhar cr\u00edtico\u201d, a ser ministrada pela pesquisadora Denise Nacif Pimenta, pesquisadora no Instituto de Pesquisas Ren\u00e9 Rachou\/Fiocruz Minas.<\/p>\n<p style=\"text-align: justify;\">Durante a palestra, a pesquisadora apresentar\u00e1 aos alunos o que tem sido produzido no contexto das ci\u00eancias sociais\/humanidades sobre as epidemias\/emerg\u00eancias sanit\u00e1rias do ponto de vista da sa\u00fade global cr\u00edtica.<\/p>\n<p style=\"text-align: justify;\">A palestra ser\u00e1 transmitida atrav\u00e9s da plataforma Zoom, por meio do link: <a href=\"https:\/\/us06web.zoom.us\/j\/88929155622?pwd=eHhDVmVFZ1FxREVubjhDM1J4d2swdz09\">https:\/\/us06web.zoom.us\/j\/88929155622?pwd=eHhDVmVFZ1FxREVubjhDM1J4d2swdz09<\/a><\/p>\n<p style=\"text-align: justify;\">(ID: 889 2915 5622) e (Senha de acesso: 782204)<\/p>\n<p style=\"text-align: justify;\"><strong>SOBRE A PALESTRANTE<\/strong><\/p>\n<p style=\"text-align: justify;\">Denise \u00e9 graduada em Ci\u00eancias Sociais pela Universidade Federal de Minas Gerais, mestre em Tecnologia Educacional nas Ci\u00eancias da Sa\u00fade pela Universidade Federal do Rio de Janeiro e, doutora em Ci\u00eancias da Sa\u00fade pelo Centro de Pesquisas Ren\u00e9 Rachou\/Fiocruz Minas (2008). Fez P\u00f3s-doutorado no Centro de Desenvolvimento Tecnol\u00f3gico em Sa\u00fade (CDTS\/ Fiocruz) e Instituto de Comunica\u00e7\u00e3o e Informa\u00e7\u00e3o Cient\u00edfica e Tecnol\u00f3gica em Sa\u00fade (ICICT\/Fiocruz) (2009-2012).<\/p>\n<p style=\"text-align: justify;\">\u00c9 pesquisadora no Instituto de Pesquisas Ren\u00e9 Rachou\/Fiocruz Minas. Professora do curso de P\u00f3s-Gradua\u00e7\u00e3o em Sa\u00fade Coletiva na Fiocruz-Minas e integrante da Comiss\u00e3o de P\u00f3s-Gradua\u00e7\u00e3o. \u00c9 tamb\u00e9m professora visitante do Mestrado Profissional Educa\u00e7\u00e3o e Doc\u00eancia (Promestre) na Universidade Federal de Minas Gerais (UFMG). Realizou est\u00e1gio no TDR <em>Career Development Fellowship in Interactive Learning<\/em> financiado pelo <em>Special Programme for Research and Training in Tropical Diseases<\/em> (TDR) e <em>The Wellcome Trust<\/em>, entre 2003-2004.<\/p>\n<p style=\"text-align: justify;\">Tem experi\u00eancia e atua\u00e7\u00e3o profissional marcadamente interdisciplinar nas \u00e1reas e tem\u00e1ticas: Sa\u00fade Coletiva, Educa\u00e7\u00e3o em Sa\u00fade, Divulga\u00e7\u00e3o Cient\u00edfica, Antropologia da Sa\u00fade, Hist\u00f3ria da Sa\u00fade, Estudos Sociais da Ci\u00eancia e da Tecnologia, processos epid\u00eamicos e os aspectos sociais das doen\u00e7as tropicais\/negligenciadas.<\/p>\n<p style=\"text-align: justify;\"><strong>CENTRO DE ESTUDOS<\/strong><\/p>\n<p style=\"text-align: justify;\">O Centro de Estudos do ILMD\/Fiocruz Amaz\u00f4nia \u00e9 um n\u00facleo que oportuniza encontros, palestras, semin\u00e1rios e debates sobre diversos temas ligados \u00e0 pesquisa e ao ensino para a promo\u00e7\u00e3o da sa\u00fade.<\/p>\n<p style=\"text-align: justify;\">Os eventos s\u00e3o gratuitos e ocorrem \u00e0s sextas-feiras. As atividades s\u00e3o destinadas a estudantes de gradua\u00e7\u00e3o e p\u00f3s-gradua\u00e7\u00e3o, pesquisadores, professores e trabalhadores da \u00e1rea da Sa\u00fade.<\/p>\n<h6 style=\"text-align: justify;\"><strong><em>ILMD\/Fiocruz Amaz\u00f4nia, por Eduardo Gomes<\/em><\/strong><\/h6>\n<h6 style=\"text-align: justify;\"><strong><em>Imagem: Mackesy Nascimento<\/em><\/strong><\/h6>\n<\/div><\/section>\n","protected":false},"excerpt":{"rendered":"<p>Palestrante apresentar\u00e1 estudos produzidos no contexto das ci\u00eancias sociais sobre as emerg\u00eancias sanit\u00e1rias <\/p>\n","protected":false},"author":20,"featured_media":37422,"comment_status":"closed","ping_status":"closed","sticky":true,"template":"","format":"image","meta":{"footnotes":""},"categories":[15],"tags":[118,1132,136,120,119,131,121,1131],"class_list":["post-37421","post","type-post","status-publish","format-image","has-post-thumbnail","hentry","category-noticias","tag-centro-de-estudos","tag-emergencias-sanitarias","tag-fiocruz","tag-fiocruz-amazonia","tag-ilmd","tag-ilmdfiocruz-amazonia","tag-palestra","tag-saude-global","post_format-post-format-image"],"_links":{"self":[{"href":"https:\/\/amazonia.fiocruz.br\/index.php?rest_route=\/wp\/v2\/posts\/37421","targetHints":{"allow":["GET"]}}],"collection":[{"href":"https:\/\/amazonia.fiocruz.br\/index.php?rest_route=\/wp\/v2\/posts"}],"about":[{"href":"https:\/\/amazonia.fiocruz.br\/index.php?rest_route=\/wp\/v2\/types\/post"}],"author":[{"embeddable":true,"href":"https:\/\/amazonia.fiocruz.br\/index.php?rest_route=\/wp\/v2\/users\/20"}],"replies":[{"embeddable":true,"href":"https:\/\/amazonia.fiocruz.br\/index.php?rest_route=%2Fwp%2Fv2%2Fcomments&post=37421"}],"version-history":[{"count":1,"href":"https:\/\/amazonia.fiocruz.br\/index.php?rest_route=\/wp\/v2\/posts\/37421\/revisions"}],"predecessor-version":[{"id":37423,"href":"https:\/\/amazonia.fiocruz.br\/index.php?rest_route=\/wp\/v2\/posts\/37421\/revisions\/37423"}],"wp:featuredmedia":[{"embeddable":true,"href":"https:\/\/amazonia.fiocruz.br\/index.php?rest_route=\/wp\/v2\/media\/37422"}],"wp:attachment":[{"href":"https:\/\/amazonia.fiocruz.br\/index.php?rest_route=%2Fwp%2Fv2%2Fmedia&parent=37421"}],"wp:term":[{"taxonomy":"category","embeddable":true,"href":"https:\/\/amazonia.fiocruz.br\/index.php?rest_route=%2Fwp%2Fv2%2Fcategories&post=37421"},{"taxonomy":"post_tag","embeddable":true,"href":"https:\/\/amazonia.fiocruz.br\/index.php?rest_route=%2Fwp%2Fv2%2Ftags&post=37421"}],"curies":[{"name":"wp","href":"https:\/\/api.w.org\/{rel}","templated":true}]}}