{"id":37413,"date":"2022-08-30T17:05:25","date_gmt":"2022-08-30T21:05:25","guid":{"rendered":"https:\/\/amazonia.fiocruz.br\/?p=37413"},"modified":"2022-08-30T17:05:26","modified_gmt":"2022-08-30T21:05:26","slug":"fiocruz-amazonia-forma-segunda-turma-de-agentes-multiplicadores-em-prevencao-de-ist-hiv-aids-em-curso-oferecido-a-profissionais-da-saude-da-marinha-do-brasil","status":"publish","type":"post","link":"https:\/\/amazonia.fiocruz.br\/?p=37413","title":{"rendered":"Fiocruz Amaz\u00f4nia forma segunda turma de agentes multiplicadores em preven\u00e7\u00e3o de IST\/HIV\/Aids em curso oferecido \u00e0 profissionais da sa\u00fade da Marinha do Brasil"},"content":{"rendered":"<section class=\"av_textblock_section \"  itemscope=\"itemscope\" itemtype=\"https:\/\/schema.org\/BlogPosting\" itemprop=\"blogPost\" ><div class='avia_textblock  '   itemprop=\"text\" ><p style=\"text-align: justify;\">O Instituto Le\u00f4nidas &amp; Maria Deane (ILMD\/Fiocruz Amaz\u00f4nia) formou na \u00faltima sexta-feira, 26\/8, a segunda turma do curso de forma\u00e7\u00e3o de agentes multiplicadores em preven\u00e7\u00e3o de Infec\u00e7\u00f5es Sexualmente Transmiss\u00edveis (ISTs)\/HIV\/Aids, ofertado \u00e0 fuzileiros do 9\u00ba Distrito Naval, que atuam em diferentes unidades fluviais de atendimento m\u00e9dico-hospitalar da Marinha do Brasil. A capacita\u00e7\u00e3o, que contou com a participa\u00e7\u00e3o de 20 profissionais de sa\u00fade da Marinha foi ofertada no \u00e2mbito do projeto QualificaSUS e, objetivou a promo\u00e7\u00e3o de um interc\u00e2mbio de informa\u00e7\u00f5es entre profissionais de sa\u00fade da Marinha, Funda\u00e7\u00e3o Alfredo da Matta e Fiocruz Amaz\u00f4nia.<\/p>\n<p><img decoding=\"async\" class=\"aligncenter size-gallery wp-image-37415\" src=\"https:\/\/amazonia.fiocruz.br\/wp-content\/uploads\/2022\/08\/Curso-ISTs-Marinha_Foto-Eduardo-Gomes_Fiocruz-Amazonia_24.08.22-5-845x684.jpg\" alt=\"\" width=\"845\" height=\"684\" srcset=\"https:\/\/amazonia.fiocruz.br\/wp-content\/uploads\/2022\/08\/Curso-ISTs-Marinha_Foto-Eduardo-Gomes_Fiocruz-Amazonia_24.08.22-5-845x684.jpg 845w, https:\/\/amazonia.fiocruz.br\/wp-content\/uploads\/2022\/08\/Curso-ISTs-Marinha_Foto-Eduardo-Gomes_Fiocruz-Amazonia_24.08.22-5-495x400.jpg 495w\" sizes=\"(max-width: 845px) 100vw, 845px\" \/><\/p>\n<p style=\"text-align: justify;\">Com carga-hor\u00e1ria de 21 horas de conte\u00fados ministrados, o curso foi dividido em tr\u00eas dias de atividades, ministradas pela m\u00e9dica sanitarista Adele Benzaken, diretora do ILMD Fiocruz Amaz\u00f4nia, o dermatologista Jos\u00e9 Gomes Sardinha, as enfermeiras Ana Claudia Camilo e Andrea Beber e os cientistas sociais Sully Sampaio, coordenador dos cursos de atualiza\u00e7\u00e3o do Projeto QualificaSUS, da Fiocruz Amaz\u00f4nia, e Rita Bacuri, vice-coordenadora do Laborat\u00f3rio Territ\u00f3rio, Ambiente, Sa\u00fade e Sustentabilidade (LTASS), do ILMD.<\/p>\n<p><img decoding=\"async\" class=\"aligncenter size-gallery wp-image-37416\" src=\"https:\/\/amazonia.fiocruz.br\/wp-content\/uploads\/2022\/08\/Curso-ISTs-Marinha_Foto-Eduardo-Gomes_Fiocruz-Amazonia_24.08.22-12-845x684.jpg\" alt=\"\" width=\"845\" height=\"684\" srcset=\"https:\/\/amazonia.fiocruz.br\/wp-content\/uploads\/2022\/08\/Curso-ISTs-Marinha_Foto-Eduardo-Gomes_Fiocruz-Amazonia_24.08.22-12-845x684.jpg 845w, https:\/\/amazonia.fiocruz.br\/wp-content\/uploads\/2022\/08\/Curso-ISTs-Marinha_Foto-Eduardo-Gomes_Fiocruz-Amazonia_24.08.22-12-495x400.jpg 495w\" sizes=\"(max-width: 845px) 100vw, 845px\" \/><\/p>\n<p style=\"text-align: justify;\">Adele Benzaken destacou a import\u00e2ncia da capacita\u00e7\u00e3o, visando os atendimentos em sa\u00fade em prol das popula\u00e7\u00f5es amaz\u00f4nicas, onde atua a Marinha do Brasil, em especial durante miss\u00f5es de assist\u00eancia \u00e0 sa\u00fade. &#8220;Esse foi o segundo m\u00f3dulo de um curso que visa capacitar agentes multiplicadores de preven\u00e7\u00e3o entre os profissionais de sa\u00fade da Marinha em atua\u00e7\u00e3o na Amaz\u00f4nia. A parceria com a Marinha do Brasil, por meio do 9o Distrito Naval, \u00e9 de extrema import\u00e2ncia para a Fiocruz Amaz\u00f4nia, pois refor\u00e7a o compromisso da institui\u00e7\u00e3o com o atendimento \u00e0 sa\u00fade das popula\u00e7\u00f5es vulnerabilizadas e contribui para a preven\u00e7\u00e3o das Infec\u00e7\u00f5es Textualmente Transmiss\u00edveis junto a esse p\u00fablico, j\u00e1 que todos os militares aqui presentes integram as miss\u00f5es de assist\u00eancia \u00e0 sa\u00fade em toda a regi\u00e3o&#8221;.<\/p>\n<p><img decoding=\"async\" class=\"aligncenter size-gallery wp-image-37417\" src=\"https:\/\/amazonia.fiocruz.br\/wp-content\/uploads\/2022\/08\/Curso-ISTs-Marinha_Foto-Ingrid-Anne_Fiocruz-Amazonia_25.08.22-34-845x684.jpg\" alt=\"\" width=\"845\" height=\"684\" srcset=\"https:\/\/amazonia.fiocruz.br\/wp-content\/uploads\/2022\/08\/Curso-ISTs-Marinha_Foto-Ingrid-Anne_Fiocruz-Amazonia_25.08.22-34-845x684.jpg 845w, https:\/\/amazonia.fiocruz.br\/wp-content\/uploads\/2022\/08\/Curso-ISTs-Marinha_Foto-Ingrid-Anne_Fiocruz-Amazonia_25.08.22-34-495x400.jpg 495w\" sizes=\"(max-width: 845px) 100vw, 845px\" \/><\/p>\n<p style=\"text-align: justify;\">Al\u00e9m dos conte\u00fados disponibilizados pelos instrutores, casos cl\u00ednicos foram apresentados, intercalados por din\u00e2micas de grupos e dramatiza\u00e7\u00f5es, que simularam procedimentos de atendimentos, em rela\u00e7\u00e3o aos protocolos utilizados atualmente para tratamento e diagn\u00f3stico de IST\/HIV\/Aids, preven\u00e7\u00e3o combinada e fluxogramas de transmiss\u00e3o. A a\u00e7\u00e3o visa o aprimoramento no acesso e atua\u00e7\u00e3o das equipes da Marinha do Brasil.<\/p>\n<p><img decoding=\"async\" class=\"aligncenter size-gallery wp-image-37418\" src=\"https:\/\/amazonia.fiocruz.br\/wp-content\/uploads\/2022\/08\/Curso-ISTs-Marinha_Foto-Ingrid-Anne_Fiocruz-Amazonia_25.08.22-48-845x684.jpg\" alt=\"\" width=\"845\" height=\"684\" srcset=\"https:\/\/amazonia.fiocruz.br\/wp-content\/uploads\/2022\/08\/Curso-ISTs-Marinha_Foto-Ingrid-Anne_Fiocruz-Amazonia_25.08.22-48-845x684.jpg 845w, https:\/\/amazonia.fiocruz.br\/wp-content\/uploads\/2022\/08\/Curso-ISTs-Marinha_Foto-Ingrid-Anne_Fiocruz-Amazonia_25.08.22-48-495x400.jpg 495w\" sizes=\"(max-width: 845px) 100vw, 845px\" \/><\/p>\n<p style=\"text-align: justify;\">Para a enfermeira, Leidiane Oliveira, 1\u00ba Tenente da Marinha, a experi\u00eancia foi de suma relev\u00e2ncia para o desenvolvimento do trabalho realizado nas comunidades ribeirinhas do Amazonas. \u201cPrimeiramente quero parabenizar os instrutores, por dominarem t\u00e3o bem o conte\u00fado e, conseguirem nos passar esse conhecimento de uma forma bastante din\u00e2mica. O curso superou minhas expectativas. O aprendizado adquirido aqui, ser\u00e1 muito importante para levarmos ao interior do Estado, atrav\u00e9s do trabalho que desenvolvemos nas popula\u00e7\u00f5es ribeirinhas. As aulas foram bastante esclarecedoras e abriram um leque de possibilidade, sobre como podemos trabalhar, explorando t\u00e9cnicas e abordagens ensinadas durante as din\u00e2micas do curso\u201d, explicou.<\/p>\n<p><img decoding=\"async\" class=\"aligncenter size-gallery wp-image-37419\" src=\"https:\/\/amazonia.fiocruz.br\/wp-content\/uploads\/2022\/08\/Curso-ISTs-Marinha_Foto-Eduardo-Gomes_Fiocruz-Amazonia_24.08.22-29-845x684.jpg\" alt=\"\" width=\"845\" height=\"684\" srcset=\"https:\/\/amazonia.fiocruz.br\/wp-content\/uploads\/2022\/08\/Curso-ISTs-Marinha_Foto-Eduardo-Gomes_Fiocruz-Amazonia_24.08.22-29-845x684.jpg 845w, https:\/\/amazonia.fiocruz.br\/wp-content\/uploads\/2022\/08\/Curso-ISTs-Marinha_Foto-Eduardo-Gomes_Fiocruz-Amazonia_24.08.22-29-495x400.jpg 495w\" sizes=\"(max-width: 845px) 100vw, 845px\" \/><\/p>\n<p style=\"text-align: justify;\">Entre os temas abordados no \u00e2mbito da capacita\u00e7\u00e3o, est\u00e3o os seguintes conte\u00fados: Import\u00e2ncia das ISTs no contexto brasileiro e global, aspectos cl\u00ednicos das ISTs, IST no contexto da preven\u00e7\u00e3o combinada, uso de preservativos masculino e feminino e como atuar no seu local de trabalho frente a casos de IST e como dialogar sobre preven\u00e7\u00e3o.<\/p>\n<h6 style=\"text-align: justify;\"><strong><em>ILMD\/Fiocruz Amaz\u00f4nia, por Eduardo Gomes<\/em><\/strong><\/h6>\n<h6 style=\"text-align: justify;\"><strong><em>Fotos: Ingrid Anne \/ Eduardo Gomes (ILMD\/Fiocruz Amaz\u00f4nia)<\/em><\/strong><\/h6>\n<\/div><\/section>\n","protected":false},"excerpt":{"rendered":"<p>A\u00e7\u00e3o visa o aprimoramento no acesso e atua\u00e7\u00e3o das equipes da Marinha do Brasil<\/p>\n","protected":false},"author":20,"featured_media":37414,"comment_status":"closed","ping_status":"closed","sticky":true,"template":"","format":"image","meta":{"footnotes":""},"categories":[15],"tags":[136,120,119,131,1121],"class_list":["post-37413","post","type-post","status-publish","format-image","has-post-thumbnail","hentry","category-noticias","tag-fiocruz","tag-fiocruz-amazonia","tag-ilmd","tag-ilmdfiocruz-amazonia","tag-marinha-do-brasil","post_format-post-format-image"],"_links":{"self":[{"href":"https:\/\/amazonia.fiocruz.br\/index.php?rest_route=\/wp\/v2\/posts\/37413","targetHints":{"allow":["GET"]}}],"collection":[{"href":"https:\/\/amazonia.fiocruz.br\/index.php?rest_route=\/wp\/v2\/posts"}],"about":[{"href":"https:\/\/amazonia.fiocruz.br\/index.php?rest_route=\/wp\/v2\/types\/post"}],"author":[{"embeddable":true,"href":"https:\/\/amazonia.fiocruz.br\/index.php?rest_route=\/wp\/v2\/users\/20"}],"replies":[{"embeddable":true,"href":"https:\/\/amazonia.fiocruz.br\/index.php?rest_route=%2Fwp%2Fv2%2Fcomments&post=37413"}],"version-history":[{"count":1,"href":"https:\/\/amazonia.fiocruz.br\/index.php?rest_route=\/wp\/v2\/posts\/37413\/revisions"}],"predecessor-version":[{"id":37420,"href":"https:\/\/amazonia.fiocruz.br\/index.php?rest_route=\/wp\/v2\/posts\/37413\/revisions\/37420"}],"wp:featuredmedia":[{"embeddable":true,"href":"https:\/\/amazonia.fiocruz.br\/index.php?rest_route=\/wp\/v2\/media\/37414"}],"wp:attachment":[{"href":"https:\/\/amazonia.fiocruz.br\/index.php?rest_route=%2Fwp%2Fv2%2Fmedia&parent=37413"}],"wp:term":[{"taxonomy":"category","embeddable":true,"href":"https:\/\/amazonia.fiocruz.br\/index.php?rest_route=%2Fwp%2Fv2%2Fcategories&post=37413"},{"taxonomy":"post_tag","embeddable":true,"href":"https:\/\/amazonia.fiocruz.br\/index.php?rest_route=%2Fwp%2Fv2%2Ftags&post=37413"}],"curies":[{"name":"wp","href":"https:\/\/api.w.org\/{rel}","templated":true}]}}