{"id":37374,"date":"2022-08-24T13:53:05","date_gmt":"2022-08-24T17:53:05","guid":{"rendered":"https:\/\/amazonia.fiocruz.br\/?p=37374"},"modified":"2022-08-30T09:45:00","modified_gmt":"2022-08-30T13:45:00","slug":"prorrogado-prazo-para-inscrever-trabalhos-cientificos-sobre-saude-publica-na-amazonia-no-iv-encontro-da-pos-graduacao-do-ilmd-fiocruz-amazonia","status":"publish","type":"post","link":"https:\/\/amazonia.fiocruz.br\/?p=37374","title":{"rendered":"Prorrogado prazo para inscrever trabalhos cient\u00edficos sobre sa\u00fade p\u00fablica na Amaz\u00f4nia no IV Encontro da P\u00f3s-Gradua\u00e7\u00e3o do ILMD\/Fiocruz Amaz\u00f4nia"},"content":{"rendered":"<section class=\"av_textblock_section \"  itemscope=\"itemscope\" itemtype=\"https:\/\/schema.org\/BlogPosting\" itemprop=\"blogPost\" ><div class='avia_textblock  '   itemprop=\"text\" ><p style=\"text-align: justify;\">Foi prorrogado para o pr\u00f3ximo dia 29 de agosto o prazo para submiss\u00e3o de trabalhos cient\u00edficos com temas que abordam os desafios da sa\u00fade p\u00fablica na Amaz\u00f4nia, no IV Encontro da P\u00f3s-Gradua\u00e7\u00e3o do Instituto Le\u00f4nidas &#038; Maria Deane (ILMD\/Fiocruz Amaz\u00f4nia) e no II Encontro dos Programas de P\u00f3s-gradua\u00e7\u00e3o em Sa\u00fade Coletiva, eventos digitais e gratuitos que reunir\u00e3o especialistas para debater o assunto.<\/p>\n<p style=\"text-align: justify;\">Os melhores trabalhos receber\u00e3o certificado de parabeniza\u00e7\u00e3o. As submiss\u00f5es dos trabalhos s\u00e3o voltadas aos estudantes e egressos dos Cursos de P\u00f3s-gradua\u00e7\u00e3o Stricto Sensu e dos Programas de Inicia\u00e7\u00e3o Cient\u00edfica do ILMD\/Fiocruz Amaz\u00f4nia, do Programa de P\u00f3s-gradua\u00e7\u00e3o em Sa\u00fade Coletiva da Universidade do Estado do Amazonas (PPGSC-UEA) e do Doutorado em Sa\u00fade P\u00fablica na Amaz\u00f4nia (DASPAM-Fiocruz\/UFAM\/UEA).<\/p>\n<p style=\"text-align: justify;\">\u201cN\u00e3o \u00e9 novidade que a regi\u00e3o amaz\u00f4nica ainda enfrenta muitos problemas e que podem ser solucionados com interven\u00e7\u00f5es baseadas na Ci\u00eancia. Por isso, o evento reunir\u00e1 tr\u00eas institui\u00e7\u00f5es que investem muito em pesquisas acad\u00eamicas e proporcionar\u00e1 trocas de saberes. Desta forma, uma parte colabora com a outra e todos, em especial a popula\u00e7\u00e3o, saem ganhando\u201d, destaca o cientista do ILMD\/Fiocruz Amaz\u00f4nia e coordenador do evento, Fernando Herkrath.<\/p>\n<p style=\"text-align: justify;\">As pesquisas cient\u00edficas devem se enquadrar nas categorias: Sa\u00fade Coletiva, Biologia de Intera\u00e7\u00e3o Pat\u00f3geno Hospedeiro, ou Relato de Experi\u00eancia. Al\u00e9m disso, cada participante pode submeter at\u00e9 dois resumos vinculados \u00e0 sua inscri\u00e7\u00e3o. N\u00e3o h\u00e1 limite para a participa\u00e7\u00e3o em coautoria de trabalhos inscritos por outros participantes.<\/p>\n<p style=\"text-align: justify;\">Os trabalhos de inicia\u00e7\u00e3o cient\u00edfica devem ser indicados na modalidade Painel Aspirante, dentro de cada uma das categorias citadas. As orienta\u00e7\u00f5es gerais para inscri\u00e7\u00e3o do trabalho est\u00e3o no site [<a href=\"https:\/\/abre.ai\/eVp4\">https:\/\/abre.ai\/eVp4<\/a>].<\/p>\n<p style=\"text-align: justify;\">As pesquisas devem ser enviadas at\u00e9 a segunda-feira, 29\/08, \u00e0s 23:59h (hor\u00e1rio de Manaus), para o e-mail jcientifica.ilmd@fiocruz.br. O assunto da mensagem dever\u00e1 ser \u201cAPRESENTA\u00c7\u00c3O DE TRABALHO\u201d, em caixa alta.<\/p>\n<p style=\"text-align: justify;\"><strong>SOBRE O EVENTO<\/strong><\/p>\n<p style=\"text-align: justify;\">\u201cComo superar os desafios em sa\u00fade p\u00fablica na Amaz\u00f4nia\u201d ser\u00e1 o tema central do IV Encontro da P\u00f3s-Gradua\u00e7\u00e3o do Instituto Le\u00f4nidas &#038; Maria Deane (ILMD\/Fiocruz Amaz\u00f4nia) e do II Encontro dos Programas de P\u00f3s-gradua\u00e7\u00e3o em Sa\u00fade Coletiva, que acontecer\u00e3o de forma on-line, de 13 a 16 de setembro, com inscri\u00e7\u00e3o gratuita.<\/p>\n<p style=\"text-align: justify;\">O evento \u00e9 aberto ao p\u00fablico em geral, principalmente para pesquisadores, alunos de p\u00f3s-gradua\u00e7\u00e3o e de inicia\u00e7\u00e3o cient\u00edfica, al\u00e9m de profissionais da sa\u00fade e de \u00e1reas afins. A inscri\u00e7\u00e3o pode ser feita neste link: <a href=\"https:\/\/abre.ai\/eVpR\">https:\/\/abre.ai\/eVpR<\/a>.<\/p>\n<p style=\"text-align: justify;\">A programa\u00e7\u00e3o ter\u00e1 mesas de debates, palestras, rodas de conversa, apresenta\u00e7\u00e3o de pesquisas cient\u00edficas e atividades culturais. As transmiss\u00f5es dos dois eventos ser\u00e3o realizadas pelo canal da ILMD\/Fiocruz Amaz\u00f4nia no YoutTube: <a href=\"https:\/\/abre.ai\/eVpY\">https:\/\/abre.ai\/eVpY<\/a>.<\/p>\n<\/div><\/section>\n","protected":false},"excerpt":{"rendered":"<p>Programa\u00e7\u00e3o ter\u00e1 mesas de debates, palestras, rodas de conversa, apresenta\u00e7\u00e3o de pesquisas cient\u00edficas e atividades culturais. <\/p>\n","protected":false},"author":20,"featured_media":37375,"comment_status":"closed","ping_status":"closed","sticky":true,"template":"","format":"image","meta":{"footnotes":""},"categories":[15],"tags":[136,120,119,131,190],"class_list":["post-37374","post","type-post","status-publish","format-image","has-post-thumbnail","hentry","category-noticias","tag-fiocruz","tag-fiocruz-amazonia","tag-ilmd","tag-ilmdfiocruz-amazonia","tag-pos-graduacao","post_format-post-format-image"],"_links":{"self":[{"href":"https:\/\/amazonia.fiocruz.br\/index.php?rest_route=\/wp\/v2\/posts\/37374","targetHints":{"allow":["GET"]}}],"collection":[{"href":"https:\/\/amazonia.fiocruz.br\/index.php?rest_route=\/wp\/v2\/posts"}],"about":[{"href":"https:\/\/amazonia.fiocruz.br\/index.php?rest_route=\/wp\/v2\/types\/post"}],"author":[{"embeddable":true,"href":"https:\/\/amazonia.fiocruz.br\/index.php?rest_route=\/wp\/v2\/users\/20"}],"replies":[{"embeddable":true,"href":"https:\/\/amazonia.fiocruz.br\/index.php?rest_route=%2Fwp%2Fv2%2Fcomments&post=37374"}],"version-history":[{"count":3,"href":"https:\/\/amazonia.fiocruz.br\/index.php?rest_route=\/wp\/v2\/posts\/37374\/revisions"}],"predecessor-version":[{"id":37403,"href":"https:\/\/amazonia.fiocruz.br\/index.php?rest_route=\/wp\/v2\/posts\/37374\/revisions\/37403"}],"wp:featuredmedia":[{"embeddable":true,"href":"https:\/\/amazonia.fiocruz.br\/index.php?rest_route=\/wp\/v2\/media\/37375"}],"wp:attachment":[{"href":"https:\/\/amazonia.fiocruz.br\/index.php?rest_route=%2Fwp%2Fv2%2Fmedia&parent=37374"}],"wp:term":[{"taxonomy":"category","embeddable":true,"href":"https:\/\/amazonia.fiocruz.br\/index.php?rest_route=%2Fwp%2Fv2%2Fcategories&post=37374"},{"taxonomy":"post_tag","embeddable":true,"href":"https:\/\/amazonia.fiocruz.br\/index.php?rest_route=%2Fwp%2Fv2%2Ftags&post=37374"}],"curies":[{"name":"wp","href":"https:\/\/api.w.org\/{rel}","templated":true}]}}