{"id":37336,"date":"2022-08-12T07:49:58","date_gmt":"2022-08-12T11:49:58","guid":{"rendered":"https:\/\/amazonia.fiocruz.br\/?p=37336"},"modified":"2022-08-12T07:49:58","modified_gmt":"2022-08-12T11:49:58","slug":"centro-de-estudos-ira-abordar-plataforma-de-bioensaios-para-o-estudo-pre-clinico-de-substancias-e-formulacoes-vacinais-com-potencial-antimalarico","status":"publish","type":"post","link":"https:\/\/amazonia.fiocruz.br\/?p=37336","title":{"rendered":"Centro de Estudos ir\u00e1 abordar plataforma de bioensaios para o estudo pr\u00e9-cl\u00ednico de subst\u00e2ncias e formula\u00e7\u00f5es vacinais com potencial antimal\u00e1rico"},"content":{"rendered":"<section class=\"av_textblock_section \"  itemscope=\"itemscope\" itemtype=\"https:\/\/schema.org\/BlogPosting\" itemprop=\"blogPost\" ><div class='avia_textblock  '   itemprop=\"text\" ><p style=\"text-align: justify;\">O Centro de Estudos do Instituto Le\u00f4nidas &amp; Maria Deane (ILMD\/Fiocruz Amaz\u00f4nia), apresenta na pr\u00f3xima sexta-feira, 12\/8, \u00e0s 10h (hor\u00e1rio\/Manaus), a palestra: Plataforma de bioensaios em\u00a0<em>Plasmodium vivax<\/em>: avalia\u00e7\u00e3o da atividade de f\u00e1rmacos e vacinas nos diferentes est\u00e1gios de vida do parasita, a ser ministrada por Stefanie Costa Pinto Lopes, pesquisadora e Vice-Diretora de de Pesquisa e Inova\u00e7\u00e3o da Institui\u00e7\u00e3o.<\/p>\n<p style=\"text-align: justify;\">A palestra versar\u00e1 sobre a plataforma de bioensaios para o estudo pr\u00e9-cl\u00ednico de subst\u00e2ncias e formula\u00e7\u00f5es vacinais com potencial antimal\u00e1rico contra os diferentes est\u00e1gios de vida de\u00a0<em>Plasmodium vivax,<\/em>\u00a0seja no hospedeiro humano em seus dois ciclos hep\u00e1tico e sangu\u00edneo como tamb\u00e9m no vetor da doen\u00e7a, o mosquito do g\u00eanero Anopheles. Segundo a pesquisadora, \u201cos desafios para o desenvolvimento destes testes residem na aus\u00eancia de uma cultura de longo termo para esta esp\u00e9cie, fazendo com que todos estes bioensaios tenham que ser conduzidos com amostras frescas recentemente coletadas de pacientes diagnosticados com a doen\u00e7a e, portanto, estes ensaios s\u00e3o fact\u00edveis em regi\u00f5es end\u00eamicas da doen\u00e7a que apresentam em sua maioria infraestrutura de pesquisa mais incipiente\u201d, explicou.<\/p>\n<p style=\"text-align: justify;\">Ser\u00e3o apresentados os bioensaios validados pelo grupo de pesquisa da Dra Stefanie Lopes, os desafios para a padroniza\u00e7\u00e3o destes ensaios e os avan\u00e7os alcan\u00e7ados com estes ensaios. A apresenta\u00e7\u00e3o ocorrer\u00e1 atrav\u00e9s da plataforma Zoom, por meio do link: <a href=\"https:\/\/us06web.zoom.us\/j\/82629428939?pwd=YlNBZkJCTzdhNmVyd1JCWFFCenR4Zz09\" target=\"_blank\" rel=\"noreferrer noopener\">https:\/\/us06web.zoom.us\/j\/82629428939?pwd=YlNBZkJCTzdhNmVyd1JCWFFCenR4Zz09<\/a> com acesso atrav\u00e9s do (ID: 826 2942 8939) e (Senha de acesso: 653032).<\/p>\n<p style=\"text-align: justify;\"><strong>SOBRE O PALESTRANTE<\/strong><\/p>\n<p style=\"text-align: justify;\">Stefanie Lopes \u00e9 pesquisadora em Sa\u00fade P\u00fablica no Instituto Le\u00f4nidas e Maria Deane &#8211; Fiocruz Amaz\u00f4nia. Formou-se em Ci\u00eancias Biol\u00f3gicas pela Universidade Estadual de Campinas, onde obteve Mestrado e Doutorado, em Gen\u00e9tica e Biologia Molecular.<\/p>\n<p style=\"text-align: justify;\">Sua principal \u00e1rea de pesquisa \u00e9 a biologia de <em>Plasmodium vivax<\/em>, com foco na compreens\u00e3o do significado biol\u00f3gico de fen\u00f3tipos citoadesivos desta esp\u00e9cie de Plasmodium. Seu grupo est\u00e1 atualmente investigando as habilidades de citoades\u00e3o de gamet\u00f3citos de <em>P. vivax<\/em> e seu papel na infec\u00e7\u00e3o no inseto vetor da mal\u00e1ria.<\/p>\n<p style=\"text-align: justify;\">Al\u00e9m disso, o grupo tamb\u00e9m est\u00e1 tentando desenvolver uma plataforma para investigar drogas com a\u00e7\u00e3o em diferentes est\u00e1gios de vida de <em>Plasmodium vivax<\/em>. Foi coordenadora do PPGBIO-Intera\u00e7\u00e3o de 2018 a 2022. Atualmente \u00e9 Vice-Diretora de Pesquisa e Inova\u00e7\u00e3o da Fiocruz Amaz\u00f4nia.<\/p>\n<p style=\"text-align: justify;\"><strong>CENTRO DE ESTUDOS<\/strong><\/p>\n<p style=\"text-align: justify;\">O Centro de Estudos do ILMD\/Fiocruz Amaz\u00f4nia \u00e9 um n\u00facleo que oportuniza encontros, palestras, semin\u00e1rios e debates sobre diversos temas ligados \u00e0 pesquisa e ao ensino para a promo\u00e7\u00e3o da sa\u00fade.<\/p>\n<p style=\"text-align: justify;\">Os eventos s\u00e3o gratuitos e ocorrem \u00e0s sextas-feiras. As atividades s\u00e3o destinadas a estudantes de gradua\u00e7\u00e3o e p\u00f3s-gradua\u00e7\u00e3o, pesquisadores, professores e trabalhadores da \u00e1rea da Sa\u00fade.<\/p>\n<h6 style=\"text-align: justify;\"><strong><em>ILMD\/Fiocruz Amaz\u00f4nia, por Eduardo Gomes<\/em><\/strong><\/h6>\n<h6 style=\"text-align: justify;\"><strong><em>Imagem: Mackesy Nascimento<\/em><\/strong><\/h6>\n<\/div><\/section>\n","protected":false},"excerpt":{"rendered":"<p>As atividades s\u00e3o destinadas a estudantes de gradua\u00e7\u00e3o e p\u00f3s-gradua\u00e7\u00e3o, pesquisadores, professores e trabalhadores da \u00e1rea da Sa\u00fade.<\/p>\n","protected":false},"author":20,"featured_media":37337,"comment_status":"closed","ping_status":"closed","sticky":true,"template":"","format":"image","meta":{"footnotes":""},"categories":[15],"tags":[118,136,120,119,131,121],"class_list":["post-37336","post","type-post","status-publish","format-image","has-post-thumbnail","hentry","category-noticias","tag-centro-de-estudos","tag-fiocruz","tag-fiocruz-amazonia","tag-ilmd","tag-ilmdfiocruz-amazonia","tag-palestra","post_format-post-format-image"],"_links":{"self":[{"href":"https:\/\/amazonia.fiocruz.br\/index.php?rest_route=\/wp\/v2\/posts\/37336","targetHints":{"allow":["GET"]}}],"collection":[{"href":"https:\/\/amazonia.fiocruz.br\/index.php?rest_route=\/wp\/v2\/posts"}],"about":[{"href":"https:\/\/amazonia.fiocruz.br\/index.php?rest_route=\/wp\/v2\/types\/post"}],"author":[{"embeddable":true,"href":"https:\/\/amazonia.fiocruz.br\/index.php?rest_route=\/wp\/v2\/users\/20"}],"replies":[{"embeddable":true,"href":"https:\/\/amazonia.fiocruz.br\/index.php?rest_route=%2Fwp%2Fv2%2Fcomments&post=37336"}],"version-history":[{"count":1,"href":"https:\/\/amazonia.fiocruz.br\/index.php?rest_route=\/wp\/v2\/posts\/37336\/revisions"}],"predecessor-version":[{"id":37338,"href":"https:\/\/amazonia.fiocruz.br\/index.php?rest_route=\/wp\/v2\/posts\/37336\/revisions\/37338"}],"wp:featuredmedia":[{"embeddable":true,"href":"https:\/\/amazonia.fiocruz.br\/index.php?rest_route=\/wp\/v2\/media\/37337"}],"wp:attachment":[{"href":"https:\/\/amazonia.fiocruz.br\/index.php?rest_route=%2Fwp%2Fv2%2Fmedia&parent=37336"}],"wp:term":[{"taxonomy":"category","embeddable":true,"href":"https:\/\/amazonia.fiocruz.br\/index.php?rest_route=%2Fwp%2Fv2%2Fcategories&post=37336"},{"taxonomy":"post_tag","embeddable":true,"href":"https:\/\/amazonia.fiocruz.br\/index.php?rest_route=%2Fwp%2Fv2%2Ftags&post=37336"}],"curies":[{"name":"wp","href":"https:\/\/api.w.org\/{rel}","templated":true}]}}