{"id":37319,"date":"2022-08-08T09:27:04","date_gmt":"2022-08-08T13:27:04","guid":{"rendered":"https:\/\/amazonia.fiocruz.br\/?p=37319"},"modified":"2022-08-08T15:29:25","modified_gmt":"2022-08-08T19:29:25","slug":"fiocruz-amazonia-e-referencia-para-diagnostico-laboratorial-da-monkeypox-na-regiao-norte","status":"publish","type":"post","link":"https:\/\/amazonia.fiocruz.br\/?p=37319","title":{"rendered":"Fiocruz Amaz\u00f4nia \u00e9 refer\u00eancia para diagn\u00f3stico laboratorial da monkeypox na Regi\u00e3o Norte"},"content":{"rendered":"<section class=\"av_textblock_section \"  itemscope=\"itemscope\" itemtype=\"https:\/\/schema.org\/BlogPosting\" itemprop=\"blogPost\" ><div class='avia_textblock  '   itemprop=\"text\" ><p style=\"text-align: justify;\">O N\u00facleo de Vigil\u00e2ncia de V\u00edrus Emergentes, Reemergentes ou Negligenciados (ViVER), vinculado ao Laborat\u00f3rio de Ecologia de Doen\u00e7as Trasmiss\u00edveis na Amaz\u00f4nia do ILMD\/Fiocruz Amaz\u00f4nia, com sede em Manaus, \u00e9 um dos oito laborat\u00f3rios de refer\u00eancia para o diagn\u00f3stico de Var\u00edola dos Macacos no Brasil, conforme ficou estabelecido pelo Plano Nacional de Conting\u00eancia para a Monkeypox lan\u00e7ado pelo Centro de Opera\u00e7\u00f5es de Emerg\u00eancia em Sa\u00fade P\u00fablica do Minist\u00e9rio da Sa\u00fade. At\u00e9 agora, quatro casos da doen\u00e7a no Amazonas tiveram confirma\u00e7\u00e3o de diagn\u00f3stico laboratorial feito pela Fiocruz Amaz\u00f4nia, que atender\u00e1 tamb\u00e9m \u00e0 demanda de diagn\u00f3sticos da Monkeypox dos Estados do Acre e Roraima. O laborat\u00f3rio do ILMD j\u00e1 \u00e9 refer\u00eancia na vigil\u00e2ncia gen\u00f4mica da Covid-19.<\/p>\n<p style=\"text-align: justify;\">O virologista Felipe Naveca, que coordena a equipe, explica a import\u00e2ncia da cria\u00e7\u00e3o da rede de diagn\u00f3stico laboratorial para a Monkeypox no Brasil, neste momento em que o n\u00famero de casos da doen\u00e7a apresenta tend\u00eancia de aumento. &#8220;Com o aumento dos casos de Monkeypox em todo o Mundo, se tornou mais que necess\u00e1rio aumentar nossa resposta do ponto de vista de vigil\u00e2ncia, incluindo a vigil\u00e2ncia laboratorial, ou seja, a confirma\u00e7\u00e3o dos casos suspeitos o mais r\u00e1pido poss\u00edvel. \u00c9 neste sentido, que o ILMD passou a integrar a rede nacional de refer\u00eancia para esses casos, capazes de responder com o diagn\u00f3stico, referendado pelo Minist\u00e9rio da Sa\u00fade&#8221;, explica Naveca.<\/p>\n<p style=\"text-align: justify;\">Junto com o ILMD-Fiocruz Amaz\u00f4nia, comp\u00f5em a rede de refer\u00eancia do Minist\u00e9rio da Sa\u00fade o Laborat\u00f3rio de Virologia Molecular do Instituto de Biologia da Universidade Federal do Rio de Janeiro (UFRJ), o Laborat\u00f3rio de Enterov\u00edrus da Fiocruz-RJ, o Laborat\u00f3rio Central de Sa\u00fade P\u00fablica de Minas Gerais, Instituto Adolpho Lutz (Lacen-SP), Laborat\u00f3rio de Biologia Molecular do V\u00edrus do Instituto de Biof\u00edsica Carlos Chagas Filho, Laborat\u00f3rio Central do Distrito Federal (Lacen-DF), Laborat\u00f3rio Central do Rio Grande do Sul (Lacen-RS), Instituto Evandro Chagas (PA).<\/p>\n<p><img decoding=\"async\" class=\"aligncenter size-gallery wp-image-37320\" src=\"https:\/\/amazonia.fiocruz.br\/wp-content\/uploads\/2022\/08\/464fe1da-b372-4cc1-9ab6-0d71f8bd1e4e-845x684.jpg\" alt=\"\" width=\"845\" height=\"684\" srcset=\"https:\/\/amazonia.fiocruz.br\/wp-content\/uploads\/2022\/08\/464fe1da-b372-4cc1-9ab6-0d71f8bd1e4e-845x684.jpg 845w, https:\/\/amazonia.fiocruz.br\/wp-content\/uploads\/2022\/08\/464fe1da-b372-4cc1-9ab6-0d71f8bd1e4e-495x400.jpg 495w\" sizes=\"(max-width: 845px) 100vw, 845px\" \/><\/p>\n<p style=\"text-align: justify;\">Felipe Naveca destaca que atualmente est\u00e3o sendo feitos ensaios de PCR em tempo real para os diagn\u00f3sticos laboratoriais, seguindo o protocolo do Centro de Controle e Preven\u00e7\u00e3o de Doen\u00e7as dos Estados Unidos, em uso em todas as redes. \u201cUma vez que nos tornamos laborat\u00f3rio de refer\u00eancia, n\u00e3o h\u00e1 necessidade de confirma\u00e7\u00e3o dos casos por outros laborat\u00f3rios, anteriormente o Amazonas era referenciado pelo Lacen-MG, n\u00e3o existe mais essa necessidade. Nosso resultado \u00e9 definitivo\u201d, salientou.<\/p>\n<p style=\"text-align: justify;\">Naveca ressalta que, no Amazonas, a parte de vigil\u00e2ncia de campo, que compreende a busca ativa dos pacientes e coletas de amostras, \u00e9 de responsabilidade da Funda\u00e7\u00e3o de Vigil\u00e2ncia Sanit\u00e1ria Dra. Rosemary Costa Pinto e do Laborat\u00f3rio Central do Amazonas. Segundo o virologista, as an\u00e1lises das amostras no laborat\u00f3rio da Fiocruz Amaz\u00f4nia s\u00e3o feitas em menos de 24 horas, com o resultado positivo ou n\u00e3o para Monkeypox. Segundo Naveca, ainda n\u00e3o foram confirmados casos da doen\u00e7a no interior do Amazonas.<\/p>\n<p style=\"text-align: justify;\">Conforme determina\u00e7\u00e3o do Minist\u00e9rio da Sa\u00fade, o Instituto Evandro Chagas (PA) e o ILMD-Fiocruz Amaz\u00f4nia s\u00e3o os dois laborat\u00f3rios da regi\u00e3o Norte a integrar a rede, com a responsabilidade de apoiar aos demais estados. \u201cEstamos preparados para, num segundo momento, fazer o treinamento de outros laborat\u00f3rios, o que ainda n\u00e3o nos foi solicitado pelo Minist\u00e9rio da Sa\u00fade, mas o importante \u00e9 que essa rede aumente e num futuro passemos a ter mais laborat\u00f3rios fazendo o diagn\u00f3stico\u201d, observou.<\/p>\n<p style=\"text-align: justify;\">Naveca admite que o risco de aumento de casos \u00e9 uma realidade, com o agravante de ainda estarmos vivendo uma pandemia de Covid-19. \u201c\u00c9 preciso estar preparado. Os Estados Unidos decretaram emerg\u00eancia por causa de monkeypox h\u00e1 cerca de tr\u00eas dias. Aquilo que parecia ser algo que seria facilmente contido no in\u00edcio n\u00e3o mostrou esse cen\u00e1rio e estamos vivendo ainda uma pandemia de Covid, tendo um risco de um aumento grande de casos. Por conta do aumento importante de casos a monkeypox se tornou uma segunda emerg\u00eancia de sa\u00fade p\u00fablica de import\u00e2ncia internacional\u201d, finalizou.<\/p>\n<div class=\"entry-content\">\n<section class=\"av_textblock_section \">\n<div class=\"avia_textblock \">\n<h6><strong><em>ILMD\/ Fiocruz Amaz\u00f4nia, por J\u00falio Pedrosa<\/em><\/strong><\/h6>\n<h6><strong><em>Fotos: Ingrid Anne<\/em><\/strong><\/h6>\n<\/div>\n<\/section>\n<\/div>\n<\/div><\/section>\n","protected":false},"excerpt":{"rendered":"<p>O ILMD passou a integrar a rede nacional de refer\u00eancia para esses casos, capazes de responder com o diagn\u00f3stico, referendado pelo Minist\u00e9rio da Sa\u00fade.<\/p>\n","protected":false},"author":20,"featured_media":37321,"comment_status":"closed","ping_status":"closed","sticky":true,"template":"","format":"image","meta":{"footnotes":""},"categories":[15],"tags":[136,120,119,131,1127,1128],"class_list":["post-37319","post","type-post","status-publish","format-image","has-post-thumbnail","hentry","category-noticias","tag-fiocruz","tag-fiocruz-amazonia","tag-ilmd","tag-ilmdfiocruz-amazonia","tag-monkeypox","tag-variola-dos-macacos","post_format-post-format-image"],"_links":{"self":[{"href":"https:\/\/amazonia.fiocruz.br\/index.php?rest_route=\/wp\/v2\/posts\/37319","targetHints":{"allow":["GET"]}}],"collection":[{"href":"https:\/\/amazonia.fiocruz.br\/index.php?rest_route=\/wp\/v2\/posts"}],"about":[{"href":"https:\/\/amazonia.fiocruz.br\/index.php?rest_route=\/wp\/v2\/types\/post"}],"author":[{"embeddable":true,"href":"https:\/\/amazonia.fiocruz.br\/index.php?rest_route=\/wp\/v2\/users\/20"}],"replies":[{"embeddable":true,"href":"https:\/\/amazonia.fiocruz.br\/index.php?rest_route=%2Fwp%2Fv2%2Fcomments&post=37319"}],"version-history":[{"count":2,"href":"https:\/\/amazonia.fiocruz.br\/index.php?rest_route=\/wp\/v2\/posts\/37319\/revisions"}],"predecessor-version":[{"id":37323,"href":"https:\/\/amazonia.fiocruz.br\/index.php?rest_route=\/wp\/v2\/posts\/37319\/revisions\/37323"}],"wp:featuredmedia":[{"embeddable":true,"href":"https:\/\/amazonia.fiocruz.br\/index.php?rest_route=\/wp\/v2\/media\/37321"}],"wp:attachment":[{"href":"https:\/\/amazonia.fiocruz.br\/index.php?rest_route=%2Fwp%2Fv2%2Fmedia&parent=37319"}],"wp:term":[{"taxonomy":"category","embeddable":true,"href":"https:\/\/amazonia.fiocruz.br\/index.php?rest_route=%2Fwp%2Fv2%2Fcategories&post=37319"},{"taxonomy":"post_tag","embeddable":true,"href":"https:\/\/amazonia.fiocruz.br\/index.php?rest_route=%2Fwp%2Fv2%2Ftags&post=37319"}],"curies":[{"name":"wp","href":"https:\/\/api.w.org\/{rel}","templated":true}]}}