{"id":37240,"date":"2022-07-26T16:17:33","date_gmt":"2022-07-26T20:17:33","guid":{"rendered":"https:\/\/amazonia.fiocruz.br\/?p=37240"},"modified":"2022-07-26T16:17:34","modified_gmt":"2022-07-26T20:17:34","slug":"fiocruz-amazonia-promove-oficina-de-comunicacao-cientifica-para-discentes-dos-programas-de-pos-graduacao","status":"publish","type":"post","link":"https:\/\/amazonia.fiocruz.br\/?p=37240","title":{"rendered":"Fiocruz Amaz\u00f4nia promove oficina de Comunica\u00e7\u00e3o Cient\u00edfica para discentes dos programas de p\u00f3s-gradua\u00e7\u00e3o"},"content":{"rendered":"<section class=\"av_textblock_section \"  itemscope=\"itemscope\" itemtype=\"https:\/\/schema.org\/BlogPosting\" itemprop=\"blogPost\" ><div class='avia_textblock  '   itemprop=\"text\" ><p style=\"text-align: justify;\">O Programa de P\u00f3s-Gradua\u00e7\u00e3o em Biologia da Intera\u00e7\u00e3o Pat\u00f3geno-Hospedeiro (PPGBIO-Intera\u00e7\u00e3o) do Instituto Le\u00f4nidas &amp; Maria Deane (ILMD\/ Fiocruz Amaz\u00f4nia), promove nos dias 27\/7, 3\/8 e 17\/8, das 10h \u00e0s 11h, a oficina \u201cComunica\u00e7\u00e3o Cient\u00edfica\u201d, a ser ministrada por Helder Takashi Imoto Nakaya, pesquisador s\u00eanior do Hospital Israelita Albert Einstein. A atividade ter\u00e1 como p\u00fablico-alvo os pesquisadores e alunos dos cursos de p\u00f3s-gradua\u00e7\u00e3o da Institui\u00e7\u00e3o.<\/p>\n<p style=\"text-align: justify;\">A atividade visa melhorar as habilidades de comunica\u00e7\u00e3o social, as quais possuem relevante impacto no desenvolvimento da carreira de um cientista. A oficina ir\u00e1 fornecer um ambiente pr\u00e1tico, para que o aluno treine e ajuste essas aptid\u00f5es para a divulga\u00e7\u00e3o cient\u00edfica, em sua pr\u00f3pria linha de pesquisa.<\/p>\n<p style=\"text-align: justify;\">De acordo com a Vice-Diretoria de Ensino, Informa\u00e7\u00e3o e Comunica\u00e7\u00e3o (VDEIC) todos os discentes de todos os programas de p\u00f3s-gradua\u00e7\u00e3o ser\u00e3o automaticamente matriculados na oficina, dada a import\u00e2ncia desta oportunidade. Os inscritos, receber\u00e3o e-mail, informando link de acesso para participa\u00e7\u00e3o na atividade.<\/p>\n<p><img decoding=\"async\" class=\"aligncenter size-gallery wp-image-37242\" src=\"https:\/\/amazonia.fiocruz.br\/wp-content\/uploads\/2022\/07\/Oficina-de-Comunicacao-Cientifica_Foto-Ingrid-Anne_Fiocruz-Amazonia_26.07.22-12-845x684.jpg\" alt=\"\" width=\"845\" height=\"684\" srcset=\"https:\/\/amazonia.fiocruz.br\/wp-content\/uploads\/2022\/07\/Oficina-de-Comunicacao-Cientifica_Foto-Ingrid-Anne_Fiocruz-Amazonia_26.07.22-12-845x684.jpg 845w, https:\/\/amazonia.fiocruz.br\/wp-content\/uploads\/2022\/07\/Oficina-de-Comunicacao-Cientifica_Foto-Ingrid-Anne_Fiocruz-Amazonia_26.07.22-12-495x400.jpg 495w\" sizes=\"(max-width: 845px) 100vw, 845px\" \/><\/p>\n<p style=\"text-align: justify;\"><strong>SOBRE O PESQUISADOR<\/strong><\/p>\n<p style=\"text-align: justify;\">Helder \u00e9 pesquisador s\u00eanior do Hospital Israelita Albert Einstein e membro do comit\u00ea cient\u00edfico da Sociedade Brasileira de Imunologia. \u00c9 professor adjunto da Universidade Emory, em Atlanta, nos Estados Unidos, e foi docente e vice-diretor da Faculdade de Ci\u00eancias Farmac\u00eauticas da Universidade de S\u00e3o Paulo (USP).<\/p>\n<p style=\"text-align: justify;\">\u00c9 membro afiliado da Academia Brasileira de Ci\u00eancias (ABC), consultor da CEPI (<em>Coalition for Epidemic Preparedness Innovations<\/em>) e da IUIS (<em>International Union of Immunological Societies<\/em>) e membro do conselho consultivo cient\u00edfico do cons\u00f3rcio europeu da vacina do ebola e do Instituto Internacional de An\u00e1lise de Sistemas Aplicados (IIASA).<\/p>\n<div class=\"entry-content\">\n<section class=\"av_textblock_section \">\n<h6 class=\"avia_textblock \"><em>ILMD\/ Fiocruz Amaz\u00f4nia, por Eduardo Gomes.<\/em><\/h6>\n<h6 class=\"avia_textblock \"><em>Imagem: (Ingrid Anne\/ ILMD Fiocruz Amaz\u00f4nia)<\/em><\/h6>\n<\/section>\n<\/div>\n<\/div><\/section>\n","protected":false},"excerpt":{"rendered":"<p>A atividade ter\u00e1 como p\u00fablico-alvo os pesquisadores e alunos dos cursos de p\u00f3s-gradua\u00e7\u00e3o da Institui\u00e7\u00e3o.<\/p>\n","protected":false},"author":20,"featured_media":37241,"comment_status":"closed","ping_status":"closed","sticky":true,"template":"","format":"image","meta":{"footnotes":""},"categories":[15],"tags":[793,136,120,119,131,130],"class_list":["post-37240","post","type-post","status-publish","format-image","has-post-thumbnail","hentry","category-noticias","tag-comunicacao","tag-fiocruz","tag-fiocruz-amazonia","tag-ilmd","tag-ilmdfiocruz-amazonia","tag-popularizacao-da-ciencia","post_format-post-format-image"],"_links":{"self":[{"href":"https:\/\/amazonia.fiocruz.br\/index.php?rest_route=\/wp\/v2\/posts\/37240","targetHints":{"allow":["GET"]}}],"collection":[{"href":"https:\/\/amazonia.fiocruz.br\/index.php?rest_route=\/wp\/v2\/posts"}],"about":[{"href":"https:\/\/amazonia.fiocruz.br\/index.php?rest_route=\/wp\/v2\/types\/post"}],"author":[{"embeddable":true,"href":"https:\/\/amazonia.fiocruz.br\/index.php?rest_route=\/wp\/v2\/users\/20"}],"replies":[{"embeddable":true,"href":"https:\/\/amazonia.fiocruz.br\/index.php?rest_route=%2Fwp%2Fv2%2Fcomments&post=37240"}],"version-history":[{"count":1,"href":"https:\/\/amazonia.fiocruz.br\/index.php?rest_route=\/wp\/v2\/posts\/37240\/revisions"}],"predecessor-version":[{"id":37243,"href":"https:\/\/amazonia.fiocruz.br\/index.php?rest_route=\/wp\/v2\/posts\/37240\/revisions\/37243"}],"wp:featuredmedia":[{"embeddable":true,"href":"https:\/\/amazonia.fiocruz.br\/index.php?rest_route=\/wp\/v2\/media\/37241"}],"wp:attachment":[{"href":"https:\/\/amazonia.fiocruz.br\/index.php?rest_route=%2Fwp%2Fv2%2Fmedia&parent=37240"}],"wp:term":[{"taxonomy":"category","embeddable":true,"href":"https:\/\/amazonia.fiocruz.br\/index.php?rest_route=%2Fwp%2Fv2%2Fcategories&post=37240"},{"taxonomy":"post_tag","embeddable":true,"href":"https:\/\/amazonia.fiocruz.br\/index.php?rest_route=%2Fwp%2Fv2%2Ftags&post=37240"}],"curies":[{"name":"wp","href":"https:\/\/api.w.org\/{rel}","templated":true}]}}