{"id":37170,"date":"2022-07-13T16:36:24","date_gmt":"2022-07-13T20:36:24","guid":{"rendered":"https:\/\/amazonia.fiocruz.br\/?p=37170"},"modified":"2022-07-13T16:42:32","modified_gmt":"2022-07-13T20:42:32","slug":"vacina-bcg-licoes-a-partir-da-analise-genomica-funcional-sera-tema-do-centro-de-estudos","status":"publish","type":"post","link":"https:\/\/amazonia.fiocruz.br\/?p=37170","title":{"rendered":"Vacina BCG: li\u00e7\u00f5es a partir da an\u00e1lise gen\u00f4mica funcional ser\u00e1 tema do Centro de Estudos"},"content":{"rendered":"<section class=\"av_textblock_section \"  itemscope=\"itemscope\" itemtype=\"https:\/\/schema.org\/BlogPosting\" itemprop=\"blogPost\" ><div class='avia_textblock  '   itemprop=\"text\" ><p>O Centro de Estudos do Instituto Le\u00f4nidas &amp; Maria Deane (ILMD\/Fiocruz Amaz\u00f4nia), apresenta na pr\u00f3xima sexta-feira, 15\/7, \u00e0s 10h (hor\u00e1rio\/Manaus), a palestra: \u201cVacina BCG: li\u00e7\u00f5es a partir da an\u00e1lise gen\u00f4mica funcional\u201d, a ser ministrada por Leila de Mendon\u00e7a Lima, pesquisadora do Instituto Oswaldo Cruz (IOC- Fiocruz)<\/p>\n<p>Na ocasi\u00e3o, o pesquisador abordar\u00e1 os estudos sobre o <em>Mycobacterium bovis BCG Moreau<\/em>, a partir da an\u00e1lise gen\u00f4mica da cepa utilizada no Brasil para a produ\u00e7\u00e3o da vacina contra a tuberculose, com foco no impacto funcional de algumas das muta\u00e7\u00f5es identificadas.<\/p>\n<p>A apresenta\u00e7\u00e3o ocorrer\u00e1 atrav\u00e9s da plataforma Zoom, por meio do link: <a href=\"https:\/\/us06web.zoom.us\/j\/88415777494?pwd=ZW9ST09GVFUrQUpvdG93UTYrRi90dz09\">https:\/\/us06web.zoom.us\/j\/88415777494?pwd=ZW9ST09GVFUrQUpvdG93UTYrRi90dz09<\/a><\/p>\n<p>(ID: 884 1577 7494) e (Senha de acesso: 358853)<\/p>\n<p><strong>SOBRE O PALESTRANTE<\/strong><\/p>\n<p>Leila possui gradua\u00e7\u00e3o em Farm\u00e1cia pela Universidade Federal do Rio de Janeiro, mestrado em Ci\u00eancias Biol\u00f3gicas (Biof\u00edsica) pela Universidade Federal do Rio de Janeiro, doutorado em Ci\u00eancias Biol\u00f3gicas (Gen\u00e9tica) pela Universidade Federal do Rio de Janeiro e p\u00f3s-doutorado em Gen\u00e9tica Molecular Micobacteriana, pelo Instituto Pasteur, Fran\u00e7a.<\/p>\n<p>\u00c9 Pesquisadora Titular da Funda\u00e7\u00e3o Oswaldo Cruz, tendo chefiado o Departamento de Bioqu\u00edmica e Biologia Molecular (2005-2007) e o Laborat\u00f3rio de Gen\u00f4mica Funcional e Bioinform\u00e1tica (2007-2012) do IOC. Coordenou o Programa de P\u00f3s-Gradua\u00e7\u00e3o em Biologia Celular e Molecular do Instituto Oswaldo Cruz (2013-2022). Tem experi\u00eancia na \u00e1rea de Gen\u00e9tica Molecular, com \u00eanfase em gen\u00f4mica e prote\u00f4mica de micobact\u00e9rias e tripanosomat\u00eddeos.<\/p>\n<p><strong>CENTRO DE ESTUDOS<\/strong><\/p>\n<p>O Centro de Estudos do ILMD\/Fiocruz Amaz\u00f4nia \u00e9 um n\u00facleo que oportuniza encontros, palestras, semin\u00e1rios e debates sobre diversos temas ligados \u00e0 pesquisa e ao ensino para a promo\u00e7\u00e3o da sa\u00fade.<\/p>\n<p>Os eventos s\u00e3o gratuitos e ocorrem \u00e0s sextas-feiras. As atividades s\u00e3o destinadas a estudantes de gradua\u00e7\u00e3o e p\u00f3s-gradua\u00e7\u00e3o, pesquisadores, professores e trabalhadores da \u00e1rea da Sa\u00fade.<\/p>\n<h6><strong><em>ILMD\/Fiocruz Amaz\u00f4nia, por Eduardo Gomes<\/em><\/strong><\/h6>\n<h6><strong><em>Imagem: Mackesy Nascimento<\/em><\/strong><\/h6>\n<\/div><\/section>\n","protected":false},"excerpt":{"rendered":"<p>Pesquisador abordar\u00e1 os estudos sobre o Mycobacterium bovis BCG Moreau, a partir da an\u00e1lise gen\u00f4mica da cepa utilizada no Brasil para a produ\u00e7\u00e3o da vacina contra a tuberculose<\/p>\n","protected":false},"author":20,"featured_media":37171,"comment_status":"closed","ping_status":"closed","sticky":true,"template":"","format":"image","meta":{"footnotes":""},"categories":[15],"tags":[],"class_list":["post-37170","post","type-post","status-publish","format-image","has-post-thumbnail","hentry","category-noticias","post_format-post-format-image"],"_links":{"self":[{"href":"https:\/\/amazonia.fiocruz.br\/index.php?rest_route=\/wp\/v2\/posts\/37170","targetHints":{"allow":["GET"]}}],"collection":[{"href":"https:\/\/amazonia.fiocruz.br\/index.php?rest_route=\/wp\/v2\/posts"}],"about":[{"href":"https:\/\/amazonia.fiocruz.br\/index.php?rest_route=\/wp\/v2\/types\/post"}],"author":[{"embeddable":true,"href":"https:\/\/amazonia.fiocruz.br\/index.php?rest_route=\/wp\/v2\/users\/20"}],"replies":[{"embeddable":true,"href":"https:\/\/amazonia.fiocruz.br\/index.php?rest_route=%2Fwp%2Fv2%2Fcomments&post=37170"}],"version-history":[{"count":1,"href":"https:\/\/amazonia.fiocruz.br\/index.php?rest_route=\/wp\/v2\/posts\/37170\/revisions"}],"predecessor-version":[{"id":37172,"href":"https:\/\/amazonia.fiocruz.br\/index.php?rest_route=\/wp\/v2\/posts\/37170\/revisions\/37172"}],"wp:featuredmedia":[{"embeddable":true,"href":"https:\/\/amazonia.fiocruz.br\/index.php?rest_route=\/wp\/v2\/media\/37171"}],"wp:attachment":[{"href":"https:\/\/amazonia.fiocruz.br\/index.php?rest_route=%2Fwp%2Fv2%2Fmedia&parent=37170"}],"wp:term":[{"taxonomy":"category","embeddable":true,"href":"https:\/\/amazonia.fiocruz.br\/index.php?rest_route=%2Fwp%2Fv2%2Fcategories&post=37170"},{"taxonomy":"post_tag","embeddable":true,"href":"https:\/\/amazonia.fiocruz.br\/index.php?rest_route=%2Fwp%2Fv2%2Ftags&post=37170"}],"curies":[{"name":"wp","href":"https:\/\/api.w.org\/{rel}","templated":true}]}}