{"id":36987,"date":"2022-06-21T15:53:38","date_gmt":"2022-06-21T19:53:38","guid":{"rendered":"https:\/\/amazonia.fiocruz.br\/?p=36987"},"modified":"2022-06-21T16:03:38","modified_gmt":"2022-06-21T20:03:38","slug":"fiocruz-amazonia-apresenta-resultados-de-estudo-sobre-saude-da-populacao-indigena-em-contexto-urbano","status":"publish","type":"post","link":"https:\/\/amazonia.fiocruz.br\/?p=36987","title":{"rendered":"Fiocruz Amaz\u00f4nia apresenta resultados de estudo sobre sa\u00fade da popula\u00e7\u00e3o ind\u00edgena em contexto urbano"},"content":{"rendered":"<section class=\"av_textblock_section \"  itemscope=\"itemscope\" itemtype=\"https:\/\/schema.org\/BlogPosting\" itemprop=\"blogPost\" ><div class='avia_textblock  '   itemprop=\"text\" ><p style=\"text-align: justify;\">Os resultados do projeto \u201cMana\u00f3s: sa\u00fade da popula\u00e7\u00e3o ind\u00edgena em contexto urbano\u201d, coordenado por Rodrigo Tobias, pesquisador do Laborat\u00f3rio de Hist\u00f3ria, Pol\u00edticas P\u00fablicas e Sa\u00fade na Amaz\u00f4nia (LAHPSA), do Instituto Le\u00f4nidas &amp; Maria Deane (ILMD\/ Fiocruz Amaz\u00f4nia), foram apresentados nesta quarta-feira, 14\/6, durante uma roda de conversa, realizada na Associa\u00e7\u00e3o Ind\u00edgena e de Moradores do Parque das Tribos (AIMPT), localizada no bairro Tarum\u00e3 A\u00e7u ramal do Bancrevea \u2013 Manaus\/AM. A a\u00e7\u00e3o foi marcada ainda pela entrega do relat\u00f3rio final das atividades do projeto, que avaliou as condi\u00e7\u00f5es de sa\u00fade da popula\u00e7\u00e3o ind\u00edgena, residente na Comunidade, e sua capacidade de acesso \u00e0 rede de servi\u00e7os de sa\u00fade, em Manaus (AM).<\/p>\n<p style=\"text-align: justify;\">Realizado ao longo de 12 meses, o projeto foi aprovado na Chamada P\u00fablica 001\/2021 Sa\u00fade Ind\u00edgena do Edital Inova Fiocruz, com foco exclusivo no apoio a propostas que dialogam com os objetivos, princ\u00edpios e pressupostos do Subsistema de Aten\u00e7\u00e3o \u00e0 Sa\u00fade ind\u00edgena (SasiSUS). Entre as principais atividades promovidas pelo projeto, est\u00e3o o mapeamento do perfil de sa\u00fade e, socioecon\u00f4mico da popula\u00e7\u00e3o ind\u00edgena que vive na comunidade, identificando processos de organiza\u00e7\u00e3o sociocultural e pol\u00edtica, no acesso aos servi\u00e7os de sa\u00fade, visando fortalecer a rede de aten\u00e7\u00e3o \u00e0 sa\u00fade e prote\u00e7\u00e3o social respons\u00e1vel pelo atendimento \u00e0s fam\u00edlias do territ\u00f3rio, com o objetivo de priorizar o cuidado mediante o uso dos sistemas tradicionais ind\u00edgenas de sa\u00fade.<\/p>\n<p><img decoding=\"async\" class=\"aligncenter size-gallery wp-image-36989\" src=\"https:\/\/amazonia.fiocruz.br\/wp-content\/uploads\/2022\/06\/4dad482f-9395-4719-bf16-e55b0bfbf959-845x684.jpg\" alt=\"\" width=\"845\" height=\"684\" srcset=\"https:\/\/amazonia.fiocruz.br\/wp-content\/uploads\/2022\/06\/4dad482f-9395-4719-bf16-e55b0bfbf959-845x684.jpg 845w, https:\/\/amazonia.fiocruz.br\/wp-content\/uploads\/2022\/06\/4dad482f-9395-4719-bf16-e55b0bfbf959-495x400.jpg 495w\" sizes=\"(max-width: 845px) 100vw, 845px\" \/><\/p>\n<p style=\"text-align: justify;\">A atividade de mapeamento e de coleta de dados socioecon\u00f4micos e de sa\u00fade, movimentou a Comunidade do Parque das Tribos, por meio de atividades que promoveram debates e reflex\u00f5es por parte dos jovens ind\u00edgenas que atuam como bolsistas nesta etapa do estudo. Mais de 700 fam\u00edlias receberam, a visita dos bolsistas, com a finalidade de levantar informa\u00e7\u00f5es sobre as condi\u00e7\u00f5es de vida e de sa\u00fade da \u00e1rea. Durante a execu\u00e7\u00e3o do projeto, os pesquisadores realizaram oficinas para orientar sobre a rede de sa\u00fade, webin\u00e1rios, forma\u00e7\u00e3o de lideran\u00e7as, agentes de sa\u00fade e atividades realizadas de forma interdisciplinar com organiza\u00e7\u00f5es ligadas \u00e0s causas ind\u00edgenas, permitiram uma vis\u00e3o mais ampla das demandas dos ind\u00edgenas que vivem na comunidade.<\/p>\n<p style=\"text-align: justify;\">Al\u00e9m disso, os pesquisadores elaboraram um conjunto de perguntas inerentes ao processo de produ\u00e7\u00e3o social da sa\u00fade-doen\u00e7a, para 35 etnias ind\u00edgenas que vivem em contexto vulner\u00e1vel socioambientalmente, nas periferias da capital amazonense. Durante as atividades, foi desenvolvido ainda um question\u00e1rio de pesquisa que levou em considera\u00e7\u00e3o o cadastro familiar do e- SUS e, neste sentido, o m\u00f3dulo proposto pode ser incorporado a ficha das equipes da aten\u00e7\u00e3o b\u00e1sica.<\/p>\n<p><img decoding=\"async\" class=\"aligncenter size-gallery wp-image-36990\" src=\"https:\/\/amazonia.fiocruz.br\/wp-content\/uploads\/2022\/06\/02c02145-8baf-4ba5-9892-17e7beb2f683-845x684.jpg\" alt=\"\" width=\"845\" height=\"684\" srcset=\"https:\/\/amazonia.fiocruz.br\/wp-content\/uploads\/2022\/06\/02c02145-8baf-4ba5-9892-17e7beb2f683-845x684.jpg 845w, https:\/\/amazonia.fiocruz.br\/wp-content\/uploads\/2022\/06\/02c02145-8baf-4ba5-9892-17e7beb2f683-495x400.jpg 495w\" sizes=\"(max-width: 845px) 100vw, 845px\" \/><\/p>\n<p style=\"text-align: justify;\">O projeto produziu um instrumento que n\u00e3o substitui o formul\u00e1rio do e-SUS e, nem tampouco, do Subsistema de Aten\u00e7\u00e3o \u00e0 Sa\u00fade Ind\u00edgena do SUS (SasiSUS), entretanto, o instrumento de avalia\u00e7\u00e3o das condi\u00e7\u00f5es sanit\u00e1rias, de sa\u00fade e de vida proposto pelo projeto, pode auxiliar na reflex\u00e3o dos avan\u00e7os, fragilidades e desafios da Pol\u00edtica de Aten\u00e7\u00e3o \u00e0 Sa\u00fade dos Povos Ind\u00edgenas (PNASPI). Entre diversos benef\u00edcios, o projeto ainda apresenta subs\u00eddios de an\u00e1lise epidemiol\u00f3gica propostos nos encaminhamentos das Confer\u00eancias Nacionais de Sa\u00fade Ind\u00edgena, que representam os anseios dos povos ind\u00edgenas pelo acesso \u00e0 sa\u00fade de qualidade, integral com respeito a perspectiva ind\u00edgena da sa\u00fade.<\/p>\n<p style=\"text-align: justify;\">Localizada no bairro Tarum\u00e3, Zona Oeste de Manaus, residem na comunidade Parque das Tribos, aproximadamente 2.800 ind\u00edgenas de diversas etnias. A ocupa\u00e7\u00e3o da comunidade foi planejada desde 2012, ocorrendo em 2013, tendo, aproximadamente, 35 etnias. Em rela\u00e7\u00e3o ao acesso \u00e0 sa\u00fade em n\u00edvel de Aten\u00e7\u00e3o B\u00e1sica, a Unidade B\u00e1sica de Sa\u00fade (UBS) mais pr\u00f3xima desta comunidade est\u00e1 localizada a uma dist\u00e2ncia aproximada de 4 km, e a 6 Km de uma Unidade de Pronto Atendimento (UPA).<\/p>\n<p><img decoding=\"async\" class=\"aligncenter size-gallery wp-image-36991\" src=\"https:\/\/amazonia.fiocruz.br\/wp-content\/uploads\/2022\/06\/37d20178-ecdd-4cfc-9ad8-6258786a34bc-845x684.jpg\" alt=\"\" width=\"845\" height=\"684\" srcset=\"https:\/\/amazonia.fiocruz.br\/wp-content\/uploads\/2022\/06\/37d20178-ecdd-4cfc-9ad8-6258786a34bc-845x684.jpg 845w, https:\/\/amazonia.fiocruz.br\/wp-content\/uploads\/2022\/06\/37d20178-ecdd-4cfc-9ad8-6258786a34bc-495x400.jpg 495w\" sizes=\"(max-width: 845px) 100vw, 845px\" \/><\/p>\n<p style=\"text-align: justify;\"><strong>INTEGRA\u00c7\u00c3O<\/strong><\/p>\n<p style=\"text-align: justify;\">A a\u00e7\u00e3o conta com financiamento do Fundo de Inova\u00e7\u00e3o da institui\u00e7\u00e3o e do Minist\u00e9rio da Sa\u00fade, por meio da Secretaria de Ci\u00eancia, Tecnologia e Insumos Estrat\u00e9gicos (SCTIE). O Projeto foi articulado como uma a\u00e7\u00e3o colaborativa entre diversos atores envolvidos no campo da sa\u00fade ind\u00edgena, em contexto urbano.<\/p>\n<p><img decoding=\"async\" class=\"aligncenter size-gallery wp-image-36992\" src=\"https:\/\/amazonia.fiocruz.br\/wp-content\/uploads\/2022\/06\/f679926b-284c-4bff-8c1f-356c6b34e4a6-845x684.jpg\" alt=\"\" width=\"845\" height=\"684\" srcset=\"https:\/\/amazonia.fiocruz.br\/wp-content\/uploads\/2022\/06\/f679926b-284c-4bff-8c1f-356c6b34e4a6-845x684.jpg 845w, https:\/\/amazonia.fiocruz.br\/wp-content\/uploads\/2022\/06\/f679926b-284c-4bff-8c1f-356c6b34e4a6-495x400.jpg 495w\" sizes=\"(max-width: 845px) 100vw, 845px\" \/><\/p>\n<p style=\"text-align: justify;\">A iniciativa teve como parceiros e participantes ativos na constru\u00e7\u00e3o e execu\u00e7\u00e3o das atividades do projeto, ind\u00edgenas, profissionais de sa\u00fade, gestores da sa\u00fade, educadores, e institui\u00e7\u00f5es como a Secretaria Estadual de Sa\u00fade do Amazonas (SES-AM), Secretaria Municipal de Sa\u00fade de Manaus (SEMSA Manaus), Universidade Federal do Amazonas (UFAM), Secretaria Municipal de Assist\u00eancia Social e Cidadania (SEMASC), Coordena\u00e7\u00e3o dos Povos Ind\u00edgenas de Manaus e Entorno (COPIME), Coordena\u00e7\u00e3o das Organiza\u00e7\u00f5es Ind\u00edgenas da Amaz\u00f4nia Brasileira (COIAB), Centro de Medicina Ind\u00edgena da Amaz\u00f4nia, Grupo de Trabalho Intersetorial de Sa\u00fade Ind\u00edgena da Regi\u00e3o de Manaus e Entorno (GTI), e Funda\u00e7\u00e3o Nacional do \u00cdndio \u2013 Coordena\u00e7\u00e3o Manaus e Entorno (FUNAI).<\/p>\n<h6 style=\"text-align: justify;\"><em><strong>ILMD\/Fiocruz Amaz\u00f4nia, por Eduardo Gomes<\/strong><\/em><\/h6>\n<h6 style=\"text-align: justify;\"><em><strong>Fotos: Eduardo Gomes<\/strong><\/em><\/h6>\n<\/div><\/section>\n","protected":false},"excerpt":{"rendered":"<p>A\u00e7\u00e3o foi marcada pela entrega do relat\u00f3rio final das atividades do projeto, que avaliou as condi\u00e7\u00f5es de sa\u00fade da popula\u00e7\u00e3o ind\u00edgena, residente na Comunidade.<\/p>\n","protected":false},"author":20,"featured_media":36988,"comment_status":"closed","ping_status":"closed","sticky":true,"template":"","format":"image","meta":{"footnotes":""},"categories":[15],"tags":[],"class_list":["post-36987","post","type-post","status-publish","format-image","has-post-thumbnail","hentry","category-noticias","post_format-post-format-image"],"_links":{"self":[{"href":"https:\/\/amazonia.fiocruz.br\/index.php?rest_route=\/wp\/v2\/posts\/36987","targetHints":{"allow":["GET"]}}],"collection":[{"href":"https:\/\/amazonia.fiocruz.br\/index.php?rest_route=\/wp\/v2\/posts"}],"about":[{"href":"https:\/\/amazonia.fiocruz.br\/index.php?rest_route=\/wp\/v2\/types\/post"}],"author":[{"embeddable":true,"href":"https:\/\/amazonia.fiocruz.br\/index.php?rest_route=\/wp\/v2\/users\/20"}],"replies":[{"embeddable":true,"href":"https:\/\/amazonia.fiocruz.br\/index.php?rest_route=%2Fwp%2Fv2%2Fcomments&post=36987"}],"version-history":[{"count":2,"href":"https:\/\/amazonia.fiocruz.br\/index.php?rest_route=\/wp\/v2\/posts\/36987\/revisions"}],"predecessor-version":[{"id":36994,"href":"https:\/\/amazonia.fiocruz.br\/index.php?rest_route=\/wp\/v2\/posts\/36987\/revisions\/36994"}],"wp:featuredmedia":[{"embeddable":true,"href":"https:\/\/amazonia.fiocruz.br\/index.php?rest_route=\/wp\/v2\/media\/36988"}],"wp:attachment":[{"href":"https:\/\/amazonia.fiocruz.br\/index.php?rest_route=%2Fwp%2Fv2%2Fmedia&parent=36987"}],"wp:term":[{"taxonomy":"category","embeddable":true,"href":"https:\/\/amazonia.fiocruz.br\/index.php?rest_route=%2Fwp%2Fv2%2Fcategories&post=36987"},{"taxonomy":"post_tag","embeddable":true,"href":"https:\/\/amazonia.fiocruz.br\/index.php?rest_route=%2Fwp%2Fv2%2Ftags&post=36987"}],"curies":[{"name":"wp","href":"https:\/\/api.w.org\/{rel}","templated":true}]}}