{"id":36903,"date":"2022-06-08T16:33:04","date_gmt":"2022-06-08T20:33:04","guid":{"rendered":"https:\/\/amazonia.fiocruz.br\/?p=36903"},"modified":"2022-06-08T16:33:05","modified_gmt":"2022-06-08T20:33:05","slug":"centro-de-estudos-vai-abordar-aprendizados-com-infortunios-da-pandemia-de-covid-19","status":"publish","type":"post","link":"https:\/\/amazonia.fiocruz.br\/?p=36903","title":{"rendered":"Centro de Estudos vai abordar aprendizados com infort\u00fanios da pandemia de COVID-19"},"content":{"rendered":"<section class=\"av_textblock_section \"  itemscope=\"itemscope\" itemtype=\"https:\/\/schema.org\/BlogPosting\" itemprop=\"blogPost\" ><div class='avia_textblock  '   itemprop=\"text\" ><p style=\"text-align: justify;\">O Centro de Estudos do Instituto Le\u00f4nidas &amp; Maria Deane (ILMD\/Fiocruz Amaz\u00f4nia), apresenta na pr\u00f3xima sexta-feira, 10\/6, \u00e0s 10h (hor\u00e1rio\/Manaus), a palestra: \u201cO que apreendemos e o que dever\u00edamos ter aprendido com os infort\u00fanios em s\u00e9rie da pandemia do COVID-19\u201d, a ser ministrada por R\u00f4mulo Paes de Souza, pesquisador do Instituto Ren\u00e9 Rachou (IRR\/Fiocruz).<\/p>\n<p style=\"text-align: justify;\">A palestra pretende revisitar a gest\u00e3o da pandemia no Brasil, em uma perspectiva hist\u00f3rica, buscando observar os determinantes estruturais que possam explicar os equ\u00edvocos que foram cometidos no manejo desta emerg\u00eancia sanit\u00e1ria.<\/p>\n<p style=\"text-align: justify;\">A apresenta\u00e7\u00e3o ocorrer\u00e1 atrav\u00e9s da plataforma Zoom, por meio do link:<\/p>\n<p style=\"text-align: justify;\">(ID: 834 8029 9271) e (Senha de acesso: 743229)<\/p>\n<p style=\"text-align: justify;\"><strong>SOBRE O PALESTRANTE<\/strong><\/p>\n<p style=\"text-align: justify;\">R\u00f4mulo \u00e9 epidemiologista e especialista em avalia\u00e7\u00e3o de pol\u00edticas p\u00fablicas, cujas \u00e1reas de interesse s\u00e3o: sa\u00fade e exclus\u00e3o social, sa\u00fade urbana, sa\u00fade ambiental, avalia\u00e7\u00e3o do impacto de pol\u00edticas sociais e sistemas de informa\u00e7\u00e3o geogr\u00e1ficos. \u00c9 m\u00e9dico, especialista em medicina social (UFMG) e PhD em epidemiologia pela <em>London School of Hygiene and Tropical Medicine<\/em> (<em>University of London<\/em>).<\/p>\n<p style=\"text-align: justify;\">O pesquisador \u00e9 ainda especialista em pol\u00edtica, planejamento e gest\u00e3o em sa\u00fade do Centro de Pesquisa Ren\u00e9 Rachou (Fiocruz Minas). Tem trabalhado no Brasil, Reino Unido, Egito, \u00c1frica do Sul, Honduras, Cabo Verde e Ilhas Maur\u00edcio como docente, pesquisador e consultor em epidemiologia, monitoramento e avalia\u00e7\u00e3o de pol\u00edticas s\u00f3cias, sistemas de informa\u00e7\u00e3o em sa\u00fade e sa\u00fade p\u00fablica.<\/p>\n<p style=\"text-align: justify;\">No Brasil, tem atuado em projetos do Minist\u00e9rio da Sa\u00fade, Minist\u00e9rio do Trabalho, governos dos estados de Minas Gerais e de Pernambuco, governos municipais de Belo Horizonte e de Bel\u00e9m. Ele foi o respons\u00e1vel pelo desenho e implementa\u00e7\u00e3o do sistema de monitoramento e avalia\u00e7\u00e3o do Programa Bolsa Fam\u00edlia (MDS). No n\u00edvel internacional, por convite da UNICEF, atuou como consultor junto ao governo da \u00c1frica do Sul no desenho e implementa\u00e7\u00e3o do sistema de monitoramento e avalia\u00e7\u00e3o das pol\u00edticas de prote\u00e7\u00e3o social.<\/p>\n<p style=\"text-align: justify;\">Foi ainda convidado pelo PNUD para auxiliar o governo eg\u00edpcio no desenho do monitoramento e avalia\u00e7\u00e3o de pol\u00edticas de combate \u00e0 pobreza no n\u00edvel municipal. \u00c9 autor ou organizador de seis livros de epidemiologia, monitoramento e avalia\u00e7\u00e3o de pol\u00edticas p\u00fablicas, e de v\u00e1rios artigos em revistas cient\u00edficas.<\/p>\n<p style=\"text-align: justify;\"><strong>CENTRO DE ESTUDOS<\/strong><\/p>\n<p style=\"text-align: justify;\">O Centro de Estudos do ILMD\/Fiocruz Amaz\u00f4nia \u00e9 um n\u00facleo que oportuniza encontros, palestras, semin\u00e1rios e debates sobre diversos temas ligados \u00e0 pesquisa e ao ensino para a promo\u00e7\u00e3o da sa\u00fade.<\/p>\n<p style=\"text-align: justify;\">Os eventos s\u00e3o gratuitos e ocorrem \u00e0s sextas-feiras. As atividades s\u00e3o destinadas a estudantes de gradua\u00e7\u00e3o e p\u00f3s-gradua\u00e7\u00e3o, pesquisadores, professores e trabalhadores da \u00e1rea da Sa\u00fade.<\/p>\n<\/div><\/section>\n","protected":false},"excerpt":{"rendered":"<p>Palestra pretende revisitar a gest\u00e3o da pandemia no Brasil.<\/p>\n","protected":false},"author":20,"featured_media":36904,"comment_status":"closed","ping_status":"closed","sticky":true,"template":"","format":"image","meta":{"footnotes":""},"categories":[15],"tags":[118,136,120,119,131,121],"class_list":["post-36903","post","type-post","status-publish","format-image","has-post-thumbnail","hentry","category-noticias","tag-centro-de-estudos","tag-fiocruz","tag-fiocruz-amazonia","tag-ilmd","tag-ilmdfiocruz-amazonia","tag-palestra","post_format-post-format-image"],"_links":{"self":[{"href":"https:\/\/amazonia.fiocruz.br\/index.php?rest_route=\/wp\/v2\/posts\/36903","targetHints":{"allow":["GET"]}}],"collection":[{"href":"https:\/\/amazonia.fiocruz.br\/index.php?rest_route=\/wp\/v2\/posts"}],"about":[{"href":"https:\/\/amazonia.fiocruz.br\/index.php?rest_route=\/wp\/v2\/types\/post"}],"author":[{"embeddable":true,"href":"https:\/\/amazonia.fiocruz.br\/index.php?rest_route=\/wp\/v2\/users\/20"}],"replies":[{"embeddable":true,"href":"https:\/\/amazonia.fiocruz.br\/index.php?rest_route=%2Fwp%2Fv2%2Fcomments&post=36903"}],"version-history":[{"count":1,"href":"https:\/\/amazonia.fiocruz.br\/index.php?rest_route=\/wp\/v2\/posts\/36903\/revisions"}],"predecessor-version":[{"id":36905,"href":"https:\/\/amazonia.fiocruz.br\/index.php?rest_route=\/wp\/v2\/posts\/36903\/revisions\/36905"}],"wp:featuredmedia":[{"embeddable":true,"href":"https:\/\/amazonia.fiocruz.br\/index.php?rest_route=\/wp\/v2\/media\/36904"}],"wp:attachment":[{"href":"https:\/\/amazonia.fiocruz.br\/index.php?rest_route=%2Fwp%2Fv2%2Fmedia&parent=36903"}],"wp:term":[{"taxonomy":"category","embeddable":true,"href":"https:\/\/amazonia.fiocruz.br\/index.php?rest_route=%2Fwp%2Fv2%2Fcategories&post=36903"},{"taxonomy":"post_tag","embeddable":true,"href":"https:\/\/amazonia.fiocruz.br\/index.php?rest_route=%2Fwp%2Fv2%2Ftags&post=36903"}],"curies":[{"name":"wp","href":"https:\/\/api.w.org\/{rel}","templated":true}]}}