{"id":36854,"date":"2022-05-31T16:41:32","date_gmt":"2022-05-31T20:41:32","guid":{"rendered":"https:\/\/amazonia.fiocruz.br\/?p=36854"},"modified":"2022-05-31T16:41:34","modified_gmt":"2022-05-31T20:41:34","slug":"disrupcao-e-transformacao-tecnologica-acelerada-sao-abordadas-durante-abertura-da-19a-raic-da-fiocruz-amazonia","status":"publish","type":"post","link":"https:\/\/amazonia.fiocruz.br\/?p=36854","title":{"rendered":"Disrup\u00e7\u00e3o e transforma\u00e7\u00e3o tecnol\u00f3gica acelerada s\u00e3o abordadas durante abertura da 19\u00aa RAIC da Fiocruz Amaz\u00f4nia"},"content":{"rendered":"<section class=\"av_textblock_section \"  itemscope=\"itemscope\" itemtype=\"https:\/\/schema.org\/BlogPosting\" itemprop=\"blogPost\" ><div class='avia_textblock  '   itemprop=\"text\" ><p style=\"text-align: justify;\">O Instituto Le\u00f4nidas &amp; Maria Deane (ILMD\/Fiocruz Amaz\u00f4nia) iniciou na \u00faltima segunda-feira, 30\/5, a 19\u00aa Reuni\u00e3o Anual de Inicia\u00e7\u00e3o Cient\u00edfica (Raic), no \u00e2mbito do Programa Institucional de Bolsas de Inicia\u00e7\u00e3o Cient\u00edfica (PIC) da Institui\u00e7\u00e3o. O evento re\u00fane 43 trabalhos de graduandos de diferentes Institui\u00e7\u00f5es de Ensino de Manaus, divididos nas seguintes sess\u00f5es tem\u00e1ticas: Microbiologia, Biotecnologia e Bioprospec\u00e7\u00e3o, Parasitologia, Entomologia, Sa\u00fade Coletiva e Epidemiologia.<\/p>\n<p style=\"text-align: justify;\">Compuseram a solenidade de abertura, Priscila Aquino, Coordenadora do Programa de Inicia\u00e7\u00e3o Cient\u00edfica do ILMD\/Fiocruz Amaz\u00f4nia; M\u00e1rcia Perales, Presidente da Funda\u00e7\u00e3o de Amparo \u00e0 Pesquisa do Estado do Amazonas (Fapeam); Maria de F\u00e1tima Diniz Baptista \u2013 Coordena\u00e7\u00e3o do Programa Institucional de Bolsas de Inicia\u00e7\u00e3o Cient\u00edfica (PIBIC\/PIBITI) da Funda\u00e7\u00e3o Oswaldo Cruz (Fiocruz) e Stefanie Costa Pinto Lopes, Vice-Diretora de Pesquisa e Inova\u00e7\u00e3o e, Diretora Substituta do ILMD\/Fiocruz Amaz\u00f4nia.<\/p>\n<p style=\"text-align: justify;\">A Raic acontece anualmente, em todas as unidades da Fiocruz. O evento possui o objetivo de refor\u00e7a a import\u00e2ncia da inicia\u00e7\u00e3o cient\u00edfica na constru\u00e7\u00e3o do conhecimento e incentiva os jovens pesquisadores a prosseguirem nas carreiras acad\u00eamicas. Durante a programa\u00e7\u00e3o, os estudantes apresentam resultados dos projetos desenvolvidos no per\u00edodo de vig\u00eancia do PIC, por meio da exposi\u00e7\u00e3o e discuss\u00e3o de seus trabalhos, para avalia\u00e7\u00e3o dos projetos e interc\u00e2mbio de experi\u00eancias entre estudantes, pesquisadores e demais profissionais.<\/p>\n<p style=\"text-align: justify;\">Stefanie Lopes, que durante a solenidade representou a dire\u00e7\u00e3o do ILMD\/Fiocruz Amaz\u00f4nia, destacou o trabalho de escalonamento feito pela institui\u00e7\u00e3o, que hoje contempla 43 bolsistas, um n\u00famero maior que o quadro de pesquisadores na casa, al\u00e9m de ressaltar a experi\u00eancia vivenciada pelos participantes do programa. \u201cN\u00e3o importa a carreira que esses alunos v\u00e3o seguir. A inicia\u00e7\u00e3o na ci\u00eancia \u00e9 importante para todos entenderem o que s\u00e3o evid\u00eancias e, o que a ci\u00eancia traz, pois ela trabalha em prol da sociedade, e essas pessoas que tiveram essa oportunidade ir\u00e3o usar isso em suas respectivas carreiras. N\u00f3s vimos na pandemia o quanto a ci\u00eancia se tornou foco da sociedade e ganhou a relev\u00e2ncia que ela merece\u201d, disse.<\/p>\n<p style=\"text-align: justify;\">Priscila Aquino, pontuou a import\u00e2ncia do programa na forma\u00e7\u00e3o de recursos humanos. \u201c\u00c9 uma grande felicidade estarmos reunidos novamente em uma RAIC, mesmo que ainda de forma virtual. Ao longo dos \u00faltimos dois anos, enfrentamos muitos desafios em diferentes aspectos, onde a inicia\u00e7\u00e3o cient\u00edfica tamb\u00e9m est\u00e1 inclusa nesse panorama. Os projetos precisaram ser adaptados para o modo remoto, e os alunos passaram a vivenciar uma nova forma de desenvolver o pensar cient\u00edfico e a criatividade. Aqui na unidade, esse programa possui 23 anos de exist\u00eancia, contando com o apoio de ag\u00eancias de fomento como a Fapeam e o CNPq. Precisamos incentivar os jovens a conhecerem mais sobre ci\u00eancia e esse mundo de possibilidades que o saber cient\u00edfico permite\u201d.<\/p>\n<p style=\"text-align: justify;\">Presidente Fapeam, M\u00e1rcia Perales destacou a import\u00e2ncia da apresenta\u00e7\u00e3o dos resultados dos projetos, n\u00e3o s\u00f3 como uma contribui\u00e7\u00e3o acad\u00eamica, mas especialmente como uma devolutiva para a sociedade. \u00a0\u201c\u00c9 sempre muito importante o momento em que n\u00f3s apresentamos os resultados da pesquisa. Todos n\u00f3s sabemos que, quando se trata de investimento p\u00fablico, esse momento em que podemos socializar resultados, possui total relev\u00e2ncia para a sociedade. A pesquisa contribui fortemente para o desenvolvimento do Estado do Amazonas, seja social, ambiental\u201d.<\/p>\n<p style=\"text-align: justify;\">A pesquisadora Maria de F\u00e1tima Diniz Baptista, Coordenadora do (PIBIC\/PIBITI) da Fiocruz, aproveitou a oportunidade para fazer um apelo aos alunos, referente a integra\u00e7\u00e3o entre trabalhos, \u00e1reas, laborat\u00f3rios, no intuito de promover um maior interc\u00e2mbio cient\u00edfico na Institui\u00e7\u00e3o. \u201cA ansiedade dos alunos de estar na bancada \u00e9 grande. A integra\u00e7\u00e3o ser\u00e1 limitada, pois o evento vai acontecer de forma online, mas n\u00e3o deixem de faz\u00ea-la, pois \u00e9 importante saber o que os colegas est\u00e3o desenvolvendo, o que est\u00e1 acontecendo na pesquisa na Fiocruz.<\/p>\n<p style=\"text-align: justify;\"><strong>AVAN\u00c7OS TECNOL\u00d3GICOS<\/strong><\/p>\n<p style=\"text-align: justify;\">\u201cPreparar novas gera\u00e7\u00f5es para a disrup\u00e7\u00e3o e transforma\u00e7\u00e3o tecnol\u00f3gica acelerada\u201d, foi o tema da palestra de abertura da 19\u00aa RAIC, que abordou a necessidade de preparo das novas gera\u00e7\u00f5es para enfrentar o processo de mudan\u00e7a e avan\u00e7os tecnol\u00f3gicos, em especial na \u00e1rea da sa\u00fade. A apresenta\u00e7\u00e3o foi conferida por Maria Ol\u00edvia Sim\u00e3o, professora da Universidade Federal do Amazonas (UFAM).<\/p>\n<p style=\"text-align: justify;\">Durante a apresenta\u00e7\u00e3o, Maria Ol\u00edvia ressaltou a necessidade de estimular o desenvolvimento do pensar cient\u00edfico e da criatividade, decorrentes das condi\u00e7\u00f5es criadas por meio do confronto com os problemas de pesquisa. \u201cTrouxemos essa perspectiva, diante do cen\u00e1rio que a gente vive como mundo. Isso \u00e9 um processo que estamos vivendo como sociedade, como civiliza\u00e7\u00e3o global, e que atinge todas as \u00e1reas. \u00c9 importante colocarmos em contato, grupos e linhas de pesquisa, e propiciar aos alunos, orientado por um pesquisador experiente, a aprendizagem de t\u00e9cnicas e m\u00e9todos cient\u00edficos\u201d, explicou.<\/p>\n<p style=\"text-align: justify;\">Na oportunidade, a palestrante tamb\u00e9m pontuou ingredientes que constituem pilares que devem sustentar as trilhas formativas de novos profissionais, aptos a enfrentar os desafios do mundo contempor\u00e2neo, complexo e disruptivo: paix\u00e3o, inova\u00e7\u00e3o, lideran\u00e7a, coopera\u00e7\u00e3o, criatividade, excel\u00eancia, \u00e9tica e sustentabilidade.<\/p>\n<p style=\"text-align: justify;\">O evento ocorrer\u00e1 at\u00e9 a pr\u00f3xima quinta-feira, 2\/6, com a apresenta\u00e7\u00e3o dos resultados de projetos em diferentes \u00e1reas do conhecimento. As apresenta\u00e7\u00f5es ocorrer\u00e3o virtualmente, por meio da plataforma Zoom, no link: <a href=\"https:\/\/us06web.zoom.us\/j\/83810561951?pwd=TTBsd2xQZDVXM1NEL3AyZVg3RWxvUT09\">https:\/\/us06web.zoom.us\/j\/83810561951?pwd=TTBsd2xQZDVXM1NEL3AyZVg3RWxvUT09<\/a><\/p>\n<p style=\"text-align: justify;\">utilizando (ID da reuni\u00e3o: 838 1056 1951) e (Senha de acesso: 619859) para todas as sess\u00f5es.<\/p>\n<p style=\"text-align: justify;\"><strong>SOBRE O PIC<\/strong><\/p>\n<p style=\"text-align: justify;\">O Programa de Inicia\u00e7\u00e3o Cient\u00edfica da Fiocruz Amaz\u00f4nia tem como objetivos despertar a voca\u00e7\u00e3o cient\u00edfica e incentivar novos talentos potenciais entre estudantes de gradua\u00e7\u00e3o; contribuir para a forma\u00e7\u00e3o de recursos humanos para a pesquisa e inova\u00e7\u00e3o tecnol\u00f3gica nos Determinantes Socioculturais, Ambientais e Biol\u00f3gicos do Processo Sa\u00fade-Doen\u00e7a-Cuidado para a melhoria das condi\u00e7\u00f5es sociossanit\u00e1rias na Amaz\u00f4nia;\u00a0 estimular pesquisadores produtivos a envolverem estudantes de gradua\u00e7\u00e3o em suas atividades cient\u00edficas, tecnol\u00f3gicas e profissionais; e proporcionar ao bolsista, orientado por pesquisador qualificado, a aprendizagem de t\u00e9cnicas e m\u00e9todos de pesquisa, bem como estimular o desenvolvimento do pensamento cient\u00edfico e da criatividade, decorrentes das condi\u00e7\u00f5es criadas pelo confronto direto com os problemas estudados ou alvo da pesquisa.<\/p>\n<p style=\"text-align: justify;\">O programa \u00e9 realizado com recursos da Funda\u00e7\u00e3o de Amparo \u00e0 Pesquisa do Estado do Amazonas (Fapeam) e do Conselho Nacional de Desenvolvimento Cient\u00edfico e Tecnol\u00f3gico (CNPq).<\/p>\n<h6 style=\"text-align: justify;\"><strong><em>ILMD\/Fiocruz Amaz\u00f4nia<\/em><\/strong><\/h6>\n<h6 style=\"text-align: justify;\"><strong><em>Imagem: Reprodu\u00e7\u00e3o<\/em><\/strong><\/h6>\n<\/div><\/section>\n","protected":false},"excerpt":{"rendered":"<p>O evento ocorre at\u00e9 quinta-feira, 2\/6, com apresenta\u00e7\u00e3o dos resultados de projetos do PIC,  em diferentes \u00e1reas do conhecimento. <\/p>\n","protected":false},"author":20,"featured_media":36855,"comment_status":"closed","ping_status":"closed","sticky":true,"template":"","format":"image","meta":{"footnotes":""},"categories":[15],"tags":[136,120,256,304,1023],"class_list":["post-36854","post","type-post","status-publish","format-image","has-post-thumbnail","hentry","category-noticias","tag-fiocruz","tag-fiocruz-amazonia","tag-iniciacao-cientifica","tag-pic","tag-pic-ilmd","post_format-post-format-image"],"_links":{"self":[{"href":"https:\/\/amazonia.fiocruz.br\/index.php?rest_route=\/wp\/v2\/posts\/36854","targetHints":{"allow":["GET"]}}],"collection":[{"href":"https:\/\/amazonia.fiocruz.br\/index.php?rest_route=\/wp\/v2\/posts"}],"about":[{"href":"https:\/\/amazonia.fiocruz.br\/index.php?rest_route=\/wp\/v2\/types\/post"}],"author":[{"embeddable":true,"href":"https:\/\/amazonia.fiocruz.br\/index.php?rest_route=\/wp\/v2\/users\/20"}],"replies":[{"embeddable":true,"href":"https:\/\/amazonia.fiocruz.br\/index.php?rest_route=%2Fwp%2Fv2%2Fcomments&post=36854"}],"version-history":[{"count":1,"href":"https:\/\/amazonia.fiocruz.br\/index.php?rest_route=\/wp\/v2\/posts\/36854\/revisions"}],"predecessor-version":[{"id":36856,"href":"https:\/\/amazonia.fiocruz.br\/index.php?rest_route=\/wp\/v2\/posts\/36854\/revisions\/36856"}],"wp:featuredmedia":[{"embeddable":true,"href":"https:\/\/amazonia.fiocruz.br\/index.php?rest_route=\/wp\/v2\/media\/36855"}],"wp:attachment":[{"href":"https:\/\/amazonia.fiocruz.br\/index.php?rest_route=%2Fwp%2Fv2%2Fmedia&parent=36854"}],"wp:term":[{"taxonomy":"category","embeddable":true,"href":"https:\/\/amazonia.fiocruz.br\/index.php?rest_route=%2Fwp%2Fv2%2Fcategories&post=36854"},{"taxonomy":"post_tag","embeddable":true,"href":"https:\/\/amazonia.fiocruz.br\/index.php?rest_route=%2Fwp%2Fv2%2Ftags&post=36854"}],"curies":[{"name":"wp","href":"https:\/\/api.w.org\/{rel}","templated":true}]}}