{"id":36687,"date":"2022-05-09T15:41:24","date_gmt":"2022-05-09T19:41:24","guid":{"rendered":"https:\/\/amazonia.fiocruz.br\/?p=36687"},"modified":"2022-05-20T09:18:32","modified_gmt":"2022-05-20T13:18:32","slug":"edital-inova-amazonia-vai-financiar-projetos-de-pesquisa-em-rondonia-e-no-amazonas","status":"publish","type":"post","link":"https:\/\/amazonia.fiocruz.br\/?p=36687","title":{"rendered":"Edital Inova\u00e7\u00e3o Amaz\u00f4nia vai financiar projetos de pesquisa em Rond\u00f4nia e no Amazonas"},"content":{"rendered":"<section class=\"av_textblock_section \"  itemscope=\"itemscope\" itemtype=\"https:\/\/schema.org\/BlogPosting\" itemprop=\"blogPost\" ><div class='avia_textblock  '   itemprop=\"text\" ><p style=\"text-align: justify;\">A Fiocruz, em parceria com a Funda\u00e7\u00e3o de Amparo \u00e0 Pesquisa do Estado do Amazonas (Fapeam) e a Funda\u00e7\u00e3o Rond\u00f4nia de Amparo ao Desenvolvimento das A\u00e7\u00f5es Cient\u00edficas e Tecnol\u00f3gicas e \u00e0 Pesquisa do Estado de Rond\u00f4nia (Fapero), lan\u00e7aram nesta segunda-feira (9\/5) o edital Inova\u00e7\u00e3o Amaz\u00f4nia, com aporte financeiro das tr\u00eas institui\u00e7\u00f5es, num total de R$ 7,1 milh\u00f5es para o financiamento de projetos de pesquisa, desenvolvimento tecnol\u00f3gico e inova\u00e7\u00e3o voltados para a Amaz\u00f4nia. O edital foi lan\u00e7ado pela presidente da Fiocruz, N\u00edsia Trindade Lima, a presidente da Fapeam, M\u00e1rcia Perales, e o presidente da Fapero, Paulo Haddad. Confira a \u00edntegra do evento.<\/p>\n<p style=\"text-align: justify;\">A chamada, que faz parte do Programa Inova Fiocruz, <a href=\"https:\/\/portal.fiocruz.br\/programa-inova-fiocruz\" target=\"_blank\" rel=\"noopener\">ficar\u00e1 dispon\u00edvel online<\/a>. As propostas dever\u00e3o ser oriundas da Fiocruz Amaz\u00f4nia e Fiocruz Rond\u00f4nia em parceria com institui\u00e7\u00f5es de ci\u00eancia, tecnologia e inova\u00e7\u00e3o dos dois estados. Os projetos a serem apresentados poder\u00e3o ter como tem\u00e1ticas a biodiversidade da Amaz\u00f4nia, vigil\u00e2ncia, controle e tratamento de doen\u00e7as tropicais, e\/ou negligenciadas ou emergentes na regi\u00e3o, temas relacionados \u00e0 equidade e ao bem-estar de popula\u00e7\u00f5es vulner\u00e1veis residentes na Amaz\u00f4nia e na Pan-Amaz\u00f4nia (pa\u00edses que t\u00eam a floresta amaz\u00f4nica em seu territ\u00f3rio), al\u00e9m de propostas visando ao desenvolvimento regional e que abordem solu\u00e7\u00f5es que estimulem a integra\u00e7\u00e3o dos servi\u00e7os de sa\u00fade e das pr\u00e1ticas de vigil\u00e2ncia em sa\u00fade no Arco Norte da fronteira, considerando a realidade social, epidemiol\u00f3gica, econ\u00f4mica, cultural e administrativa da faixa de fronteira. Por fim, projetos que promovam a valoriza\u00e7\u00e3o de saberes de povos tradicionais e do patrim\u00f4nio cultual local, visando a inova\u00e7\u00e3o e humaniza\u00e7\u00e3o dos cuidados em sa\u00fade na Amaz\u00f4nia tamb\u00e9m poder\u00e3o ser apresentados.<\/p>\n<p style=\"text-align: justify;\">A presidente da Fiocruz, N\u00edsia Trindade, destacou a import\u00e2ncia da iniciativa. &#8220;Estamos falando aqui de integra\u00e7\u00e3o e de aprofundamento de uma agenda de inova\u00e7\u00e3o. Os temas escolhidos para este edital s\u00e3o adequados aos desafios da regi\u00e3o. A Amaz\u00f4nia \u00e9 um desafio para toda essa agenda ambiental e \u00e9 de suma import\u00e2ncia termos um Inova com esse recorte. A Amaz\u00f4nia tem que ser avaliada nos termos daqueles que constroem a sua realidade, mas n\u00e3o pode estar isolada. Com essa iniciativa, a Fiocruz d\u00e1 materialidade e concretude a uma proposta aprovada em seu 8\u00ba Congresso Interno \u2014 inst\u00e2ncia que re\u00fane delega\u00e7\u00f5es de todos os institutos da Funda\u00e7\u00e3o \u2014 em que foi estabelecida tese de valorizar e realizar a\u00e7\u00f5es espec\u00edficas em prol da soberania e desenvolvimento sustent\u00e1vel na Amaz\u00f4nia. Estamos portanto sendo coerentes materializando aquilo que aprovamos. Isso s\u00f3 \u00e9 poss\u00edvel a partir do trabalho em rede, tal como define o edital&#8221;.<\/p>\n<p style=\"text-align: justify;\">A coordenadora de Estrat\u00e9gias de Integra\u00e7\u00e3o Regional e Nacional da Fiocruz, Z\u00e9lia Profeta, salientou que o trabalho integrado das unidades da Funda\u00e7\u00e3o contribui para o fortalecimento do Sistema Fiocruz, otimizando expertises, financiamentos e estruturas. \u201cEssa parceria tem papel importante para o fortalecimento da ci\u00eancia, tecnologia e inova\u00e7\u00e3o na Amaz\u00f4nia, regi\u00e3o estrat\u00e9gica para a soberania nacional. Al\u00e9m disso, essa chamada vem ao encontro do que definimos na Tese 9, sobre a Amaz\u00f4nia, do VIII Congresso Interno da Fiocruz\u201d, afirmou.<\/p>\n<p style=\"text-align: justify;\">A oportunidade de contemplar projetos com um programa voltado exclusivamente para a regi\u00e3o \u00e9 motivo de orgulho para as funda\u00e7\u00f5es de amparo \u00e0 pesquisa dos dois estados. A diretora-presidente da Fapeam, M\u00e1rcia Perales, ressaltou que a parceria tripartite (Fiocruz, Fapeam e Fapero) tem como finalidade reunir esfor\u00e7os. \u201cA ideia \u00e9 que somemos for\u00e7as para que algumas \u00e1reas espec\u00edficas, conforme est\u00e1 detalhado no edital, tenham um aprofundamento por meio da pesquisa e possamos ter novos resultados, novos conhecimentos, atendendo n\u00e3o apenas aos profissionais que trabalham com o tema mas, sobretudo, dando retorno \u00e0 popula\u00e7\u00e3o\u201d, comentou.<\/p>\n<p style=\"text-align: justify;\">O diretor da Fapero, Paulo Renato Haddad, falando em nome do Governo de Rond\u00f4nia, enalteceu a iniciativa e diz que ela refor\u00e7a o compromisso da cont\u00ednua busca por melhorar a qualidade de vida da nossa popula\u00e7\u00e3o. \u201cA Fapero e a Fapeam, com as a\u00e7\u00f5es capitaneadas pela Fiocruz, lan\u00e7am este importante programa para a sa\u00fade de maneira espec\u00edfica, mas para a forma\u00e7\u00e3o de capital humano e de pesquisa de maneira geral\u201d, observou.<\/p>\n<p style=\"text-align: justify;\">A diretora da Fiocruz Amaz\u00f4nia, Adele Schwartz Benzaken, afirmou ver com satisfa\u00e7\u00e3o esse movimento de prioriza\u00e7\u00e3o da Amaz\u00f4nia pela Fiocruz, selecionando pesquisas com tem\u00e1ticas amaz\u00f4nicas, entre as quais as doen\u00e7as tropicais e\/ou negligenciadas. \u201cO Inova\u00e7\u00e3o Amaz\u00f4nia vem suprir a necessidade de produ\u00e7\u00e3o de conhecimento cient\u00edfico para uma regi\u00e3o t\u00e3o carente de pesquisas. \u00c9 muito importante que a coordena\u00e7\u00e3o das propostas seja do escrit\u00f3rio de Rond\u00f4nia e da unidade da Fiocruz no Amazonas, para dar maior visibilidade aos pesquisadores locais, tendo em vista que nos editais nacionais h\u00e1 concorr\u00eancia de pesquisadores de todo o pa\u00eds e dificilmente se observa, de uma forma expressiva, a participa\u00e7\u00e3o de pesquisadores desta regi\u00e3o\u201d, explicou Benzaken.<\/p>\n<p><img decoding=\"async\" class=\"aligncenter wp-image-36690 size-gallery\" src=\"https:\/\/amazonia.fiocruz.br\/wp-content\/uploads\/2022\/05\/Inova1-2-845x684.jpg\" alt=\"\" width=\"845\" height=\"684\" srcset=\"https:\/\/amazonia.fiocruz.br\/wp-content\/uploads\/2022\/05\/Inova1-2-845x684.jpg 845w, https:\/\/amazonia.fiocruz.br\/wp-content\/uploads\/2022\/05\/Inova1-2-495x400.jpg 495w\" sizes=\"(max-width: 845px) 100vw, 845px\" \/><\/p>\n<p style=\"text-align: justify;\">Segundo o coordenador da Fiocruz Rond\u00f4nia, Jansen Fernandes de Medeiros, existe uma grande lacuna a ser preenchida em rela\u00e7\u00e3o \u00e0 gera\u00e7\u00e3o de conhecimentos que contemplem as necessidades das diversas comunidades que habitam a Amaz\u00f4nia. \u201cS\u00e3o demandas sociais e sanit\u00e1rias antigas, historicamente impactadas pela escassez de investimentos em pesquisa e o Inova\u00e7\u00e3o Amaz\u00f4nia vai ao encontro dessas necessidades por solu\u00e7\u00f5es tecnol\u00f3gicas e estrat\u00e9gicas que possam amenizar um pouco dessas car\u00eancias e desigualdades\u201d, comentou.<\/p>\n<p style=\"text-align: justify;\">Para obter mais informa\u00e7\u00f5es, o edital da Chamada P\u00fablica n\u00famero 04\/2022 traz ainda todos os pr\u00e9-requisitos exigidos do proponente, quais as informa\u00e7\u00f5es que dever\u00e3o constar das propostas, quem ser\u00e3o os coordenadores dos projetos, bem como os respons\u00e1veis pelas an\u00e1lises e sele\u00e7\u00e3o, presta\u00e7\u00e3o de contas, cronograma, per\u00edodo para apresenta\u00e7\u00e3o de recursos para contesta\u00e7\u00e3o do resultado dos julgamentos dos projetos, cancelamento de concess\u00f5es.<\/p>\n<p style=\"text-align: justify;\"><strong>O INOVA FIOCRUZ<\/strong><\/p>\n<p style=\"text-align: justify;\">O Programa Fiocruz de Fomento \u00e0 Inova\u00e7\u00e3o, o Inova Fiocruz, foi criado em 2018, com o objetivo de estimular a pesquisa, o desenvolvimento tecnol\u00f3gico e a inova\u00e7\u00e3o com a\u00e7\u00f5es articuladas em todas as \u00e1reas de atua\u00e7\u00e3o institucional. O programa est\u00e1 estruturado em quatro eixos: institucional e cadeia produtiva; encomendas estrat\u00e9gicas; redes e capacita\u00e7\u00e3o; e desenvolvimento regional, com chamadas espec\u00edficas, resultando na entrega de produtos\/conhecimento\/servi\u00e7os para a sociedade. S\u00e3o valores do programa a inova\u00e7\u00e3o, excel\u00eancia, transpar\u00eancia, inclus\u00e3o e colabora\u00e7\u00e3o. O financiamento \u00e9 oriundo do Fundo de Inova\u00e7\u00e3o e do Minist\u00e9rio da Sa\u00fade.<\/p>\n<p style=\"text-align: justify;\">No eixo institucional, o objetivo \u00e9 o desenvolvimento de chamadas espec\u00edficas que possam cobrir as etapas da cadeia de inova\u00e7\u00e3o desde a pesquisa at\u00e9 a produ\u00e7\u00e3o, articulando estudos sociais, educacionais e de sa\u00fade coletiva. S\u00e3o editais em andamento: Ideias Inovadoras; Gera\u00e7\u00e3o do Conhecimento; Gera\u00e7\u00e3o do Conhecimento-Novos Talentos, Produtos Inovadores (duas rodadas realizadas, uma em 2018 e outra em 2019), Inova Gest\u00e3o.<\/p>\n<p style=\"text-align: justify;\">O eixo de Encomendas Estrat\u00e9gicas destina-se a atender demandas espec\u00edficas da Fiocruz de acordo com a agenda priorit\u00e1ria do Minist\u00e9rio da Sa\u00fade, emerg\u00eancias sanit\u00e1rias e \u00f3rg\u00e3os internacionais. Entre os editais, est\u00e3o Animais Pe\u00e7onhentos, Viol\u00eancia e Sa\u00fade, Gen\u00e9tica de Doen\u00e7as Raras, Inova Covid-19 &#8211; Resposta r\u00e1pida, Inova Covid-19 &#8211; Gera\u00e7\u00e3o de Conhecimento, Equipamentos Inova, Territ\u00f3rios Sustent\u00e1veis e Saud\u00e1veis no contexto da pandemia Covid-19.<\/p>\n<p style=\"text-align: justify;\">No eixo Redes e Capacita\u00e7\u00e3o, o objetivo \u00e9 dar suporte \u00e0 forma\u00e7\u00e3o e \u00e0 capacita\u00e7\u00e3o de excel\u00eancia em \u00e1reas de gera\u00e7\u00e3o do conhecimento e inova\u00e7\u00e3o, bem como ao estabelecimento de redes de colabora\u00e7\u00e3o em pesquisa, com editais P\u00f3s-Doutorado J\u00fanior e Empreendedorismo (Inova Labs). Por fim, o eixo Desenvolvimento Regional visa a promo\u00e7\u00e3o do desenvolvimento regional com vistas a atender demandas de sa\u00fade locais e potencializar a obten\u00e7\u00e3o de recurso atrav\u00e9s da parceria com as FAPs, onde o financiamento \u00e9 partilhado com a unidade t\u00e9cnico-cient\u00edfica e a ag\u00eancia de fomento estadual.<\/p>\n<h6 style=\"text-align: justify;\"><strong><em>Jos\u00e9 Gadelha (Fiocruz Rond\u00f4nia) e J\u00falio Pedrosa (Fiocruz Amaz\u00f4nia)<\/em><\/strong><\/h6>\n<\/div><\/section>\n","protected":false},"excerpt":{"rendered":"<p>Projetos poder\u00e3o ter como tem\u00e1ticas a biodiversidade da Amaz\u00f4nia, vigil\u00e2ncia, controle e tratamento de doen\u00e7as tropicais, e\/ou negligenciadas ou emergentes na regi\u00e3o.<\/p>\n","protected":false},"author":20,"featured_media":36688,"comment_status":"closed","ping_status":"closed","sticky":true,"template":"","format":"image","meta":{"footnotes":""},"categories":[15],"tags":[422,136,120,461,119,131,125,452],"class_list":["post-36687","post","type-post","status-publish","format-image","has-post-thumbnail","hentry","category-noticias","tag-fapeam","tag-fiocruz","tag-fiocruz-amazonia","tag-fiocruz-rondonia","tag-ilmd","tag-ilmdfiocruz-amazonia","tag-pesquisa","tag-rondonia","post_format-post-format-image"],"_links":{"self":[{"href":"https:\/\/amazonia.fiocruz.br\/index.php?rest_route=\/wp\/v2\/posts\/36687","targetHints":{"allow":["GET"]}}],"collection":[{"href":"https:\/\/amazonia.fiocruz.br\/index.php?rest_route=\/wp\/v2\/posts"}],"about":[{"href":"https:\/\/amazonia.fiocruz.br\/index.php?rest_route=\/wp\/v2\/types\/post"}],"author":[{"embeddable":true,"href":"https:\/\/amazonia.fiocruz.br\/index.php?rest_route=\/wp\/v2\/users\/20"}],"replies":[{"embeddable":true,"href":"https:\/\/amazonia.fiocruz.br\/index.php?rest_route=%2Fwp%2Fv2%2Fcomments&post=36687"}],"version-history":[{"count":3,"href":"https:\/\/amazonia.fiocruz.br\/index.php?rest_route=\/wp\/v2\/posts\/36687\/revisions"}],"predecessor-version":[{"id":36746,"href":"https:\/\/amazonia.fiocruz.br\/index.php?rest_route=\/wp\/v2\/posts\/36687\/revisions\/36746"}],"wp:featuredmedia":[{"embeddable":true,"href":"https:\/\/amazonia.fiocruz.br\/index.php?rest_route=\/wp\/v2\/media\/36688"}],"wp:attachment":[{"href":"https:\/\/amazonia.fiocruz.br\/index.php?rest_route=%2Fwp%2Fv2%2Fmedia&parent=36687"}],"wp:term":[{"taxonomy":"category","embeddable":true,"href":"https:\/\/amazonia.fiocruz.br\/index.php?rest_route=%2Fwp%2Fv2%2Fcategories&post=36687"},{"taxonomy":"post_tag","embeddable":true,"href":"https:\/\/amazonia.fiocruz.br\/index.php?rest_route=%2Fwp%2Fv2%2Ftags&post=36687"}],"curies":[{"name":"wp","href":"https:\/\/api.w.org\/{rel}","templated":true}]}}