{"id":36668,"date":"2022-05-09T13:18:21","date_gmt":"2022-05-09T17:18:21","guid":{"rendered":"https:\/\/amazonia.fiocruz.br\/?p=36668"},"modified":"2022-05-09T13:18:26","modified_gmt":"2022-05-09T17:18:26","slug":"programa-de-iniciacao-cientifica-da-fiocruz-amazonia-inscreve-ate-27-5","status":"publish","type":"post","link":"https:\/\/amazonia.fiocruz.br\/?p=36668","title":{"rendered":"Programa de Inicia\u00e7\u00e3o Cient\u00edfica da Fiocruz Amaz\u00f4nia inscreve at\u00e9 27\/5"},"content":{"rendered":"<section class=\"av_textblock_section \"  itemscope=\"itemscope\" itemtype=\"https:\/\/schema.org\/BlogPosting\" itemprop=\"blogPost\" ><div class='avia_textblock  '   itemprop=\"text\" ><p style=\"text-align: justify;\">Iniciaram na \u00faltima quinta-feira, 27\/5, as inscri\u00e7\u00f5es para o Programa de Inicia\u00e7\u00e3o Cient\u00edfica do Instituto Le\u00f4nidas &amp; Maria Deane (PIC-ILMD\/Fiocruz Amaz\u00f4nia) em conv\u00eanio com a Funda\u00e7\u00e3o de Amparo \u00e0 Pesquisa do Estado do Amazonas (Fapeam). O processo de inscri\u00e7\u00e3o \u00e9 realizado de forma virtual, atrav\u00e9s do envio da documenta\u00e7\u00e3o obrigat\u00f3ria descrita no edital, para o e-mail <a href=\"mailto:pic.ilmd@fiocruz.br\">pic.ilmd@fiocruz.br<\/a>.<\/p>\n<p style=\"text-align: justify;\">O objetivo do Programa \u00e9 despertar voca\u00e7\u00e3o cient\u00edfica e incentivar novos talentos potenciais entre estudantes de gradua\u00e7\u00e3o. O PIC visa ainda contribuir para a forma\u00e7\u00e3o de recursos humanos para a pesquisa e inova\u00e7\u00e3o tecnol\u00f3gica nos Determinantes Socioculturais, Ambientais e Biol\u00f3gicos do Processo Sa\u00fade-Doen\u00e7a-Cuidado para a melhoria das condi\u00e7\u00f5es sociossanit\u00e1rias na Amaz\u00f4nia; estimular pesquisadores produtivos a envolverem estudantes de gradua\u00e7\u00e3o em suas atividades cient\u00edficas, tecnol\u00f3gicas e profissionais.<\/p>\n<p style=\"text-align: justify;\">O programa proporcionar ao bolsista, orientado por pesquisador qualificado, a aprendizagem de t\u00e9cnicas e m\u00e9todos de pesquisa, bem como estimular o desenvolvimento do pensamento cient\u00edfico e da criatividade, decorrentes das condi\u00e7\u00f5es criadas pelo confronto direto com os problemas estudados ou alvo da pesquisa.<\/p>\n<p style=\"text-align: justify;\">Podem participar estudantes de cursos de gradua\u00e7\u00e3o de institui\u00e7\u00f5es de ensino superior p\u00fablicas ou privadas reconhecidas pelo Minist\u00e9rio da Educa\u00e7\u00e3o (MEC). O candidato deve estar regularmente matriculado e ter Coeficiente de Rendimento Acumulado (CRA) com valor igual ou maior que 6,0 (no caso de bolsa nova ou renova\u00e7\u00e3o) e n\u00e3o ter reprova\u00e7\u00e3o em disciplinas afins \u00e0s atividades do projeto de pesquisa que pretende desenvolver, al\u00e9m de outras condi\u00e7\u00f5es, descritas no edital.<\/p>\n<p style=\"text-align: justify;\"><strong><a href=\"https:\/\/amazonia.fiocruz.br\/?page_id=23911#tab-id-1\">Acesse aqui ao edital do PIC-ILMD\/Fiocruz Amaz\u00f4nia<\/a>.<\/strong><\/p>\n<p style=\"text-align: justify;\">Os candidatos t\u00eam at\u00e9 o dia 27 de maio para fazerem suas inscri\u00e7\u00f5es. O PIC-ILMD\/Fiocruz Amaz\u00f4nia \u00e9 desenvolvido em parceria com a Funda\u00e7\u00e3o de Amparo \u00e0 Pesquisa do Estado do Amazonas (Fapeam). O resultado ser\u00e1 divulgado no dia 10 de junho de 2022.<\/p>\n<p style=\"text-align: justify;\">O in\u00edcio das atividades est\u00e1 previsto para o dia 1\u00ba. \u00a0de agosto deste ano. As bolsas ser\u00e3o concedidas por um per\u00edodo de 12 meses, podendo ser renovadas.<\/p>\n<p style=\"text-align: justify;\"><strong>SOBRE O PIC<\/strong><\/p>\n<p style=\"text-align: justify;\">A Inicia\u00e7\u00e3o Cient\u00edfica \u00e9 um instrumento de forma\u00e7\u00e3o de recursos humanos que permite colocar o estudante de gradua\u00e7\u00e3o em contato direto com as atividades de pesquisa e o pensar cient\u00edfico, despertar a voca\u00e7\u00e3o cient\u00edfica e incentivar novos talentos potenciais entre estudantes de gradua\u00e7\u00e3o.<\/p>\n<p style=\"text-align: justify;\">O Programa de Inicia\u00e7\u00e3o Cient\u00edfica da Fiocruz Amaz\u00f4nia tem como objetivos despertar a voca\u00e7\u00e3o cient\u00edfica e incentivar novos talentos potenciais entre estudantes de gradua\u00e7\u00e3o.<\/p>\n<p style=\"text-align: justify;\"><a href=\"https:\/\/amazonia.fiocruz.br\/?page_id=23911\">Saiba mais sobre PIC-ILMD\/Fiocruz Amaz\u00f4nia<\/a>.<\/p>\n<h6 style=\"text-align: justify;\"><strong><em>ILMD\/Fiocruz Amaz\u00f4nia<\/em><\/strong><\/h6>\n<h6 style=\"text-align: justify;\"><strong><em>Imagem: Mackesy Nascimento<\/em><\/strong><\/h6>\n<\/div><\/section>\n","protected":false},"excerpt":{"rendered":"<p>O PIC-ILMD\/Fiocruz Amaz\u00f4nia \u00e9 desenvolvido em parceria com a Funda\u00e7\u00e3o de Amparo \u00e0 Pesquisa do Estado do Amazonas (Fapeam).<\/p>\n","protected":false},"author":20,"featured_media":36669,"comment_status":"closed","ping_status":"closed","sticky":true,"template":"","format":"image","meta":{"footnotes":""},"categories":[15],"tags":[136,120,119,131,256,304,1023,332],"class_list":["post-36668","post","type-post","status-publish","format-image","has-post-thumbnail","hentry","category-noticias","tag-fiocruz","tag-fiocruz-amazonia","tag-ilmd","tag-ilmdfiocruz-amazonia","tag-iniciacao-cientifica","tag-pic","tag-pic-ilmd","tag-programa-de-iniciacao-cientifica","post_format-post-format-image"],"_links":{"self":[{"href":"https:\/\/amazonia.fiocruz.br\/index.php?rest_route=\/wp\/v2\/posts\/36668","targetHints":{"allow":["GET"]}}],"collection":[{"href":"https:\/\/amazonia.fiocruz.br\/index.php?rest_route=\/wp\/v2\/posts"}],"about":[{"href":"https:\/\/amazonia.fiocruz.br\/index.php?rest_route=\/wp\/v2\/types\/post"}],"author":[{"embeddable":true,"href":"https:\/\/amazonia.fiocruz.br\/index.php?rest_route=\/wp\/v2\/users\/20"}],"replies":[{"embeddable":true,"href":"https:\/\/amazonia.fiocruz.br\/index.php?rest_route=%2Fwp%2Fv2%2Fcomments&post=36668"}],"version-history":[{"count":1,"href":"https:\/\/amazonia.fiocruz.br\/index.php?rest_route=\/wp\/v2\/posts\/36668\/revisions"}],"predecessor-version":[{"id":36670,"href":"https:\/\/amazonia.fiocruz.br\/index.php?rest_route=\/wp\/v2\/posts\/36668\/revisions\/36670"}],"wp:featuredmedia":[{"embeddable":true,"href":"https:\/\/amazonia.fiocruz.br\/index.php?rest_route=\/wp\/v2\/media\/36669"}],"wp:attachment":[{"href":"https:\/\/amazonia.fiocruz.br\/index.php?rest_route=%2Fwp%2Fv2%2Fmedia&parent=36668"}],"wp:term":[{"taxonomy":"category","embeddable":true,"href":"https:\/\/amazonia.fiocruz.br\/index.php?rest_route=%2Fwp%2Fv2%2Fcategories&post=36668"},{"taxonomy":"post_tag","embeddable":true,"href":"https:\/\/amazonia.fiocruz.br\/index.php?rest_route=%2Fwp%2Fv2%2Ftags&post=36668"}],"curies":[{"name":"wp","href":"https:\/\/api.w.org\/{rel}","templated":true}]}}