{"id":36657,"date":"2022-05-04T17:39:40","date_gmt":"2022-05-04T21:39:40","guid":{"rendered":"https:\/\/amazonia.fiocruz.br\/?p=36657"},"modified":"2022-05-04T17:39:42","modified_gmt":"2022-05-04T21:39:42","slug":"palestra-ira-abordar-estudos-para-decifrar-mecanismos-de-detoxificacao-do-heme-e-da-homeostasia-redox-no-plasmodio","status":"publish","type":"post","link":"https:\/\/amazonia.fiocruz.br\/?p=36657","title":{"rendered":"Palestra ir\u00e1 abordar estudos para decifrar mecanismos de detoxifica\u00e7\u00e3o do heme e da homeostasia redox no plasm\u00f3dio"},"content":{"rendered":"<section class=\"av_textblock_section \"  itemscope=\"itemscope\" itemtype=\"https:\/\/schema.org\/BlogPosting\" itemprop=\"blogPost\" ><div class='avia_textblock  '   itemprop=\"text\" ><p style=\"text-align: justify;\">O Centro de Estudos do Instituto Le\u00f4nidas &amp; Maria Deane (ILMD\/Fiocruz Amaz\u00f4nia), apresenta na pr\u00f3xima sexta-feira, 29\/4, \u00e0s 10h (hor\u00e1rio\/Manaus), a palestra:\u00a0 Estudos para decifrar os mecanismos de detoxifica\u00e7\u00e3o do heme e da homeostasia redox no plasm\u00f3dio, a ser ministrada por Diogo Rodrigo de Magalh\u00e3es Moreira, pesquisador do Instituto Gon\u00e7alo Moniz (IGM \u2013 Fiocruz).<\/p>\n<p style=\"text-align: justify;\">Segundo o pesquisador \u201cpara se estabelecer num ambiente in\u00f3spito como a hem\u00e1cia, o plasm\u00f3dio evoluiu ao desenvolver um mecanismo eficiente de detoxifica\u00e7\u00e3o do heme. Todavia, este mecanismo depende tamb\u00e9m de antioxidantes, e, portanto, o plasm\u00f3dio \u00e9 dependente principalmente de flavoenzimas para manter um ambiente redox homeost\u00e1tico.<\/p>\n<p style=\"text-align: justify;\">A palestra ir\u00e1 discutir estes mecanismos e a suas implica\u00e7\u00f5es no bloqueio farmacol\u00f3gico para o tratamento da mal\u00e1ria. A apresenta\u00e7\u00e3o ocorrer\u00e1 atrav\u00e9s da plataforma Zoom, por meio do link: <a href=\"https:\/\/us06web.zoom.us\/j\/84683838488?pwd=K3V0S3NJQkhHVW81L0h1Y1ZieXRRZz09\">https:\/\/us06web.zoom.us\/j\/84683838488?pwd=K3V0S3NJQkhHVW81L0h1Y1ZieXRRZz09<\/a><\/p>\n<p style=\"text-align: justify;\">(ID da Reuni\u00e3o: 846 8383 8488) e (Senha de acesso: 387635).<\/p>\n<p style=\"text-align: justify;\"><strong>SOBRE O PALESTRANTE<\/strong><\/p>\n<p style=\"text-align: justify;\">Diogo possui gradua\u00e7\u00e3o em Farm\u00e1cia, mestrado em Ci\u00eancias Farmac\u00eauticas e doutorado em Qu\u00edmica pela Universidade Federal de Pernambuco. De 2010 a 2011, realizou est\u00e1gio na <em>Drexel University College of Medicine<\/em> (Filad\u00e9lfia, EUA) como bolsista da Comiss\u00e3o Fulbright.<\/p>\n<p style=\"text-align: justify;\">Realizou P\u00f3s-Doutorado no Laborat\u00f3rio de Engenharia Tecidual e Imunofarmacologia (LETI) do Instituto Gon\u00e7alo Moniz (Fiocruz\/Bahia). Trabalhou como Pesquisador J\u00fanior no Centro de Biotecnologia e Terapia Celular no Hospital S\u00e3o Rafael (Salvador, BA).<\/p>\n<p style=\"text-align: justify;\">\u00c9 Pesquisador em Sa\u00fade P\u00fablica da FIOCRUZ\/Bahia. Suas \u00e1reas de pesquisas s\u00e3o: qu\u00edmica medicinal e farmacologia. Trabalho com f\u00e1rmacos antiparasit\u00e1rios com especial aten\u00e7\u00e3o ao entendimento das rela\u00e7\u00f5es estrutura-atividade e na compreens\u00e3o da intera\u00e7\u00e3o f\u00e1rmaco-alvo terap\u00eautico.<\/p>\n<p style=\"text-align: justify;\">\u00c9 tamb\u00e9m membro permanente do corpo docente da P\u00f3s-Gradua\u00e7\u00e3o em Biotecnologia em Sa\u00fade e Medicina Investigativa (Nota 6 na CAPES) desde 2014, l\u00edder do Grupo de Pesquisas em Mal\u00e1ria da FIOCRUZ\/Bahia e \u00a0membro da <em>Society of Biological Inorganic Chemistry<\/em>.<\/p>\n<p style=\"text-align: justify;\"><strong>CENTRO DE ESTUDOS<\/strong><\/p>\n<p style=\"text-align: justify;\">O Centro de Estudos do ILMD\/Fiocruz Amaz\u00f4nia \u00e9 um n\u00facleo que oportuniza encontros, palestras, semin\u00e1rios e debates sobre diversos temas ligados \u00e0 pesquisa e ao ensino para a promo\u00e7\u00e3o da sa\u00fade.<\/p>\n<p style=\"text-align: justify;\">Os eventos s\u00e3o gratuitos e ocorrem \u00e0s sextas-feiras. As atividades s\u00e3o destinadas a estudantes de gradua\u00e7\u00e3o e p\u00f3s-gradua\u00e7\u00e3o, pesquisadores, professores e trabalhadores da \u00e1rea da Sa\u00fade.<\/p>\n<h6 style=\"text-align: justify;\"><strong><em>ILMD\/ Fiocruz Amaz\u00f4nia<\/em><\/strong><\/h6>\n<h6 style=\"text-align: justify;\"><strong><em>Imagem: Mackesy Nascimento<\/em><\/strong><\/h6>\n<\/div><\/section>\n","protected":false},"excerpt":{"rendered":"<p>As atividades s\u00e3o destinadas a estudantes de gradua\u00e7\u00e3o e p\u00f3s-gradua\u00e7\u00e3o, pesquisadores, professores e trabalhadores da \u00e1rea da Sa\u00fade.<\/p>\n","protected":false},"author":20,"featured_media":36658,"comment_status":"closed","ping_status":"closed","sticky":true,"template":"","format":"image","meta":{"footnotes":""},"categories":[15],"tags":[118,136,120,119,131,121],"class_list":["post-36657","post","type-post","status-publish","format-image","has-post-thumbnail","hentry","category-noticias","tag-centro-de-estudos","tag-fiocruz","tag-fiocruz-amazonia","tag-ilmd","tag-ilmdfiocruz-amazonia","tag-palestra","post_format-post-format-image"],"_links":{"self":[{"href":"https:\/\/amazonia.fiocruz.br\/index.php?rest_route=\/wp\/v2\/posts\/36657","targetHints":{"allow":["GET"]}}],"collection":[{"href":"https:\/\/amazonia.fiocruz.br\/index.php?rest_route=\/wp\/v2\/posts"}],"about":[{"href":"https:\/\/amazonia.fiocruz.br\/index.php?rest_route=\/wp\/v2\/types\/post"}],"author":[{"embeddable":true,"href":"https:\/\/amazonia.fiocruz.br\/index.php?rest_route=\/wp\/v2\/users\/20"}],"replies":[{"embeddable":true,"href":"https:\/\/amazonia.fiocruz.br\/index.php?rest_route=%2Fwp%2Fv2%2Fcomments&post=36657"}],"version-history":[{"count":1,"href":"https:\/\/amazonia.fiocruz.br\/index.php?rest_route=\/wp\/v2\/posts\/36657\/revisions"}],"predecessor-version":[{"id":36659,"href":"https:\/\/amazonia.fiocruz.br\/index.php?rest_route=\/wp\/v2\/posts\/36657\/revisions\/36659"}],"wp:featuredmedia":[{"embeddable":true,"href":"https:\/\/amazonia.fiocruz.br\/index.php?rest_route=\/wp\/v2\/media\/36658"}],"wp:attachment":[{"href":"https:\/\/amazonia.fiocruz.br\/index.php?rest_route=%2Fwp%2Fv2%2Fmedia&parent=36657"}],"wp:term":[{"taxonomy":"category","embeddable":true,"href":"https:\/\/amazonia.fiocruz.br\/index.php?rest_route=%2Fwp%2Fv2%2Fcategories&post=36657"},{"taxonomy":"post_tag","embeddable":true,"href":"https:\/\/amazonia.fiocruz.br\/index.php?rest_route=%2Fwp%2Fv2%2Ftags&post=36657"}],"curies":[{"name":"wp","href":"https:\/\/api.w.org\/{rel}","templated":true}]}}