{"id":36649,"date":"2022-05-04T15:50:32","date_gmt":"2022-05-04T19:50:32","guid":{"rendered":"https:\/\/amazonia.fiocruz.br\/?p=36649"},"modified":"2022-05-04T16:01:35","modified_gmt":"2022-05-04T20:01:35","slug":"fiocruz-amazonia-participa-do-programa-papo-cidadao-do-ministerio-publico-do-amazonas-sobre-vacinacao-de-criancas","status":"publish","type":"post","link":"https:\/\/amazonia.fiocruz.br\/?p=36649","title":{"rendered":"Fiocruz Amaz\u00f4nia participa do Programa Papo Cidad\u00e3o do Minist\u00e9rio P\u00fablico do Amazonas sobre vacina\u00e7\u00e3o de crian\u00e7as"},"content":{"rendered":"<section class=\"av_textblock_section \"  itemscope=\"itemscope\" itemtype=\"https:\/\/schema.org\/BlogPosting\" itemprop=\"blogPost\" ><div class='avia_textblock  '   itemprop=\"text\" ><p style=\"text-align: justify;\">O Instituto Le\u00f4nidas &amp; Maria Deane (ILMD\/Fiocruz Amaz\u00f4nia) participou nesta ter\u00e7a-feira, 2\/05, da live do Programa Papo Cidad\u00e3o, do Minist\u00e9rio P\u00fablico do Estado do Amazonas, com o tema Vacina\u00e7\u00e3o de Crian\u00e7as, realizado pelo Centro de Estudos e Aperfei\u00e7oamento Funcional da Procuradoria Geral de Justi\u00e7a do MPAM. O virologista da Fiocruz Amaz\u00f4nia Felipe Gomes Naveca, coordenador da Vigil\u00e2ncia Gen\u00f4mica do SARS-CoV-2 no Amazonas, foi um dos convidados do programa e ressaltou a import\u00e2ncia da vacina\u00e7\u00e3o para a sa\u00fade da popula\u00e7\u00e3o, destacando os esfor\u00e7os da Ci\u00eancia para o desenvolvimento de vacinas e a efic\u00e1cia do Programa Nacional de Imuniza\u00e7\u00e3o do Brasil para o atingimento das metas de vacina\u00e7\u00e3o.<\/p>\n<p style=\"text-align: justify;\">A pouca ades\u00e3o \u00e0s campanhas de vacina\u00e7\u00e3o infantil, voltadas para as crian\u00e7as de cinco a 11 anos, \u00e9 motivo de preocupa\u00e7\u00e3o para o MPE, conforme salientou a promotora de Justi\u00e7a, Luissandra Chixaro de Menezes, titular da 58\u00aa Promotoria de Justi\u00e7a da Sa\u00fade do MPAM.\u00a0 \u201cOs pais decidem por n\u00e3o levar as crian\u00e7as para vacinar muitas vezes por falta de informa\u00e7\u00e3o e tamb\u00e9m devido \u00e0 prolifera\u00e7\u00e3o das fakenews, que levam inseguran\u00e7a \u00e0 popula\u00e7\u00e3o e o Minist\u00e9rio P\u00fablico como \u00f3rg\u00e3o de defesa da sociedade, deve utilizar dos meios que disp\u00f5e para conscientizar sobre a seguran\u00e7a da vacina\u00e7\u00e3o para preven\u00e7\u00e3o de doen\u00e7as erradicadas que correm o risco de reaparecerem\u201d, destacou.<\/p>\n<p style=\"text-align: justify;\">Felipe Naveca observou tamb\u00e9m que n\u00e3o existe argumento plaus\u00edvel para se desfazer dos benef\u00edcios das vacinas. \u201cO Programa Nacional de Imuniza\u00e7\u00e3o (PNI) \u00e9 um exemplo mundial, com seu calend\u00e1rio de cobertura anual com as mais importantes vacinas oferecidas \u00e0 popula\u00e7\u00e3o. Outro erro, ocorrido no decorrer da pandemia, foi o de julgar como ineficiente as vacinas contra a Covid-19 porque foram feitas rapidamente.<\/p>\n<p style=\"text-align: justify;\">Importante que se diga que a base de conhecimento por tr\u00e1s de uma vacina remonta d\u00e9cadas, o que se fez foi utilizar o ac\u00famulo de informa\u00e7\u00f5es de muitos anos para a produ\u00e7\u00e3o da vacina que vencesse o maior desafio dos \u00faltimos anos, que foi o da Covid 19\u201d, relembrou. O programa Papo Cidad\u00e3o contou tamb\u00e9m com a participa\u00e7\u00e3o da presidente da Funda\u00e7\u00e3o de Vigil\u00e2ncia em Sa\u00fade Dra Rosemary Costa Pinto, Tatyana Costa Amorim Ramos.<\/p>\n<\/div><\/section>\n","protected":false},"excerpt":{"rendered":"<p>Felipe Gomes Naveca, coordenador da Vigil\u00e2ncia Gen\u00f4mica do SARS-CoV-2 no Amazonas, foi um dos convidados do programa.<\/p>\n","protected":false},"author":20,"featured_media":36650,"comment_status":"closed","ping_status":"closed","sticky":true,"template":"","format":"image","meta":{"footnotes":""},"categories":[15],"tags":[136,120,119,131,177,600],"class_list":["post-36649","post","type-post","status-publish","format-image","has-post-thumbnail","hentry","category-noticias","tag-fiocruz","tag-fiocruz-amazonia","tag-ilmd","tag-ilmdfiocruz-amazonia","tag-vacina","tag-vacinacao","post_format-post-format-image"],"_links":{"self":[{"href":"https:\/\/amazonia.fiocruz.br\/index.php?rest_route=\/wp\/v2\/posts\/36649","targetHints":{"allow":["GET"]}}],"collection":[{"href":"https:\/\/amazonia.fiocruz.br\/index.php?rest_route=\/wp\/v2\/posts"}],"about":[{"href":"https:\/\/amazonia.fiocruz.br\/index.php?rest_route=\/wp\/v2\/types\/post"}],"author":[{"embeddable":true,"href":"https:\/\/amazonia.fiocruz.br\/index.php?rest_route=\/wp\/v2\/users\/20"}],"replies":[{"embeddable":true,"href":"https:\/\/amazonia.fiocruz.br\/index.php?rest_route=%2Fwp%2Fv2%2Fcomments&post=36649"}],"version-history":[{"count":1,"href":"https:\/\/amazonia.fiocruz.br\/index.php?rest_route=\/wp\/v2\/posts\/36649\/revisions"}],"predecessor-version":[{"id":36651,"href":"https:\/\/amazonia.fiocruz.br\/index.php?rest_route=\/wp\/v2\/posts\/36649\/revisions\/36651"}],"wp:featuredmedia":[{"embeddable":true,"href":"https:\/\/amazonia.fiocruz.br\/index.php?rest_route=\/wp\/v2\/media\/36650"}],"wp:attachment":[{"href":"https:\/\/amazonia.fiocruz.br\/index.php?rest_route=%2Fwp%2Fv2%2Fmedia&parent=36649"}],"wp:term":[{"taxonomy":"category","embeddable":true,"href":"https:\/\/amazonia.fiocruz.br\/index.php?rest_route=%2Fwp%2Fv2%2Fcategories&post=36649"},{"taxonomy":"post_tag","embeddable":true,"href":"https:\/\/amazonia.fiocruz.br\/index.php?rest_route=%2Fwp%2Fv2%2Ftags&post=36649"}],"curies":[{"name":"wp","href":"https:\/\/api.w.org\/{rel}","templated":true}]}}