{"id":36599,"date":"2022-04-26T13:21:11","date_gmt":"2022-04-26T17:21:11","guid":{"rendered":"https:\/\/amazonia.fiocruz.br\/?p=36599"},"modified":"2022-04-26T13:21:11","modified_gmt":"2022-04-26T17:21:11","slug":"empossada-primeira-diretoria-da-associacao-de-pos-graduandos-da-fiocruz-amazonia","status":"publish","type":"post","link":"https:\/\/amazonia.fiocruz.br\/?p=36599","title":{"rendered":"Empossada primeira diretoria da Associa\u00e7\u00e3o de P\u00f3s-Graduandos da Fiocruz Amaz\u00f4nia"},"content":{"rendered":"<section class=\"av_textblock_section \"  itemscope=\"itemscope\" itemtype=\"https:\/\/schema.org\/BlogPosting\" itemprop=\"blogPost\" ><div class='avia_textblock  '   itemprop=\"text\" ><p style=\"text-align: justify;\">A Associa\u00e7\u00e3o dos P\u00f3s-Graduandos \u2013 APG Fiocruz Amaz\u00f4nia, que re\u00fane p\u00f3s-graduandos matriculados nos cursos de especializa\u00e7\u00e3o lato sensu, mestrado e doutorado das unidades da Fiocruz na Amaz\u00f4nia Legal, empossou nesta quarta-feira, 20\/04, os integrantes da primeira diretoria da entidade, em solenidade ocorrida na sede do Instituto Le\u00f4nidas &amp; Maria Deane (ILMD\/Fiocruz Amaz\u00f4nia).<\/p>\n<p style=\"text-align: justify;\">Integram a diretoria Victor Aquino como Coordenador Geral, Eric Marialva como Vice Coordenador Geral, Luiz Henrique Feitoza como Secret\u00e1rio Geral, Anny Beatriz Antony como Coordenadora de Articula\u00e7\u00e3o pol\u00edtica e assist\u00eancia ao p\u00f3s graduando, Alessandra Silva como Coordenadora de ensino, educa\u00e7\u00e3o e eventos, e Jo\u00e3o Carlos de Oliveira como coordenador de comunica\u00e7\u00e3o e divulga\u00e7\u00e3o. Os suplentes da diretoria s\u00e3o, Cl\u00e1udia Crainey, Elen Martins, Izi Caterini Martinelli, Lucas Rosendo e Rafael Miranda. A APG conta ainda com um Conselho Consultivo formado por C\u00edcera Lisboa, Gleica Alves, Patr\u00edcia Moura, Tatiana Pires e Uziel Suwa.<\/p>\n<p style=\"text-align: justify;\">Presente \u00e0 posse, a diretora do ILMD, Adele Benzaken, saudou os novos dirigentes e destacou a import\u00e2ncia e a representatividade das APGs para o sistema Fiocruz, lembrando ser este um desejo antigo da comunidade estudantil da institui\u00e7\u00e3o que agora se torna realidade, com total apoio da gest\u00e3o do ILMD. \u201cEm outras oportunidades, houve tentativas de cria\u00e7\u00e3o da associa\u00e7\u00e3o mas agora fico feliz em ver que o processo foi conclu\u00eddo, nascido de um sentimento de parceria latente antes mesmo do 8\u00ba Congresso Interno da Fiocruz, em dezembro passado\u201d, afirmou.<\/p>\n<p><img decoding=\"async\" class=\"aligncenter wp-image-36601 size-gallery\" src=\"https:\/\/amazonia.fiocruz.br\/wp-content\/uploads\/2022\/04\/20220420174524_IMG_0087-845x684.jpg\" alt=\"\" width=\"845\" height=\"684\" srcset=\"https:\/\/amazonia.fiocruz.br\/wp-content\/uploads\/2022\/04\/20220420174524_IMG_0087-845x684.jpg 845w, https:\/\/amazonia.fiocruz.br\/wp-content\/uploads\/2022\/04\/20220420174524_IMG_0087-495x400.jpg 495w\" sizes=\"(max-width: 845px) 100vw, 845px\" \/><\/p>\n<p style=\"text-align: justify;\">De acordo com o coordenador geral da APG Fiocruz Amaz\u00f4nia, Victor da Silva Aquino, que \u00e9 doutorando do Programa de P\u00f3s-Gradua\u00e7\u00e3o em Sa\u00fade P\u00fablica na Amaz\u00f4nia, e foi eleito para um mandato de um ano, a APG Fiocruz Amaz\u00f4nia \u00e9 uma importante inst\u00e2ncia de representatividade estudantil e surge com a finalidade de se tornar uma refer\u00eancia de apoio aos p\u00f3s-graduandos. \u201cA APG tem papel fundamental no processo de fortalecimento da forma\u00e7\u00e3o integral estudantil, principalmente no que diz respeito \u00e0 participa\u00e7\u00e3o nas decis\u00f5es que influenciam essa forma\u00e7\u00e3o. Os p\u00f3s-graduandos hoje s\u00e3o ouvidos mas precisam consolidar seus assentos permanentes em inst\u00e2ncias importantes como CTE (C\u00e2mara T\u00e9cnica de Ensino ) e CPG (Comiss\u00e3o de Pos-Gradua\u00e7\u00e3o). Queremos ter no m\u00ednimo poder de voz nessas inst\u00e2ncias, o ideal \u00e9 termos voz e voto\u201d, afirmou.<\/p>\n<p style=\"text-align: justify;\">A cria\u00e7\u00e3o da APG Fiocruz Amaz\u00f4nia foi homologada em assembleia geral dos p\u00f3s-graduandos no \u00faltimo dia 31 de mar\u00e7o, com a aprova\u00e7\u00e3o do estatuto da entidade e a realiza\u00e7\u00e3o da elei\u00e7\u00e3o da primeira diretoria. \u201cNo estatuto, foram estabelecidas as diretrizes de funcionamento e objetivos da entidade que tem como finalidade defender os interesses pol\u00edtico-acad\u00eamicos dos p\u00f3s-graduandos, promover eventos cient\u00edfico-acad\u00eamicos, defender condi\u00e7\u00f5es financeiras, educacionais, de trabalho e pesquisa condignas para a P\u00f3s-Gradua\u00e7\u00e3o etc\u201d, explica Victor. Segundo o coordenador, a entidade representa hoje os interesses de mais de 200 p\u00f3s-graduandos da Fiocruz no Amazonas e em Rond\u00f4nia, os \u00fanicos Estados da Amaz\u00f4nia Legal a contarem com unidades da Fiocruz.<\/p>\n<p style=\"text-align: justify;\">O coordenador geral lembra que o processo de implanta\u00e7\u00e3o das APGs vem ocorrendo de forma gradativa desde 2012, com a cria\u00e7\u00e3o da APG Fiocruz Rio de Janeiro, que possui a maior quantidade de unidades da Fiocruz reunidas. \u201cO que me motivou a participar desse processo e criar em Manaus a APG Fiocruz Amaz\u00f4nia foi o 8\u00ba Congresso Interno da Fiocruz, em dezembro de 2021, no Rio, onde conseguimos aprovar a Pol\u00edtica de Apoio Estudantil da institui\u00e7\u00e3o, que traz as diretrizes e ordenamentos internos da FIOCRUZ com vistas ao fortalecimento do processo de forma\u00e7\u00e3o e representa\u00e7\u00e3o dos estudantes e p\u00f3s-graduandos\u201d.<\/p>\n<\/div><\/section>\n","protected":false},"excerpt":{"rendered":"<p>Cria\u00e7\u00e3o da APG Fiocruz Amaz\u00f4nia foi homologada em assembleia geral dos p\u00f3s-graduandos <\/p>\n","protected":false},"author":20,"featured_media":36600,"comment_status":"closed","ping_status":"closed","sticky":true,"template":"","format":"image","meta":{"footnotes":""},"categories":[15],"tags":[412,136,120,119,131,190],"class_list":["post-36599","post","type-post","status-publish","format-image","has-post-thumbnail","hentry","category-noticias","tag-ensino","tag-fiocruz","tag-fiocruz-amazonia","tag-ilmd","tag-ilmdfiocruz-amazonia","tag-pos-graduacao","post_format-post-format-image"],"_links":{"self":[{"href":"https:\/\/amazonia.fiocruz.br\/index.php?rest_route=\/wp\/v2\/posts\/36599","targetHints":{"allow":["GET"]}}],"collection":[{"href":"https:\/\/amazonia.fiocruz.br\/index.php?rest_route=\/wp\/v2\/posts"}],"about":[{"href":"https:\/\/amazonia.fiocruz.br\/index.php?rest_route=\/wp\/v2\/types\/post"}],"author":[{"embeddable":true,"href":"https:\/\/amazonia.fiocruz.br\/index.php?rest_route=\/wp\/v2\/users\/20"}],"replies":[{"embeddable":true,"href":"https:\/\/amazonia.fiocruz.br\/index.php?rest_route=%2Fwp%2Fv2%2Fcomments&post=36599"}],"version-history":[{"count":1,"href":"https:\/\/amazonia.fiocruz.br\/index.php?rest_route=\/wp\/v2\/posts\/36599\/revisions"}],"predecessor-version":[{"id":36602,"href":"https:\/\/amazonia.fiocruz.br\/index.php?rest_route=\/wp\/v2\/posts\/36599\/revisions\/36602"}],"wp:featuredmedia":[{"embeddable":true,"href":"https:\/\/amazonia.fiocruz.br\/index.php?rest_route=\/wp\/v2\/media\/36600"}],"wp:attachment":[{"href":"https:\/\/amazonia.fiocruz.br\/index.php?rest_route=%2Fwp%2Fv2%2Fmedia&parent=36599"}],"wp:term":[{"taxonomy":"category","embeddable":true,"href":"https:\/\/amazonia.fiocruz.br\/index.php?rest_route=%2Fwp%2Fv2%2Fcategories&post=36599"},{"taxonomy":"post_tag","embeddable":true,"href":"https:\/\/amazonia.fiocruz.br\/index.php?rest_route=%2Fwp%2Fv2%2Ftags&post=36599"}],"curies":[{"name":"wp","href":"https:\/\/api.w.org\/{rel}","templated":true}]}}