{"id":36579,"date":"2022-04-18T16:33:46","date_gmt":"2022-04-18T20:33:46","guid":{"rendered":"https:\/\/amazonia.fiocruz.br\/?p=36579"},"modified":"2022-04-18T16:33:48","modified_gmt":"2022-04-18T20:33:48","slug":"auxilio-a-permanencia-do-estudante-na-pos-graduacao-da-fiocruz-ape-pg","status":"publish","type":"post","link":"https:\/\/amazonia.fiocruz.br\/?p=36579","title":{"rendered":"Aux\u00edlio \u00e0 Perman\u00eancia do Estudante na P\u00f3s-Gradua\u00e7\u00e3o da Fiocruz (APE-PG)"},"content":{"rendered":"<section class=\"av_textblock_section \"  itemscope=\"itemscope\" itemtype=\"https:\/\/schema.org\/BlogPosting\" itemprop=\"blogPost\" ><div class='avia_textblock  '   itemprop=\"text\" ><p style=\"text-align: justify;\">A Presid\u00eancia da Funda\u00e7\u00e3o Oswaldo Cruz, por interm\u00e9dio da Vice-presid\u00eancia de Educa\u00e7\u00e3o, Informa\u00e7\u00e3o e Comunica\u00e7\u00e3o (VPEIC), torna p\u00fablica a <a href=\"https:\/\/campusvirtual.fiocruz.br\/portal\/?q=content\/64154\">Chamada Interna N\u00ba 01\/2022<\/a>, contendo as normas, rotinas e procedimentos necess\u00e1rios \u00e0 realiza\u00e7\u00e3o do processo seletivo de estudantes de mestrado e doutorado acad\u00eamicos para o recebimento do benef\u00edcio designado <a href=\"https:\/\/campusvirtual.fiocruz.br\/portal\/sites\/default\/files\/Chamada_Publica_Auxilio_Permanencia_Estudante_APEPG_abr22.pdf\" target=\"_blank\" rel=\"noopener\">Aux\u00edlio \u00e0 Perman\u00eancia do Estudante na P\u00f3s-Gradua\u00e7\u00e3o (APE-PG)<\/a>.<\/p>\n<p style=\"text-align: justify;\">O APE-PG tem por objetivo promover a continuidade nos estudos para discentes de baixa renda, em situa\u00e7\u00e3o de vulnerabilidade social, nos programas de p\u00f3s-gradua\u00e7\u00e3o da Fiocruz, modalidades de Mestrado e Doutorado acad\u00eamicos. Por meio dessa a\u00e7\u00e3o, a Fiocruz busca que seus estudantes se mantenham em seus cursos com um pouco mais de estabilidade e tenham desempenho acad\u00eamico satisfat\u00f3rio. Assim, a institui\u00e7\u00e3o contribui, no que est\u00e1 em seu alcance, para a redu\u00e7\u00e3o das desigualdades na educa\u00e7\u00e3o de p\u00f3s-gradua\u00e7\u00e3o e na ci\u00eancia.<\/p>\n<p style=\"text-align: justify;\">Recomenda-se que o estudante leia a chamada p\u00fablica antes realizar de realizar a inscri\u00e7\u00e3o para verificar se enquadra-se nos crit\u00e9rios de elegibilidade do benef\u00edcio.<\/p>\n<p style=\"text-align: justify;\">Acesse os documentos dispon\u00edveis na chamada:<\/p>\n<p style=\"text-align: justify;\"><a href=\"https:\/\/campusvirtual.fiocruz.br\/portal\/sites\/default\/files\/Chamada_Publica_Auxilio_Permanencia_Estudante_APEPG_abr22.pdf\" target=\"_blank\" rel=\"noopener\">Chamada Interna N\u00ba 01\/2022 &#8211; Aux\u00edlio \u00e0 Perman\u00eancia do Estudante na P\u00f3s-Gradua\u00e7\u00e3o da Fiocruz (APE-PG)<\/a><\/p>\n<p style=\"text-align: justify;\"><a href=\"https:\/\/campusvirtual.fiocruz.br\/portal\/sites\/default\/files\/editais\/Errata_1_APE_PG_ChamadaInterna_01_2022_distancia_dadosbancarios_abr22.pdf\">Retifica\u00e7\u00e3o da Chamada Interna N\u00b001\/2022 &#8211; Dist\u00e2ncia\/Localidade &#8211; Dados Banc\u00e1rios<\/a><\/p>\n<p style=\"text-align: justify;\"><a href=\"https:\/\/campusvirtual.fiocruz.br\/portal\/sites\/default\/files\/editais\/Errata_AnexoI_APE_PG_ChamadaInterna_01_2022_abr22.pdf\" target=\"_blank\" rel=\"noopener\">Retifica\u00e7\u00e3o Anexo I<\/a><\/p>\n<p style=\"text-align: justify;\"><a href=\"https:\/\/campusvirtual.fiocruz.br\/portal\/auxilio_permanencia_2022\" target=\"_blank\" rel=\"noopener\">Formul\u00e1rio de Inscri\u00e7\u00e3o<\/a><\/p>\n<p style=\"text-align: justify;\"><a href=\"https:\/\/campusvirtual.fiocruz.br\/portal\/sites\/default\/files\/editais\/Guia_Acesso_Formulario_Aux_Perm_Estud_18abr22.pdf\" target=\"_blank\" rel=\"noopener\">Guia para acesso ao formul\u00e1rio e cadastro no Acesso \u00danico Fiocruz<\/a><\/p>\n<\/div><\/section>\n","protected":false},"excerpt":{"rendered":"<p>O APE-PG tem por objetivo promover a continuidade nos estudos para discentes de baixa renda, em situa\u00e7\u00e3o de vulnerabilidade social, nos programas de p\u00f3s-gradua\u00e7\u00e3o da Fiocruz<\/p>\n","protected":false},"author":20,"featured_media":36580,"comment_status":"closed","ping_status":"closed","sticky":true,"template":"","format":"image","meta":{"footnotes":""},"categories":[15],"tags":[136,120,119,131,190],"class_list":["post-36579","post","type-post","status-publish","format-image","has-post-thumbnail","hentry","category-noticias","tag-fiocruz","tag-fiocruz-amazonia","tag-ilmd","tag-ilmdfiocruz-amazonia","tag-pos-graduacao","post_format-post-format-image"],"_links":{"self":[{"href":"https:\/\/amazonia.fiocruz.br\/index.php?rest_route=\/wp\/v2\/posts\/36579","targetHints":{"allow":["GET"]}}],"collection":[{"href":"https:\/\/amazonia.fiocruz.br\/index.php?rest_route=\/wp\/v2\/posts"}],"about":[{"href":"https:\/\/amazonia.fiocruz.br\/index.php?rest_route=\/wp\/v2\/types\/post"}],"author":[{"embeddable":true,"href":"https:\/\/amazonia.fiocruz.br\/index.php?rest_route=\/wp\/v2\/users\/20"}],"replies":[{"embeddable":true,"href":"https:\/\/amazonia.fiocruz.br\/index.php?rest_route=%2Fwp%2Fv2%2Fcomments&post=36579"}],"version-history":[{"count":1,"href":"https:\/\/amazonia.fiocruz.br\/index.php?rest_route=\/wp\/v2\/posts\/36579\/revisions"}],"predecessor-version":[{"id":36581,"href":"https:\/\/amazonia.fiocruz.br\/index.php?rest_route=\/wp\/v2\/posts\/36579\/revisions\/36581"}],"wp:featuredmedia":[{"embeddable":true,"href":"https:\/\/amazonia.fiocruz.br\/index.php?rest_route=\/wp\/v2\/media\/36580"}],"wp:attachment":[{"href":"https:\/\/amazonia.fiocruz.br\/index.php?rest_route=%2Fwp%2Fv2%2Fmedia&parent=36579"}],"wp:term":[{"taxonomy":"category","embeddable":true,"href":"https:\/\/amazonia.fiocruz.br\/index.php?rest_route=%2Fwp%2Fv2%2Fcategories&post=36579"},{"taxonomy":"post_tag","embeddable":true,"href":"https:\/\/amazonia.fiocruz.br\/index.php?rest_route=%2Fwp%2Fv2%2Ftags&post=36579"}],"curies":[{"name":"wp","href":"https:\/\/api.w.org\/{rel}","templated":true}]}}