{"id":36553,"date":"2022-04-11T13:42:21","date_gmt":"2022-04-11T17:42:21","guid":{"rendered":"https:\/\/amazonia.fiocruz.br\/?p=36553"},"modified":"2022-04-11T13:42:22","modified_gmt":"2022-04-11T17:42:22","slug":"especializacao-em-gestao-de-organizacoes-de-saude-forma-nova-turma-em-maues","status":"publish","type":"post","link":"https:\/\/amazonia.fiocruz.br\/?p=36553","title":{"rendered":"Especializa\u00e7\u00e3o em gest\u00e3o de organiza\u00e7\u00f5es de sa\u00fade forma nova turma em Mau\u00e9s"},"content":{"rendered":"<section class=\"av_textblock_section \"  itemscope=\"itemscope\" itemtype=\"https:\/\/schema.org\/BlogPosting\" itemprop=\"blogPost\" ><div class='avia_textblock  '   itemprop=\"text\" ><p style=\"text-align: justify;\">O Instituto Le\u00f4nidas &amp; Maria Deane (ILMD\/Fiocruz Amaz\u00f4nia), no \u00e2mbito do\u00a0 Programa QualificaSUS, formou a primeira turma do Curso de Especializa\u00e7\u00e3o Gest\u00e3o das Organiza\u00e7\u00f5es P\u00fablicas de Sa\u00fade no munic\u00edpio de Mau\u00e9s. O curso foi realizado por meio de parceira firmada com o Conselho de Secret\u00e1rios Municipais de Sa\u00fade do Amazonas- Cosems\/AM, tendo um total de 34 formandos. O projeto percorre os 62 munic\u00edpios do Amazonas com atualiza\u00e7\u00e3o para ACS e ACE FIOCRUZ-Amaz\u00f4nia, e especializa\u00e7\u00e3o em Mau\u00e9s, Itacoatiara, Tef\u00e9, Tabatinga, Manaus e Manacapuru.<\/p>\n<p style=\"text-align: justify;\"><img decoding=\"async\" class=\"alignleft wp-image-36555 \" src=\"https:\/\/amazonia.fiocruz.br\/wp-content\/uploads\/2022\/04\/a45cfa9f-eec0-4523-9330-2414f4094808-1-225x300.jpg\" alt=\"\" width=\"201\" height=\"268\" srcset=\"https:\/\/amazonia.fiocruz.br\/wp-content\/uploads\/2022\/04\/a45cfa9f-eec0-4523-9330-2414f4094808-1-225x300.jpg 225w, https:\/\/amazonia.fiocruz.br\/wp-content\/uploads\/2022\/04\/a45cfa9f-eec0-4523-9330-2414f4094808-1-773x1030.jpg 773w, https:\/\/amazonia.fiocruz.br\/wp-content\/uploads\/2022\/04\/a45cfa9f-eec0-4523-9330-2414f4094808-1-768x1024.jpg 768w, https:\/\/amazonia.fiocruz.br\/wp-content\/uploads\/2022\/04\/a45cfa9f-eec0-4523-9330-2414f4094808-1-529x705.jpg 529w, https:\/\/amazonia.fiocruz.br\/wp-content\/uploads\/2022\/04\/a45cfa9f-eec0-4523-9330-2414f4094808-1.jpg 867w\" sizes=\"(max-width: 201px) 100vw, 201px\" \/>A solenidade de formatura contou com a presen\u00e7a da vice-diretora de Ensino do ILMD\/Fiocruz Amaz\u00f4nia, Rosana Parente, que destacou a import\u00e2ncia da especializa\u00e7\u00e3o para a qualifica\u00e7\u00e3o da gest\u00e3o da sa\u00fade em todo o Estado. O curso \u00e9 destinado a profissionais com n\u00edvel superior da rede de sa\u00fade p\u00fablica dos munic\u00edpios. O objetivo \u00e9 promover o aperfei\u00e7oamento do processo de gest\u00e3o, planejamento e or\u00e7amento p\u00fablico dos sistemas e servi\u00e7os de sa\u00fade em qualquer n\u00edvel de organiza\u00e7\u00e3o, com carga hor\u00e1ria total de 400 horas.<\/p>\n<p style=\"text-align: justify;\">Aos egressos \u00e9 concedido o t\u00edtulo de Especialista em Gest\u00e3o das Organiza\u00e7\u00f5es P\u00fablicas de Sa\u00fade. Os participantes devem ter n\u00edvel superior e desempenhar suas fun\u00e7\u00f5es e\/ou atividades na \u00e1rea de gest\u00e3o da Aten\u00e7\u00e3o B\u00e1sica.<\/p>\n<\/div><\/section>\n","protected":false},"excerpt":{"rendered":"<p>Curso integra o Programa QualificaSUS e concede t\u00edtulo de Especialista em Gest\u00e3o das Organiza\u00e7\u00f5es P\u00fablicas de Sa\u00fade aos participantes<\/p>\n","protected":false},"author":20,"featured_media":36554,"comment_status":"closed","ping_status":"closed","sticky":true,"template":"","format":"image","meta":{"footnotes":""},"categories":[15],"tags":[136,120,119,131,737,499],"class_list":["post-36553","post","type-post","status-publish","format-image","has-post-thumbnail","hentry","category-noticias","tag-fiocruz","tag-fiocruz-amazonia","tag-ilmd","tag-ilmdfiocruz-amazonia","tag-projeto-qualificasus","tag-qualificacao","post_format-post-format-image"],"_links":{"self":[{"href":"https:\/\/amazonia.fiocruz.br\/index.php?rest_route=\/wp\/v2\/posts\/36553","targetHints":{"allow":["GET"]}}],"collection":[{"href":"https:\/\/amazonia.fiocruz.br\/index.php?rest_route=\/wp\/v2\/posts"}],"about":[{"href":"https:\/\/amazonia.fiocruz.br\/index.php?rest_route=\/wp\/v2\/types\/post"}],"author":[{"embeddable":true,"href":"https:\/\/amazonia.fiocruz.br\/index.php?rest_route=\/wp\/v2\/users\/20"}],"replies":[{"embeddable":true,"href":"https:\/\/amazonia.fiocruz.br\/index.php?rest_route=%2Fwp%2Fv2%2Fcomments&post=36553"}],"version-history":[{"count":1,"href":"https:\/\/amazonia.fiocruz.br\/index.php?rest_route=\/wp\/v2\/posts\/36553\/revisions"}],"predecessor-version":[{"id":36556,"href":"https:\/\/amazonia.fiocruz.br\/index.php?rest_route=\/wp\/v2\/posts\/36553\/revisions\/36556"}],"wp:featuredmedia":[{"embeddable":true,"href":"https:\/\/amazonia.fiocruz.br\/index.php?rest_route=\/wp\/v2\/media\/36554"}],"wp:attachment":[{"href":"https:\/\/amazonia.fiocruz.br\/index.php?rest_route=%2Fwp%2Fv2%2Fmedia&parent=36553"}],"wp:term":[{"taxonomy":"category","embeddable":true,"href":"https:\/\/amazonia.fiocruz.br\/index.php?rest_route=%2Fwp%2Fv2%2Fcategories&post=36553"},{"taxonomy":"post_tag","embeddable":true,"href":"https:\/\/amazonia.fiocruz.br\/index.php?rest_route=%2Fwp%2Fv2%2Ftags&post=36553"}],"curies":[{"name":"wp","href":"https:\/\/api.w.org\/{rel}","templated":true}]}}