{"id":36549,"date":"2022-04-07T16:41:32","date_gmt":"2022-04-07T20:41:32","guid":{"rendered":"https:\/\/amazonia.fiocruz.br\/?p=36549"},"modified":"2022-04-07T16:41:32","modified_gmt":"2022-04-07T20:41:32","slug":"fiocruz-lanca-chamada-interna-de-permanencia-aos-estudantes-de-pos-graduacao-de-baixa-renda","status":"publish","type":"post","link":"https:\/\/amazonia.fiocruz.br\/?p=36549","title":{"rendered":"Fiocruz lan\u00e7a chamada interna de perman\u00eancia aos estudantes de p\u00f3s-gradua\u00e7\u00e3o de baixa renda"},"content":{"rendered":"<section class=\"av_textblock_section \"  itemscope=\"itemscope\" itemtype=\"https:\/\/schema.org\/BlogPosting\" itemprop=\"blogPost\" ><div class='avia_textblock  '   itemprop=\"text\" ><p style=\"text-align: justify;\">Com o objetivo de promover a perman\u00eancia dos estudantes de baixa renda, em situa\u00e7\u00e3o de vulnerabilidade social, em seus programas de p\u00f3s-gradua\u00e7\u00e3o, a Fiocruz lan\u00e7ou o edital de\u00a0<a href=\"https:\/\/campusvirtual.fiocruz.br\/portal\/?q=auxilio_permanencia\" target=\"_blank\" rel=\"noreferrer noopener\">Aux\u00edlio \u00e0 Perman\u00eancia do Estudante na P\u00f3s-Gradua\u00e7\u00e3o &#8211; Chamada Interna \u2013 APE-PG N\u00ba 01\/2022<\/a>. A iniciativa da Presid\u00eancia da Funda\u00e7\u00e3o, por interm\u00e9dio da Vice-Presid\u00eancia de Educa\u00e7\u00e3o, Informa\u00e7\u00e3o e Comunica\u00e7\u00e3o (VPEIC), \u00e9 voltada a alunos de mestrado e doutorado acad\u00eamicos e visa favorecer a continuidade de seus estudos e desempenho acad\u00eamico, contribuindo para a redu\u00e7\u00e3o das desigualdades na educa\u00e7\u00e3o de p\u00f3s-gradua\u00e7\u00e3o e na ci\u00eancia. As inscri\u00e7\u00f5es v\u00e3o de 18 a 29 de abril!<\/p>\n<p style=\"text-align: justify;\"><a href=\"https:\/\/campusvirtual.fiocruz.br\/portal\/?q=content\/64154\" target=\"_blank\" rel=\"noreferrer noopener\">Conhe\u00e7a a chamada interna!<\/a><\/p>\n<p style=\"text-align: justify;\"><em><a href=\"https:\/\/campusvirtual.fiocruz.br\/portal\/sites\/default\/files\/editais\/Errata_APE_PG_ChamadaInterna_01_2022_dadosbancarios.pdf\" target=\"_blank\" rel=\"noreferrer noopener\">+ Confira retifica\u00e7\u00e3o da chamada sobre dist\u00e2ncia\/localidade de resid\u00eancia dos alunos e tamb\u00e9m sobre dados banc\u00e1rios<\/a><\/em><\/p>\n<p style=\"text-align: justify;\">O APE-PG destina-se a estudantes com matr\u00edcula ativa na Fiocruz e dedica\u00e7\u00e3o exclusiva a cursos de p\u00f3s-gradua\u00e7\u00e3o Stricto sensu, modalidade mestrado e doutorado acad\u00eamicos, e com renda familiar per capita mensal inferior ou igual a dois sal\u00e1rios-m\u00ednimos (valor do sal\u00e1rio nacional), inscritos no Cadastro \u00danico para Programas Sociais do Governo Federal (Cad\u00danico), de que trata o Decreto N\u00ba 6.135, de 26 de junho de 2007; ou para os que se forem membros de fam\u00edlia de baixa renda, tamb\u00e9m nos termos do mesmo Decreto, em condi\u00e7\u00e3o de vulnerabilidade social que prejudique o desenvolvimento das atividades acad\u00eamicas no curso da Fiocruz em que est\u00e1 matriculado.<\/p>\n<p style=\"text-align: justify;\">A coordenadora-geral de Educa\u00e7\u00e3o da Fiocruz, Cristina Guilam, descreveu que o auxilio perman\u00eancia foi pensado a partir de discuss\u00f5es sobre a Pol\u00edtica de Apoio ao Estudante. Segundo ela, &#8220;a Fiocruz est\u00e1 comprometida com a redu\u00e7ao das desigualdades sociais e esse compromisso assume materialidade na ado\u00e7\u00e3o de a\u00e7\u00f5es afirmativas, no investimento em bolsas &#8211; ainda que n\u00e3o sejamos uma ag\u00eancia de fomento &#8211; e, neste momento, na cria\u00e7\u00e3o deste auxilio, cujo objetivo \u00e9 apoiar alunos em situa\u00e7\u00e3o de vulnerabilidade para que possam concluir seus estudos com \u00eaxito&#8221;, explicou Cristina Guilam.<\/p>\n<p style=\"text-align: justify;\"><strong>Vagas e inscri\u00e7\u00f5es<\/strong><\/p>\n<p style=\"text-align: justify;\">Poder\u00e3o ser atendidos nesta chamada at\u00e9 375 estudantes matriculados em cursos de mestrado e doutorado dos Programas de P\u00f3s-Gradua\u00e7\u00e3o acad\u00eamicos stricto sensu da Fiocruz que atendam os crit\u00e9rios estabelecidos. Al\u00e9m disso, o recebimento do APE-PG ocorrer\u00e1 por 12 meses consecutivos, enquanto o estudante estiver em situa\u00e7\u00e3o de matr\u00edcula ativa e dentro dos prazos regimentais de conclus\u00e3o do curso em quest\u00e3o, com dura\u00e7\u00e3o m\u00e1xima equivalente ao per\u00edodo do curso: at\u00e9 o 24\u00ba m\u00eas para o mestrado e at\u00e9 o 48\u00ba m\u00eas para o doutorado.<\/p>\n<p style=\"text-align: justify;\">O aux\u00edlio deve ser renovado a cada 12 meses de recebimento, a partir da confirma\u00e7\u00e3o das condi\u00e7\u00f5es de elegibilidade para sua manuten\u00e7\u00e3o.<\/p>\n<p style=\"text-align: justify;\">As inscri\u00e7\u00f5es acontecer\u00e3o de 18 a 29 de abril e ser\u00e3o homologadas por cada programa de p\u00f3s-gradua\u00e7\u00e3o. O resultado ser\u00e1 informado no Portal do\u00a0<strong>Campus Virtual da Fiocruz<\/strong>, de acordo com o calend\u00e1rio previsto na Chamada P\u00fablica.<\/p>\n<p style=\"text-align: justify;\">O estudante que tiver dificuldade de realizar sua inscri\u00e7\u00e3o no processo seletivo por meio remoto, deve procurar a Secretaria Acad\u00eamica do curso para realizar inscri\u00e7\u00e3o na unidade na qual est\u00e1 matriculado.<\/p>\n<\/div><\/section>\n","protected":false},"excerpt":{"rendered":"<p>As inscri\u00e7\u00f5es v\u00e3o de 18 a 29 de abril! <\/p>\n","protected":false},"author":20,"featured_media":36550,"comment_status":"closed","ping_status":"closed","sticky":true,"template":"","format":"image","meta":{"footnotes":""},"categories":[15],"tags":[412,136,120,119,131],"class_list":["post-36549","post","type-post","status-publish","format-image","has-post-thumbnail","hentry","category-noticias","tag-ensino","tag-fiocruz","tag-fiocruz-amazonia","tag-ilmd","tag-ilmdfiocruz-amazonia","post_format-post-format-image"],"_links":{"self":[{"href":"https:\/\/amazonia.fiocruz.br\/index.php?rest_route=\/wp\/v2\/posts\/36549","targetHints":{"allow":["GET"]}}],"collection":[{"href":"https:\/\/amazonia.fiocruz.br\/index.php?rest_route=\/wp\/v2\/posts"}],"about":[{"href":"https:\/\/amazonia.fiocruz.br\/index.php?rest_route=\/wp\/v2\/types\/post"}],"author":[{"embeddable":true,"href":"https:\/\/amazonia.fiocruz.br\/index.php?rest_route=\/wp\/v2\/users\/20"}],"replies":[{"embeddable":true,"href":"https:\/\/amazonia.fiocruz.br\/index.php?rest_route=%2Fwp%2Fv2%2Fcomments&post=36549"}],"version-history":[{"count":1,"href":"https:\/\/amazonia.fiocruz.br\/index.php?rest_route=\/wp\/v2\/posts\/36549\/revisions"}],"predecessor-version":[{"id":36551,"href":"https:\/\/amazonia.fiocruz.br\/index.php?rest_route=\/wp\/v2\/posts\/36549\/revisions\/36551"}],"wp:featuredmedia":[{"embeddable":true,"href":"https:\/\/amazonia.fiocruz.br\/index.php?rest_route=\/wp\/v2\/media\/36550"}],"wp:attachment":[{"href":"https:\/\/amazonia.fiocruz.br\/index.php?rest_route=%2Fwp%2Fv2%2Fmedia&parent=36549"}],"wp:term":[{"taxonomy":"category","embeddable":true,"href":"https:\/\/amazonia.fiocruz.br\/index.php?rest_route=%2Fwp%2Fv2%2Fcategories&post=36549"},{"taxonomy":"post_tag","embeddable":true,"href":"https:\/\/amazonia.fiocruz.br\/index.php?rest_route=%2Fwp%2Fv2%2Ftags&post=36549"}],"curies":[{"name":"wp","href":"https:\/\/api.w.org\/{rel}","templated":true}]}}