{"id":36526,"date":"2022-04-06T14:59:54","date_gmt":"2022-04-06T18:59:54","guid":{"rendered":"https:\/\/amazonia.fiocruz.br\/?p=36526"},"modified":"2022-04-06T14:59:54","modified_gmt":"2022-04-06T18:59:54","slug":"forum-de-unidades-regionais-acontece-na-bahia-e-tem-como-foco-as-populacoes-vulnerabilizadas","status":"publish","type":"post","link":"https:\/\/amazonia.fiocruz.br\/?p=36526","title":{"rendered":"F\u00f3rum de Unidades Regionais acontece na Bahia e tem como foco as popula\u00e7\u00f5es vulnerabilizadas"},"content":{"rendered":"<section class=\"av_textblock_section \"  itemscope=\"itemscope\" itemtype=\"https:\/\/schema.org\/BlogPosting\" itemprop=\"blogPost\" ><div class='avia_textblock  '   itemprop=\"text\" ><p style=\"text-align: justify;\">A 88\u00aa reuni\u00e3o do F\u00f3rum de Unidades Regionais da Funda\u00e7\u00e3o Oswaldo Cruz (Fiocruz), que acontece durante tr\u00eas dias na cidade de Salvador (BA), reunindo diretores e vice-diretores das dez unidades da Fiocruz no Brasil, teve como foco a formula\u00e7\u00e3o de pol\u00edticas p\u00fablicas de sa\u00fade voltadas para as popula\u00e7\u00f5es vulnerabilizadas e a retomada do planejamento de programas estrat\u00e9gicos como uma das metas da Agenda 2030 a institui\u00e7\u00e3o.<\/p>\n<p style=\"text-align: justify;\">Esta \u00e9 a primeira edi\u00e7\u00e3o presencial do f\u00f3rum, realizada ap\u00f3s dois anos da pandemia de Covid-19. A finalidade \u00e9 permitir a amplia\u00e7\u00e3o da participa\u00e7\u00e3o das unidades regionais nos contextos das comunidades em que est\u00e3o inseridas, passado o impacto da pandemia.<\/p>\n<p><img decoding=\"async\" class=\"alignleft wp-image-36531\" src=\"https:\/\/amazonia.fiocruz.br\/wp-content\/uploads\/2022\/04\/hl-3776037557.jpg\" alt=\"\" width=\"355\" height=\"266\" srcset=\"https:\/\/amazonia.fiocruz.br\/wp-content\/uploads\/2022\/04\/hl-3776037557.jpg 512w, https:\/\/amazonia.fiocruz.br\/wp-content\/uploads\/2022\/04\/hl-3776037557-300x225.jpg 300w\" sizes=\"(max-width: 355px) 100vw, 355px\" \/><\/p>\n<p style=\"text-align: justify;\">Para a diretora da Fiocruz Amaz\u00f4nia, Adele Benzaken, \u00e9 ineg\u00e1vel o impacto da pandemia de Covid-19 na rotina das unidades da Fiocruz nos Estados, sobretudo no Amazonas, onde houve agravamento do quadro da pandemia por dois anos consecutivos, por\u00e9m \u00e9 chegada a hora de se voltar o olhar para a reestrutura\u00e7\u00e3o de programas direcionados ao atendimento de sa\u00fade de ind\u00edgenas, profissionais do sexo, homens que fazem sexo com homens, migrantes, que precisam de pol\u00edticas mais inclusivas sobre tudo no Amazonas e em Rond\u00f4nia.<\/p>\n<p style=\"text-align: justify;\">\u201cA agenda 2030 foi criada antes da pandemia e dentro dela, focando as popula\u00e7\u00f5es mais vulnerabilizadas, na perspectiva de n\u00e3o deixar ningu\u00e9m pra tr\u00e1s, tivemos que recuar porque a pandemia exacerbou tudo isso. Com o impacto da Covid-19 sobre o sistema p\u00fablico de sa\u00fade, as unidades regionais acabaram mitigando um pouco as quest\u00f5es relativas \u00e0s popula\u00e7\u00f5es vulnerabilizadas\u201d, explica.<\/p>\n<p style=\"text-align: justify;\">Na oportunidade, Adele Benzaken destacou as iniciativas desenvolvidas pelo ILMD\/Fiocruz Amaz\u00f4nia \u201cPassamos a exercer o papel de Estado, atuando no diagn\u00f3stico, fazendo doa\u00e7\u00f5es de testes de Covid-19, capacita\u00e7\u00e3o de profissionais de sa\u00fade na realiza\u00e7\u00e3o de exames, no uso de equipamentos de prote\u00e7\u00e3o individual, tentamos fazer a\u00e7\u00f5es para mitigar um pouco a situa\u00e7\u00e3o, principalmente no Amazonas, atuando junto aos Distritos Sanit\u00e1rios Especiais Ind\u00edgenas (DSEIS), que s\u00e3o popula\u00e7\u00f5es esquecidas e n\u00e3o s\u00e3o inclu\u00eddas dentro do sistema de sa\u00fade local&#8221;.<\/p>\n<p style=\"text-align: justify;\">A diretora citou tamb\u00e9m as miss\u00f5es \u00e0s regi\u00f5es mais long\u00ednquas do Estado, levando diagn\u00f3stico e orienta\u00e7\u00e3o nos cuidados para comunidades ribeirinhas. &#8220;Esse papel de mitiga\u00e7\u00e3o nunca podemos esquecer porque estamos dentro da comunidade e temos de ser sens\u00edveis a ela. A pergunta a qual teremos a miss\u00e3o de responder nesse e nos pr\u00f3ximos f\u00f3runs \u00e9 como iremos funcionar para auxiliar nessa reestrutura\u00e7\u00e3o desses programas, levando em conta que temos prioridades distintas dentro das popula\u00e7\u00f5es vulnerabilizadas de cada regi\u00e3o\u201d, avaliou Benzaken.<\/p>\n<p style=\"text-align: justify;\">Durante a programa\u00e7\u00e3o, ser\u00e3o realizadas oficinas sobre popula\u00e7\u00f5es vulnerabilizadas, o fechamento do planejamento de longo prazo e a Agenda 2030, com apresenta\u00e7\u00e3o do sum\u00e1rio para a presidente da Fiocruz, Nisia Trindade, e o vice-presidente de Gest\u00e3o e Desenvolvimento Institucional, M\u00e1rio Moreira, que estar\u00e3o participando do f\u00f3rum nesta ter\u00e7a-feira, 5\/06, para prestigiar a comemora\u00e7\u00e3o dos 65 anos do Instituto Gon\u00e7alo Muniz \u2013 Fiocruz Bahia.<\/p>\n<\/div><\/section>\n","protected":false},"excerpt":{"rendered":"<p>Esta \u00e9 a primeira edi\u00e7\u00e3o presencial do f\u00f3rum, realizada ap\u00f3s dois anos da pandemia de Covid-19.<\/p>\n","protected":false},"author":20,"featured_media":36530,"comment_status":"closed","ping_status":"closed","sticky":true,"template":"","format":"image","meta":{"footnotes":""},"categories":[15],"tags":[136,120,1118,1117,119,131],"class_list":["post-36526","post","type-post","status-publish","format-image","has-post-thumbnail","hentry","category-noticias","tag-fiocruz","tag-fiocruz-amazonia","tag-forum-das-unidades-regionais","tag-fur","tag-ilmd","tag-ilmdfiocruz-amazonia","post_format-post-format-image"],"_links":{"self":[{"href":"https:\/\/amazonia.fiocruz.br\/index.php?rest_route=\/wp\/v2\/posts\/36526","targetHints":{"allow":["GET"]}}],"collection":[{"href":"https:\/\/amazonia.fiocruz.br\/index.php?rest_route=\/wp\/v2\/posts"}],"about":[{"href":"https:\/\/amazonia.fiocruz.br\/index.php?rest_route=\/wp\/v2\/types\/post"}],"author":[{"embeddable":true,"href":"https:\/\/amazonia.fiocruz.br\/index.php?rest_route=\/wp\/v2\/users\/20"}],"replies":[{"embeddable":true,"href":"https:\/\/amazonia.fiocruz.br\/index.php?rest_route=%2Fwp%2Fv2%2Fcomments&post=36526"}],"version-history":[{"count":1,"href":"https:\/\/amazonia.fiocruz.br\/index.php?rest_route=\/wp\/v2\/posts\/36526\/revisions"}],"predecessor-version":[{"id":36533,"href":"https:\/\/amazonia.fiocruz.br\/index.php?rest_route=\/wp\/v2\/posts\/36526\/revisions\/36533"}],"wp:featuredmedia":[{"embeddable":true,"href":"https:\/\/amazonia.fiocruz.br\/index.php?rest_route=\/wp\/v2\/media\/36530"}],"wp:attachment":[{"href":"https:\/\/amazonia.fiocruz.br\/index.php?rest_route=%2Fwp%2Fv2%2Fmedia&parent=36526"}],"wp:term":[{"taxonomy":"category","embeddable":true,"href":"https:\/\/amazonia.fiocruz.br\/index.php?rest_route=%2Fwp%2Fv2%2Fcategories&post=36526"},{"taxonomy":"post_tag","embeddable":true,"href":"https:\/\/amazonia.fiocruz.br\/index.php?rest_route=%2Fwp%2Fv2%2Ftags&post=36526"}],"curies":[{"name":"wp","href":"https:\/\/api.w.org\/{rel}","templated":true}]}}