{"id":36478,"date":"2022-03-30T17:46:13","date_gmt":"2022-03-30T21:46:13","guid":{"rendered":"https:\/\/amazonia.fiocruz.br\/?p=36478"},"modified":"2022-03-31T09:25:10","modified_gmt":"2022-03-31T13:25:10","slug":"ilmd-fiocruz-amazonia-debate-sobre-conscientizacao-do-autismo","status":"publish","type":"post","link":"https:\/\/amazonia.fiocruz.br\/?p=36478","title":{"rendered":"ILMD \/ Fiocruz Amaz\u00f4nia debate sobre conscientiza\u00e7\u00e3o do autismo"},"content":{"rendered":"<section class=\"av_textblock_section \"  itemscope=\"itemscope\" itemtype=\"https:\/\/schema.org\/BlogPosting\" itemprop=\"blogPost\" ><div class='avia_textblock  '   itemprop=\"text\" ><p style=\"text-align: justify;\">O Instituto Le\u00f4nidas &amp; Maria Deane (ILMD\/ Fiocruz Amaz\u00f4nia) abre nesta sexta-feira, 1\/4, a programa\u00e7\u00e3o alusiva ao M\u00eas de Conscientiza\u00e7\u00e3o do Autismo, com a live intitulada \u201cConhecer e acolher a neurodiversidade\u201d, iniciando \u00e0s 18h30 (hor\u00e1rio Manaus). O objetivo da live \u00e9 permitir o compartilhamento de experi\u00eancias sobre os diversos aspectos que envolvem o dia a dia de pessoas portadoras do transtorno do espectro autista, em rela\u00e7\u00e3o \u00e0 fam\u00edlia, ao trabalho, \u00e0s rela\u00e7\u00f5es interpessoais e o enfretamento ao preconceito gerado pela desinforma\u00e7\u00e3o acerca do tema.<\/p>\n<p style=\"text-align: justify;\">A roda de conversa contar\u00e1 com a participa\u00e7\u00e3o da psic\u00f3loga cl\u00ednica e escolar, Hannah Iamut Said; o pesquisador da Fiocruz e pai at\u00edpico, Felipe Naveca; &nbsp;o radialista e tamb\u00e9m pai at\u00edpico, Andr\u00e9 Anzoategui e a UXDesigner e ativista, Joyce Rocha, portadora do TEA. O evento ter\u00e1 transmiss\u00e3o pela plataforma Zoom, podendo ser acompanhado pelo link&nbsp;<a href=\"https:\/\/us06web.zoom.us\/j\/89239213915?pwd=NDlmRVM1Rm5xdFNIbkMxa2R0dVBidz09#success\" target=\"_blank\" rel=\"noreferrer noopener\">https:\/\/us06web.zoom.us\/j\/89239213915?pwd=NDlmRVM1Rm5xdFNIbkMxa2R0dVBidz09#success<\/a><\/p>\n<p style=\"text-align: justify;\">A Organiza\u00e7\u00e3o das Na\u00e7\u00f5es Unidas instituiu o 2 de abril como o Dia Mundial de Conscientiza\u00e7\u00e3o sobre o Autismo, como forma de chamar a aten\u00e7\u00e3o da sociedade para o tema e contribuir para reduzir o desconhecimento e o preconceito que cercam as pessoas que desenvolvem o transtorno. O autismo se caracteriza como um transtorno global do desenvolvimento que se inicia na primeira inf\u00e2ncia, ressaltando sintomas como dificuldade de comunica\u00e7\u00e3o e inser\u00e7\u00e3o social.<\/p>\n<p style=\"text-align: justify;\">Conhecido cientificamente como Transtorno do Espectro Autista, n\u00e3o \u00e9 considerado uma defici\u00eancia, tampouco uma doen\u00e7a. &nbsp;A estimativa \u00e9 de que existam mais de 2 milh\u00f5es de pessoas com TEA no Brasil, por\u00e9m a dificuldade de acesso aos servi\u00e7os de sa\u00fade e a falta de um diagn\u00f3stico levam a crer que esse n\u00famero seja ainda maior.<\/p>\n<p style=\"text-align: justify;\">Para o virologista Felipe Naveca, \u00e9 importante ter em mente que nenhum autista \u00e9 igual ao outro, assim como todas as pessoas. \u201cN\u00e3o existe f\u00f3rmula exatamente igual para se tratar a todos que possuem o transtorno do espectro autista, por\u00e9m o importante \u00e9 conhecer as necessidades de cada um, conviver e dar todo amor e carinho que qualquer pessoa merece. Assim, conseguimos construir um v\u00ednculo mais forte e que nos faz vencer as dificuldades que possam vir a surgir\u201d, destacou.<\/p>\n<p style=\"text-align: justify;\">Segundo Naveca, \u00e9 preciso focar nas necessidades espec\u00edficas de cada portador dessa condi\u00e7\u00e3o, entender e aprender melhor a conviver com essas diferen\u00e7as. Atualmente, o n\u00famero de casos de autismo tem aumentado em todo o Mundo. Pesquisas realizadas em pa\u00edses como os EUA atestam que 1 em cada 44 crian\u00e7as nascem com autismo, o que significa que a sociedade precisa estar cada vez mais preparada para lidar com essa condi\u00e7\u00e3o.<\/p>\n<p style=\"text-align: justify;\">A psic\u00f3loga Hanna Said destaca a import\u00e2ncia da <em>live<\/em> no m\u00eas de conscientiza\u00e7\u00e3o. \u201cN\u00e3o existe melhor forma de celebrar do que conscientizar nossa popula\u00e7\u00e3o sobre as caracter\u00edsticas das pessoas com essa condi\u00e7\u00e3o, e como podemos aprender para compreender e promover gentileza e maior compreens\u00e3o desses indiv\u00edduos na sociedade\u201d, afirma.<\/p>\n<p style=\"text-align: justify;\">A data alusiva tem um significado especial para o radialista Andr\u00e9 Anzoategui. \u201cPosso dizer que \u00e9 uma oportunidade maravilhosa porque foi justamente no dia 2 de abril que anunciei pra todo mundo que meu filho \u00e9 autista e ao mesmo tempo para poder conscientizar as pessoas a aprenderem que quanto mais cedo voc\u00ea come\u00e7a a entender e por em pr\u00e1tica as terapias para atender a crian\u00e7a, maiores s\u00e3o as chances de proporcionar uma boa qualidade de vida para as pessoas\u201d, afirmou.<\/p>\n<p style=\"text-align: justify;\">Por ser essencialmente cl\u00ednico, o diagn\u00f3stico \u00e9 realizado a partir das observa\u00e7\u00f5es da crian\u00e7a, entrevistas com os pais e aplica\u00e7\u00e3o de instrumentos de vigil\u00e2ncia do desenvolvimento infantil, durante as consultas de avalia\u00e7\u00e3o realizadas em qualquer unidade de Aten\u00e7\u00e3o Prim\u00e1ria \u00e0 Sa\u00fade. Al\u00e9m do TEA, a neurodiversidade humana inclui diversas outras diferen\u00e7as neurol\u00f3gicas que fazem parte da vida de muitas pessoas, a exemplo da dispraxia, dislexia, transtorno de d\u00e9ficit de aten\u00e7\u00e3o com hiperatividade (TDAH).<\/p>\n<p style=\"text-align: justify;\">Com o intuito de promover uma reflex\u00e3o sobre esses e outros aspectos, a Fiocruz Amazonia promover\u00e1 discuss\u00f5es sobre autismo com familiares de autistas e profissionais especializados em TEA. Aberta para a sociedade, a live \u00e9 uma oportunidade de escuta dos envolvidos e de reflex\u00e3o. At\u00e9 o final de abril, outros eventos ser\u00e3o realizados.<\/p>\n<h6 style=\"text-align: justify;\"><strong><em>ILMD\/ Fiocruz Amaz\u00f4nia<\/em><\/strong><\/h6>\n<h6 style=\"text-align: justify;\"><em><strong>Imagem: Mackesy Nascimento<\/strong><\/em><\/h6>\n<\/div><\/section>\n","protected":false},"excerpt":{"rendered":"<p>Objetivo \u00e9 realizar programa\u00e7\u00e3o de eventos ao longo do m\u00eas de abril, dedicado \u00e0 conscientiza\u00e7\u00e3o acerca da causa das pessoas portadoras do transtorno do espectro autista.<\/p>\n","protected":false},"author":20,"featured_media":36482,"comment_status":"closed","ping_status":"closed","sticky":true,"template":"","format":"image","meta":{"footnotes":""},"categories":[15],"tags":[877,136,120,119,131,125,1116],"class_list":["post-36478","post","type-post","status-publish","format-image","has-post-thumbnail","hentry","category-noticias","tag-autismo","tag-fiocruz","tag-fiocruz-amazonia","tag-ilmd","tag-ilmdfiocruz-amazonia","tag-pesquisa","tag-tea","post_format-post-format-image"],"_links":{"self":[{"href":"https:\/\/amazonia.fiocruz.br\/index.php?rest_route=\/wp\/v2\/posts\/36478","targetHints":{"allow":["GET"]}}],"collection":[{"href":"https:\/\/amazonia.fiocruz.br\/index.php?rest_route=\/wp\/v2\/posts"}],"about":[{"href":"https:\/\/amazonia.fiocruz.br\/index.php?rest_route=\/wp\/v2\/types\/post"}],"author":[{"embeddable":true,"href":"https:\/\/amazonia.fiocruz.br\/index.php?rest_route=\/wp\/v2\/users\/20"}],"replies":[{"embeddable":true,"href":"https:\/\/amazonia.fiocruz.br\/index.php?rest_route=%2Fwp%2Fv2%2Fcomments&post=36478"}],"version-history":[{"count":3,"href":"https:\/\/amazonia.fiocruz.br\/index.php?rest_route=\/wp\/v2\/posts\/36478\/revisions"}],"predecessor-version":[{"id":36484,"href":"https:\/\/amazonia.fiocruz.br\/index.php?rest_route=\/wp\/v2\/posts\/36478\/revisions\/36484"}],"wp:featuredmedia":[{"embeddable":true,"href":"https:\/\/amazonia.fiocruz.br\/index.php?rest_route=\/wp\/v2\/media\/36482"}],"wp:attachment":[{"href":"https:\/\/amazonia.fiocruz.br\/index.php?rest_route=%2Fwp%2Fv2%2Fmedia&parent=36478"}],"wp:term":[{"taxonomy":"category","embeddable":true,"href":"https:\/\/amazonia.fiocruz.br\/index.php?rest_route=%2Fwp%2Fv2%2Fcategories&post=36478"},{"taxonomy":"post_tag","embeddable":true,"href":"https:\/\/amazonia.fiocruz.br\/index.php?rest_route=%2Fwp%2Fv2%2Ftags&post=36478"}],"curies":[{"name":"wp","href":"https:\/\/api.w.org\/{rel}","templated":true}]}}