{"id":36438,"date":"2022-03-24T16:09:27","date_gmt":"2022-03-24T20:09:27","guid":{"rendered":"https:\/\/amazonia.fiocruz.br\/?p=36438"},"modified":"2022-03-24T16:09:27","modified_gmt":"2022-03-24T20:09:27","slug":"estudo-desenvolvido-em-parceria-pela-fiocruz-e-fapeam-identifica-proteinas-diferenciais-associadas-a-lesoes-precursoras-do-cancer-do-colo-de-utero","status":"publish","type":"post","link":"https:\/\/amazonia.fiocruz.br\/?p=36438","title":{"rendered":"Estudo desenvolvido em parceria pela Fiocruz e Fapeam identifica prote\u00ednas diferenciais associadas a les\u00f5es precursoras do c\u00e2ncer do colo de \u00fatero"},"content":{"rendered":"<section class=\"av_textblock_section \"  itemscope=\"itemscope\" itemtype=\"https:\/\/schema.org\/BlogPosting\" itemprop=\"blogPost\" ><div class='avia_textblock  '   itemprop=\"text\" ><p style=\"text-align: justify;\">Pouco mais de dois anos de iniciada, a pesquisa intitulada \u201cAvalia\u00e7\u00e3o das Caracter\u00edsticas Epidemiol\u00f3gicas e Moleculares de Mulheres Tratadas com Les\u00f5es Precursoras de C\u00e2ncer de Colo de \u00datero no Amazonas\u201d, desenvolvida pela Fiocruz Amaz\u00f4nia, em parceria com a Funda\u00e7\u00e3o de Amparo \u00e0 Pesquisa do Estado do Amazonas (Fapeam), chegou aos primeiros resultados que permitiram identificar prote\u00ednas caracter\u00edsticas de les\u00f5es precursoras de alto grau (NIC 2 e NIC 3) em pacientes diagnosticadas com a doen\u00e7a no Amazonas. O Estado apresenta dados preocupantes, sendo o primeiro lugar em incid\u00eancia entre as mulheres e em causa de \u00f3bitos nos \u00faltimos cinco anos. O trabalho, feito por pesquisadores amazonenses, acende uma luz para que, num futuro pr\u00f3ximo, seja poss\u00edvel dispor de dispositivos tecnol\u00f3gicos que permitam auxiliar no diagn\u00f3stico e, por conseguinte, reduzir a incid\u00eancia de casos.<\/p>\n<p style=\"text-align: justify;\">Doutora em Bioqu\u00edmica pela Universidade Federal do Rio de Janeiro, a pesquisadora em Sa\u00fade P\u00fablica da Fiocruz Amaz\u00f4nia, Priscila Ferreira de Aquino, que coordena o projeto, explica que a\u00a0partir dos resultados encontrados pretende-se validar algumas prote\u00ednas diferencialmente expressas nas les\u00f5es de alto grau, especialmente em NIC 3 para a elabora\u00e7\u00e3o de um kit de diagn\u00f3stico molecular, a partir de um painel de prote\u00ednas carater\u00edstico dessas les\u00f5es. \u201cDessa forma, a disponibilidade dessas informa\u00e7\u00f5es em trabalhos futuros pode auxiliar a propor um protocolo para o melhor monitoramento e avalia\u00e7\u00e3o desse p\u00fablico\u201d, afirma.<\/p>\n<p style=\"text-align: justify;\">A pesquisa foi um dos 13 projetos contemplados pelo edital do Programa Pesquisa para o SUS, Gest\u00e3o Compartilhada em Sa\u00fade (PPSUS), da Fapeam, no ano de 2018. A pesquisadora ressalta que a principal contribui\u00e7\u00e3o do trabalho \u00e9 a poss\u00edvel aplicabilidade ao SUS, a m\u00e9dio e longo prazo. \u201cTrata-se de uma pesquisa pioneira no nosso Estado, sendo o primeiro relato do perfil regional a n\u00edvel de prote\u00ednas de pacientes com les\u00f5es precursoras de c\u00e2ncer de colo de \u00fatero e poss\u00edveis prote\u00ednas envolvidas nesse processo\u201d, explica, destacando a import\u00e2ncia do estudo para o Amazonas, onde a incid\u00eancia de casos e \u00f3bitos de mulheres por esse tipo de c\u00e2ncer \u00e9 102,3% maior que a m\u00e9dia brasileira.<\/p>\n<p><img decoding=\"async\" class=\"aligncenter wp-image-36440 size-gallery\" src=\"https:\/\/amazonia.fiocruz.br\/wp-content\/uploads\/2022\/03\/Dra-Priscila-Aquino_Foto-Ingrid-Anne_ILMD_Fiocruz_15.03.2022-2-845x684.jpg\" alt=\"\" width=\"845\" height=\"684\" srcset=\"https:\/\/amazonia.fiocruz.br\/wp-content\/uploads\/2022\/03\/Dra-Priscila-Aquino_Foto-Ingrid-Anne_ILMD_Fiocruz_15.03.2022-2-845x684.jpg 845w, https:\/\/amazonia.fiocruz.br\/wp-content\/uploads\/2022\/03\/Dra-Priscila-Aquino_Foto-Ingrid-Anne_ILMD_Fiocruz_15.03.2022-2-495x400.jpg 495w\" sizes=\"(max-width: 845px) 100vw, 845px\" \/><\/p>\n<p style=\"text-align: justify;\">\u201cEssa condi\u00e7\u00e3o nos levou a escolher essa tem\u00e1tica para trabalhar no projeto e contribuir com conhecimento visando auxiliar um diagn\u00f3stico precoce dessas les\u00f5es\u201d, salienta Priscila. Em 2021, foram estimados 66.280 casos novos no Brasil. De acordo com o Instituto Nacional do C\u00e2ncer (Inca), dados mostram que a taxa bruta, que projeta o n\u00famero de casos para cada 100 mil mulheres, \u00e9 de 16,35 para o Brasil e 33,08 para o Amazonas. Em se tratando de Manaus, onde est\u00e1 concentrada a maior parte dos casos, essa taxa sobre para 51,84.<\/p>\n<p style=\"text-align: justify;\">Um dos grandes desafios na sa\u00fade p\u00fablica e privada \u00e9 conscientizar sobre a import\u00e2ncia da preven\u00e7\u00e3o \u00e0 doen\u00e7a com a\u00e7\u00f5es individuais e coletivas. \u201cEstamos dando continuidade aos estudos a partir desses resultados iniciais encontrados\u201d, esclarece. No total, a pesquisa envolveu um universo de 91 mulheres diagnosticadas com les\u00f5es precursoras de alto grau\u00a0 (NIC 2 e NIC 3), as quais foram submetidas a an\u00e1lises histopatol\u00f3gicas e citol\u00f3gicas, molecular quanto \u00e0 presen\u00e7a do HPV e proteica.<\/p>\n<p style=\"text-align: justify;\">\u201cEm resumo, verificamos que a maior parte das pacientes do nosso estudo apresentava o tipo histol\u00f3gico NIC3, que \u00e9 a les\u00e3o mais pr\u00f3xima a progredir para o c\u00e2ncer de colo de \u00fatero, se n\u00e3o tratado; e ainda a infec\u00e7\u00e3o pelo HPV 16, de alto risco oncog\u00eanico, foi detectada apenas nesse tipo histol\u00f3gico na faixa et\u00e1ria dos 40 anos. Quando fomos analisar o perfil das prote\u00ednas dessas pacientes, encontramos prote\u00ednas que podem estar associadas a uma poss\u00edvel persist\u00eancia ou progress\u00e3o molecular dessas les\u00f5es\u201d, detalha a pesquisadora, salientando que o trabalho contribuiu para o maior entendimento do processo de evolu\u00e7\u00e3o das les\u00f5es precursoras (NICs).<\/p>\n<p style=\"text-align: justify;\">A pesquisa entrar\u00e1 em fase de valida\u00e7\u00e3o e as an\u00e1lises continuar\u00e3o sendo feitas pela equipe do Laborat\u00f3rio Diversidade Microbiana da Amaz\u00f4nia com Import\u00e2ncia para a Sa\u00fade (DMAIS), do ILMD\/Fiocruz Amaz\u00f4nia, para que possam trazer incremento tecnol\u00f3gico como um dispositivo para auxiliar o SUS e subsidiar maiores informa\u00e7\u00f5es para os programas de rastreio nessa popula\u00e7\u00e3o.<\/p>\n<p style=\"text-align: justify;\"><strong>IMPORT\u00c2NCIA DO PREVENTIVO<\/strong><\/p>\n<p style=\"text-align: justify;\">Al\u00e9m da vacina\u00e7\u00e3o contra o HPV, v\u00edrus que infecta a pele ou mucosas e pode causar o c\u00e2ncer de colo de \u00fatero, o exame preventivo \u00e9 uma importante ferramenta no diagn\u00f3stico de irregularidades no aspecto das c\u00e9lulas do colo uterino. \u201cAs descobertas realizadas a partir das pesquisas ajudam muito no processo de entendimento das infec\u00e7\u00f5es mas quanto mais precoce for o diagn\u00f3stico maiores s\u00e3o chances de cura pelo tratamento das pacientes diagnosticadas\u201d, explica a pesquisadora Priscila Aquino. O preventivo \u00e9 considerado o principal m\u00e9todo para se obter o diagn\u00f3stico precoce de les\u00f5es cancer\u00edgenas no colo do \u00fatero, antes mesmo que o quadro evolua o suficiente para externar sintomas not\u00e1veis. \u00a0O HPV (sigla em ingl\u00eas para Papilomav\u00edrus Humano) pode infectar a mucosa oral, genital ou anal das pessoas, provocando verrugas anogenitais (na regi\u00e3o genital e \u00e2nus) e c\u00e2ncer, a depender do tipo de v\u00edrus, caracterizando-se como uma Infec\u00e7\u00e3o Sexualmente Transmiss\u00edvel (IST).<\/p>\n<p style=\"text-align: justify;\"><strong>MAR\u00c7O \u00c9 REFER\u00caNCIA<\/strong><\/p>\n<p style=\"text-align: justify;\">N\u00e3o se sabe ao certo a origem da comemora\u00e7\u00e3o, talvez por se tratar do m\u00eas da mulher mar\u00e7o se tornou refer\u00eancia quando o assunto \u00e9 sa\u00fade feminina. A campanha Mar\u00e7o Lil\u00e1s tem como objetivo conscientizar a popula\u00e7\u00e3o sobre a preven\u00e7\u00e3o e combate ao c\u00e2ncer de colo uterino.<\/p>\n<p style=\"text-align: justify;\">O c\u00e2ncer de colo de \u00fatero \u00e9 causado pela infec\u00e7\u00e3o persistente por alguns tipos do Papilomav\u00edrus Humano (HPV). A infec\u00e7\u00e3o genital por esse v\u00edrus \u00e9 muito frequente e n\u00e3o causa doen\u00e7a na maioria das vezes. Entretanto, em alguns casos, ocorrem altera\u00e7\u00f5es celulares que podem evoluir para o c\u00e2ncer.<\/p>\n<p style=\"text-align: justify;\">A import\u00e2ncia da conscientiza\u00e7\u00e3o sobre este tipo de c\u00e2ncer, \u00e9 que na grande maioria das vezes ele pode ser evitado. A principal forma de preven\u00e7\u00e3o, \u00e9 a vacina contra o HPV (dispon\u00edvel para meninas de 9 a 14 anos e meninos de 11 a 14 anos), podendo prevenir 70% dos c\u00e2nceres de colo do \u00fatero e 90% das verrugas genitais.<\/p>\n<p style=\"text-align: justify;\">Outra forma de preven\u00e7\u00e3o \u00e9 o uso de preservativos durante a rela\u00e7\u00e3o sexual. Al\u00e9m disso, o exame preventivo (conhecido como Papanicolau), deve ser feito periodicamente por todas as mulheres ap\u00f3s o in\u00edcio da vida sexual, pois \u00e9 capaz de detectar altera\u00e7\u00f5es pr\u00e9-cancer\u00edgenas precoces, que se tratadas, s\u00e3o curadas na quase totalidade dos casos, n\u00e3o evoluindo para o c\u00e2ncer.<\/p>\n<p style=\"text-align: justify;\">Sobre a escolha da cor lil\u00e1s, acredita-se que a origem est\u00e1 relacionada ao movimento que ocorreu na Inglaterra, em 1908, em que as mulheres lutaram pelo direito do voto. Nesse epis\u00f3dio, que ficou conhecido como Movimento Sufragista, as mulheres elegeram as cores lil\u00e1s, branco e verde como s\u00edmbolos da campanha.<\/p>\n<p style=\"text-align: justify;\"><strong>AN\u00c1LISE\u00a0<\/strong><\/p>\n<p style=\"text-align: justify;\">An\u00e1lise Prote\u00f4mica ou Proteica \u2013 consiste na an\u00e1lise global e em larga escala do conjunto de prote\u00ednas contidos em uma amostra biol\u00f3gica, com fluidos biol\u00f3gicos, tecido ou c\u00e9lula;<\/p>\n<p style=\"text-align: justify;\">An\u00e1lise Histopatol\u00f3gica\u00a0 \u2013 consiste na an\u00e1lise microsc\u00f3pica dos tecidos para detec\u00e7\u00e3o de poss\u00edveis les\u00f5es existentes com a finalidade de informar ao cl\u00ednico a natureza , a gravidade a extens\u00e3o a evolu\u00e7\u00e3o e a intensidade das les\u00f5es;<\/p>\n<p style=\"text-align: justify;\">An\u00e1lise Citol\u00f3gica \u2013 consiste na an\u00e1lise do material celular de determinada regi\u00e3o do corpo ou fluido, a fim de detectar poss\u00edveis altera\u00e7\u00f5es em casos patol\u00f3gicos.<\/p>\n<h6><em><strong>ILMD\/Fiocruz Amaz\u00f4nia<\/strong><\/em><\/h6>\n<h6><em><strong>Foto \u2013 Ingrid Anne \/ ILMD\/Fiocruz Amaz\u00f4nia<\/strong><\/em><\/h6>\n<\/div><\/section>\n","protected":false},"excerpt":{"rendered":"<p>Pesquisa foi contemplada pelo edital do Programa Pesquisa para o SUS, Gest\u00e3o Compartilhada em Sa\u00fade (PPSUS), da Fapeam.<\/p>\n","protected":false},"author":20,"featured_media":36439,"comment_status":"closed","ping_status":"closed","sticky":true,"template":"","format":"image","meta":{"footnotes":""},"categories":[15],"tags":[291,422,136,120,119,131,125],"class_list":["post-36438","post","type-post","status-publish","format-image","has-post-thumbnail","hentry","category-noticias","tag-cancer","tag-fapeam","tag-fiocruz","tag-fiocruz-amazonia","tag-ilmd","tag-ilmdfiocruz-amazonia","tag-pesquisa","post_format-post-format-image"],"_links":{"self":[{"href":"https:\/\/amazonia.fiocruz.br\/index.php?rest_route=\/wp\/v2\/posts\/36438","targetHints":{"allow":["GET"]}}],"collection":[{"href":"https:\/\/amazonia.fiocruz.br\/index.php?rest_route=\/wp\/v2\/posts"}],"about":[{"href":"https:\/\/amazonia.fiocruz.br\/index.php?rest_route=\/wp\/v2\/types\/post"}],"author":[{"embeddable":true,"href":"https:\/\/amazonia.fiocruz.br\/index.php?rest_route=\/wp\/v2\/users\/20"}],"replies":[{"embeddable":true,"href":"https:\/\/amazonia.fiocruz.br\/index.php?rest_route=%2Fwp%2Fv2%2Fcomments&post=36438"}],"version-history":[{"count":1,"href":"https:\/\/amazonia.fiocruz.br\/index.php?rest_route=\/wp\/v2\/posts\/36438\/revisions"}],"predecessor-version":[{"id":36441,"href":"https:\/\/amazonia.fiocruz.br\/index.php?rest_route=\/wp\/v2\/posts\/36438\/revisions\/36441"}],"wp:featuredmedia":[{"embeddable":true,"href":"https:\/\/amazonia.fiocruz.br\/index.php?rest_route=\/wp\/v2\/media\/36439"}],"wp:attachment":[{"href":"https:\/\/amazonia.fiocruz.br\/index.php?rest_route=%2Fwp%2Fv2%2Fmedia&parent=36438"}],"wp:term":[{"taxonomy":"category","embeddable":true,"href":"https:\/\/amazonia.fiocruz.br\/index.php?rest_route=%2Fwp%2Fv2%2Fcategories&post=36438"},{"taxonomy":"post_tag","embeddable":true,"href":"https:\/\/amazonia.fiocruz.br\/index.php?rest_route=%2Fwp%2Fv2%2Ftags&post=36438"}],"curies":[{"name":"wp","href":"https:\/\/api.w.org\/{rel}","templated":true}]}}