{"id":36435,"date":"2022-03-23T16:44:10","date_gmt":"2022-03-23T20:44:10","guid":{"rendered":"https:\/\/amazonia.fiocruz.br\/?p=36435"},"modified":"2022-03-23T16:44:11","modified_gmt":"2022-03-23T20:44:11","slug":"centro-de-estudos-ira-discutir-desafios-para-vigilancia-de-base-comunitaria-indigena-em-manaus","status":"publish","type":"post","link":"https:\/\/amazonia.fiocruz.br\/?p=36435","title":{"rendered":"Centro de Estudos ir\u00e1 discutir desafios para vigil\u00e2ncia de base comunit\u00e1ria ind\u00edgena em Manaus"},"content":{"rendered":"<section class=\"av_textblock_section \"  itemscope=\"itemscope\" itemtype=\"https:\/\/schema.org\/BlogPosting\" itemprop=\"blogPost\" ><div class='avia_textblock  '   itemprop=\"text\" ><p style=\"text-align: justify;\">O Centro de Estudos do Instituto Le\u00f4nidas &amp; Maria Deane (ILMD\/Fiocruz Amaz\u00f4nia), apresenta na pr\u00f3xima sexta-feira, 25\/3, \u00e0s 10h (hor\u00e1rio\/Manaus), a palestra: \u201cSa\u00fade ind\u00edgena na cidade: desafios para a constru\u00e7\u00e3o de um sistema de vigil\u00e2ncia de base comunit\u00e1ria em Manaus\u201d, a ser ministrada por Fabiane Vinente dos Santos, pesquisadora do Laborat\u00f3rio de Hist\u00f3ria, Pol\u00edticas P\u00fablicas e Sa\u00fade na Amaz\u00f4nia (LAHPSA), do ILMD.<\/p>\n<p style=\"text-align: justify;\">Segundo explica a pesquisadora, \u201ca estrat\u00e9gia de Vigil\u00e2ncia de Base Comunit\u00e1ria (VBC) consiste em um processo de participa\u00e7\u00e3o da comunidade na detec\u00e7\u00e3o, notifica\u00e7\u00e3o, resposta e monitoramento de emerg\u00eancias de sa\u00fade. O VBC define a comunidade como protagonista do processo de autocuidado e investe na capacidade desta, em obter informa\u00e7\u00f5es sobre processos de sa\u00fade e doen\u00e7a antes dos meios ditos formais do sistema de sa\u00fade\u201d.<\/p>\n<p style=\"text-align: justify;\">Na oportunidade, Fabiane apresentar\u00e1 o \u201cProjeto-Piloto de Vigil\u00e2ncia epidemiol\u00f3gica de base comunit\u00e1ria com o uso das TICs em comunidades ind\u00edgenas urbanas de Manaus\u201d, ou simplesmente \u201cProjeto Capim Santo\u201d, que tem como finalidade utilizar este potencial na estrutura\u00e7\u00e3o da VBC, usando como ferramenta um aplicativo de celular, no contexto do enfrentamento da pandemia de Covid-19, entre comunidades ind\u00edgenas em uma cidade amaz\u00f4nica.<\/p>\n<p style=\"text-align: justify;\">A apresenta\u00e7\u00e3o ocorrer\u00e1 atrav\u00e9s da plataforma Zoom, por meio do link: <a href=\"https:\/\/us06web.zoom.us\/j\/81332890002?pwd=UWU3Uk91akZ1QTgwOVZ0Mkg2bHU2QT09\">https:\/\/us06web.zoom.us\/j\/81332890002?pwd=UWU3Uk91akZ1QTgwOVZ0Mkg2bHU2QT09<\/a> (ID:\u00a0 813 3289 0002) e (Senha: 335638).<\/p>\n<p style=\"text-align: justify;\"><strong>SOBRE A PALESTRANTE<\/strong><\/p>\n<p style=\"text-align: justify;\">Graduada em Ci\u00eancias Sociais e mestre em Sociedade e Cultura na Amaz\u00f4nia pela Universidade Federal do Amazonas (UFAM), Fabiane Vinente \u00e9 doutora em Antropologia Social pela Universidade Estadual de Campinas (UNICAMP). Atualmente \u00e9 t\u00e9cnica em Sa\u00fade P\u00fablica e pesquisadora do Laborat\u00f3rio de Hist\u00f3ria, Pol\u00edticas P\u00fablicas e Sa\u00fade na Amaz\u00f4nia (LAHPSA), do ILMD\/ Fiocruz Amaz\u00f4nia.<\/p>\n<p style=\"text-align: justify;\">Vinente \u00e9 ainda membro do corpo docente no Mestrado Profissional em Sa\u00fade da Fam\u00edlia &#8211; PROFSA\u00daDE. Desenvolve trabalhos nas \u00e1reas de Sistemas de conhecimento amer\u00edndios, Sa\u00fade e Migra\u00e7\u00e3o, Pol\u00edticas P\u00fablicas de sa\u00fade, G\u00eanero, Sa\u00fade ind\u00edgena, Etnologia ind\u00edgena e Militariza\u00e7\u00e3o de terras ind\u00edgenas.<\/p>\n<p style=\"text-align: justify;\"><strong>CENTRO DE ESTUDOS<\/strong><\/p>\n<p style=\"text-align: justify;\">O Centro de Estudos do ILMD\/Fiocruz Amaz\u00f4nia \u00e9 um n\u00facleo que oportuniza encontros, palestras, semin\u00e1rios e debates sobre diversos temas ligados \u00e0 pesquisa e ao ensino para a promo\u00e7\u00e3o da sa\u00fade.<\/p>\n<p style=\"text-align: justify;\">Os eventos s\u00e3o gratuitos e ocorrem \u00e0s sextas-feiras. As atividades s\u00e3o destinadas a estudantes de gradua\u00e7\u00e3o e p\u00f3s-gradua\u00e7\u00e3o, pesquisadores, professores e trabalhadores da \u00e1rea da Sa\u00fade.<\/p>\n<h6 style=\"text-align: justify;\"><strong><em>ILMD\/ Fiocruz Amaz\u00f4nia<\/em><\/strong><\/h6>\n<h6 style=\"text-align: justify;\"><strong><em>Imagem: Mackesy Nascimento<\/em><\/strong><\/h6>\n<\/div><\/section>\n","protected":false},"excerpt":{"rendered":"<p>Apresenta\u00e7\u00e3o vai abordar  \u201cProjeto-Piloto de Vigil\u00e2ncia epidemiol\u00f3gica de base comunit\u00e1ria com o uso das TICs em comunidades ind\u00edgenas urbanas de Manaus\u201d<\/p>\n","protected":false},"author":20,"featured_media":36436,"comment_status":"closed","ping_status":"closed","sticky":true,"template":"","format":"image","meta":{"footnotes":""},"categories":[15],"tags":[118,136,120,119,131],"class_list":["post-36435","post","type-post","status-publish","format-image","has-post-thumbnail","hentry","category-noticias","tag-centro-de-estudos","tag-fiocruz","tag-fiocruz-amazonia","tag-ilmd","tag-ilmdfiocruz-amazonia","post_format-post-format-image"],"_links":{"self":[{"href":"https:\/\/amazonia.fiocruz.br\/index.php?rest_route=\/wp\/v2\/posts\/36435","targetHints":{"allow":["GET"]}}],"collection":[{"href":"https:\/\/amazonia.fiocruz.br\/index.php?rest_route=\/wp\/v2\/posts"}],"about":[{"href":"https:\/\/amazonia.fiocruz.br\/index.php?rest_route=\/wp\/v2\/types\/post"}],"author":[{"embeddable":true,"href":"https:\/\/amazonia.fiocruz.br\/index.php?rest_route=\/wp\/v2\/users\/20"}],"replies":[{"embeddable":true,"href":"https:\/\/amazonia.fiocruz.br\/index.php?rest_route=%2Fwp%2Fv2%2Fcomments&post=36435"}],"version-history":[{"count":1,"href":"https:\/\/amazonia.fiocruz.br\/index.php?rest_route=\/wp\/v2\/posts\/36435\/revisions"}],"predecessor-version":[{"id":36437,"href":"https:\/\/amazonia.fiocruz.br\/index.php?rest_route=\/wp\/v2\/posts\/36435\/revisions\/36437"}],"wp:featuredmedia":[{"embeddable":true,"href":"https:\/\/amazonia.fiocruz.br\/index.php?rest_route=\/wp\/v2\/media\/36436"}],"wp:attachment":[{"href":"https:\/\/amazonia.fiocruz.br\/index.php?rest_route=%2Fwp%2Fv2%2Fmedia&parent=36435"}],"wp:term":[{"taxonomy":"category","embeddable":true,"href":"https:\/\/amazonia.fiocruz.br\/index.php?rest_route=%2Fwp%2Fv2%2Fcategories&post=36435"},{"taxonomy":"post_tag","embeddable":true,"href":"https:\/\/amazonia.fiocruz.br\/index.php?rest_route=%2Fwp%2Fv2%2Ftags&post=36435"}],"curies":[{"name":"wp","href":"https:\/\/api.w.org\/{rel}","templated":true}]}}