{"id":36342,"date":"2022-03-04T15:06:59","date_gmt":"2022-03-04T19:06:59","guid":{"rendered":"https:\/\/amazonia.fiocruz.br\/?p=36342"},"modified":"2022-03-04T15:06:59","modified_gmt":"2022-03-04T19:06:59","slug":"fiocruz-doa-27-mil-mascaras-para-comunidades-indigenas-do-amazonas","status":"publish","type":"post","link":"https:\/\/amazonia.fiocruz.br\/?p=36342","title":{"rendered":"Fiocruz doa 27 mil m\u00e1scaras para comunidades ind\u00edgenas do Amazonas"},"content":{"rendered":"<section class=\"av_textblock_section \"  itemscope=\"itemscope\" itemtype=\"https:\/\/schema.org\/BlogPosting\" itemprop=\"blogPost\" ><div class='avia_textblock  '   itemprop=\"text\" ><p style=\"text-align: justify;\">Entre janeiro e fevereiro deste ano, o Instituto Le\u00f4nidas &amp; Maria Deane (ILMD) \/ Fiocruz Amaz\u00f4nia fez a doa\u00e7\u00e3o de 27 mil m\u00e1scaras de prote\u00e7\u00e3o contra Covid-19 para comunidades ind\u00edgenas distribu\u00eddas no Amazonas e em outros estados da Amaz\u00f4nia Brasileira. A distribui\u00e7\u00e3o do material, a cargo da Coordena\u00e7\u00e3o das Organiza\u00e7\u00f5es Ind\u00edgenas da Amaz\u00f4nia Brasileira (Coiab) e da Federa\u00e7\u00e3o das Organiza\u00e7\u00f5es Ind\u00edgenas do Rio Negro (Foirn), tem por objetivo refor\u00e7ar as a\u00e7\u00f5es de preven\u00e7\u00e3o contra a Covid 19, e suas variantes, tanto nas \u00e1reas situadas em per\u00edmetros urbanos como nas aldeias isoladas e casas de sa\u00fade ind\u00edgena atendidas pelas duas entidades. Para as ONGs, as m\u00e1scaras s\u00e3o importantes aliadas no combate \u00e0 contamina\u00e7\u00e3o entre os ind\u00edgenas, sobretudo os aldeados em situa\u00e7\u00e3o de vulnerabilidade devido ao contato com os n\u00e3o-ind\u00edgenas.<\/p>\n<p style=\"text-align: justify;\">A Coiab, que atua em nove estados da Amaz\u00f4nia Brasileira e est\u00e1 articulada com uma rede composta por associa\u00e7\u00f5es, federa\u00e7\u00f5es regionais e organiza\u00e7\u00f5es ind\u00edgenas, informa que far\u00e1 a distribui\u00e7\u00e3o dos utens\u00edlios a partir de um mapeamento realizado pela entidade. \u201cEstamos trabalhando desde 2020 a import\u00e2ncia do autocuidado junto aos ind\u00edgenas. Por\u00e9m, o custo das m\u00e1scaras aumentou muito e essa tem sido uma das principais barreiras de acesso a esse equipamento de prote\u00e7\u00e3o individual\u201d, explica a coordenadora da Coiab, Nara Bar\u00e9. Ela lembra que ainda h\u00e1 o temor de que a doen\u00e7a acometa gravemente pessoas que n\u00e3o est\u00e3o imunizadas. \u201cA m\u00e1scara \u00e9 um fator importante para o nosso bem-estar\u201d, afirmou, admitindo que existe demanda principalmente nas casas de sa\u00fade ind\u00edgenas. \u201cTodo material doado \u00e9 muito bem-vindo\u201d, frisou.<\/p>\n<p><img decoding=\"async\" class=\"aligncenter wp-image-36344 size-gallery\" src=\"https:\/\/amazonia.fiocruz.br\/wp-content\/uploads\/2022\/03\/DSC_9934-845x684.jpg\" alt=\"\" width=\"845\" height=\"684\" srcset=\"https:\/\/amazonia.fiocruz.br\/wp-content\/uploads\/2022\/03\/DSC_9934-845x684.jpg 845w, https:\/\/amazonia.fiocruz.br\/wp-content\/uploads\/2022\/03\/DSC_9934-495x400.jpg 495w\" sizes=\"(max-width: 845px) 100vw, 845px\" \/><\/p>\n<p style=\"text-align: justify;\">Para a Foirn, foram enviadas, no total, 10 mil m\u00e1scaras a serem encaminhadas pela Funda\u00e7\u00e3o de Vigil\u00e2ncia em Sa\u00fade Dra Rosemary Costa Pinto para o munic\u00edpio de S\u00e3o Gabriel da Cachoeira, no Noroeste amaz\u00f4nico, onde foi registrado um aumento de 2.988% nos casos de Covid-19 somente no m\u00eas de janeiro. O munic\u00edpio \u00e9 considerado como o mais ind\u00edgena do Brasil, reunindo 23 etnias, distribu\u00eddas em 750 comunidades, e faz fronteira com a Col\u00f4mbia e a Venezuela. \u201cNesse caso, demos uma aten\u00e7\u00e3o urgente ao atendimento em virtude do avan\u00e7o significativo nos casos e a tend\u00eancia de aumento\u201d, explica a diretora do Instituto Le\u00f4nidas &amp; Maria Deane \/ Fiocruz Amaz\u00f4nia, Adele Benzaken. No m\u00eas de janeiro, o munic\u00edpio contabilizou 1.368 novos casos da doen\u00e7a.<\/p>\n<p style=\"text-align: justify;\">A diretora Adele Benzaken destaca que os estudos e pesquisas envolvendo as popula\u00e7\u00f5es ind\u00edgenas sempre foram prioridade na hist\u00f3ria da Fiocruz Amaz\u00f4nia. \u201cDurante a pandemia, estabelecemos uma parceria importante sobretudo na parte de forma\u00e7\u00e3o para as lideran\u00e7as ind\u00edgenas e conselheiros de sa\u00fade, juntamente com a Distrito Sanit\u00e1rio Especial Ind\u00edgena (Disei) Manaus, com orienta\u00e7\u00f5es sobre preven\u00e7\u00e3o \u00e0 Covid-19, a import\u00e2ncia da vacina\u00e7\u00e3o e o combate \u00e0s fakenews\u201d, complementou.<\/p>\n<\/div><\/section>\n","protected":false},"excerpt":{"rendered":"<p>A distribui\u00e7\u00e3o do material tem por objetivo refor\u00e7ar as a\u00e7\u00f5es de preven\u00e7\u00e3o contra a Covid 19, e suas variantes.<\/p>\n","protected":false},"author":20,"featured_media":36343,"comment_status":"closed","ping_status":"closed","sticky":true,"template":"","format":"image","meta":{"footnotes":""},"categories":[15],"tags":[],"class_list":["post-36342","post","type-post","status-publish","format-image","has-post-thumbnail","hentry","category-noticias","post_format-post-format-image"],"_links":{"self":[{"href":"https:\/\/amazonia.fiocruz.br\/index.php?rest_route=\/wp\/v2\/posts\/36342","targetHints":{"allow":["GET"]}}],"collection":[{"href":"https:\/\/amazonia.fiocruz.br\/index.php?rest_route=\/wp\/v2\/posts"}],"about":[{"href":"https:\/\/amazonia.fiocruz.br\/index.php?rest_route=\/wp\/v2\/types\/post"}],"author":[{"embeddable":true,"href":"https:\/\/amazonia.fiocruz.br\/index.php?rest_route=\/wp\/v2\/users\/20"}],"replies":[{"embeddable":true,"href":"https:\/\/amazonia.fiocruz.br\/index.php?rest_route=%2Fwp%2Fv2%2Fcomments&post=36342"}],"version-history":[{"count":1,"href":"https:\/\/amazonia.fiocruz.br\/index.php?rest_route=\/wp\/v2\/posts\/36342\/revisions"}],"predecessor-version":[{"id":36345,"href":"https:\/\/amazonia.fiocruz.br\/index.php?rest_route=\/wp\/v2\/posts\/36342\/revisions\/36345"}],"wp:featuredmedia":[{"embeddable":true,"href":"https:\/\/amazonia.fiocruz.br\/index.php?rest_route=\/wp\/v2\/media\/36343"}],"wp:attachment":[{"href":"https:\/\/amazonia.fiocruz.br\/index.php?rest_route=%2Fwp%2Fv2%2Fmedia&parent=36342"}],"wp:term":[{"taxonomy":"category","embeddable":true,"href":"https:\/\/amazonia.fiocruz.br\/index.php?rest_route=%2Fwp%2Fv2%2Fcategories&post=36342"},{"taxonomy":"post_tag","embeddable":true,"href":"https:\/\/amazonia.fiocruz.br\/index.php?rest_route=%2Fwp%2Fv2%2Ftags&post=36342"}],"curies":[{"name":"wp","href":"https:\/\/api.w.org\/{rel}","templated":true}]}}