{"id":36294,"date":"2022-02-21T14:17:40","date_gmt":"2022-02-21T18:17:40","guid":{"rendered":"https:\/\/amazonia.fiocruz.br\/?p=36294"},"modified":"2022-02-21T14:17:41","modified_gmt":"2022-02-21T18:17:41","slug":"fiocruz-amazonia-apresenta-projetos-no-seminario-de-encerramento-do-ppsus","status":"publish","type":"post","link":"https:\/\/amazonia.fiocruz.br\/?p=36294","title":{"rendered":"Fiocruz Amaz\u00f4nia apresenta projetos no semin\u00e1rio de encerramento do PPSUS"},"content":{"rendered":"<section class=\"av_textblock_section \"  itemscope=\"itemscope\" itemtype=\"https:\/\/schema.org\/BlogPosting\" itemprop=\"blogPost\" ><div class='avia_textblock  '   itemprop=\"text\" ><p style=\"text-align: justify;\">O Instituto Le\u00f4nidas &amp; Maria Deane (ILMD\/ Fiocruz Amaz\u00f4nia) participa nos dias 22 e 23\/2, pr\u00f3ximas ter\u00e7a e quarta-feira, do Semin\u00e1rio de Avalia\u00e7\u00e3o Final do Programa Pesquisa para o SUS (PPSUS), da Funda\u00e7\u00e3o de Amparo \u00e0 Pesquisa do Estado do Amazonas (Fapeam), em parceria com o Minist\u00e9rio da Sa\u00fade.<\/p>\n<p style=\"text-align: justify;\">O ILMD teve cinco projetos contemplados com recursos do programa, que tem como finalidade financiar projetos na \u00e1rea da sa\u00fade que promovam a melhoria da qualidade da aten\u00e7\u00e3o \u00e0 sa\u00fade no Amazonas. O evento ser\u00e1 virtual, dividido em eixos tem\u00e1ticos e contar\u00e1 com a participa\u00e7\u00e3o de representantes da Fapeam, Secretaria de Estado da Sa\u00fade (SES\/AM), Conselho Nacional de Desenvolvimento Cient\u00edfico e Tecnol\u00f3gico (CNPq) e Minist\u00e9rio da Sa\u00fade.<\/p>\n<p>Confira a <a href=\"https:\/\/amazonia.fiocruz.br\/wp-content\/uploads\/2022\/02\/1_Programacao_horario_apresentacoes.pdf\" target=\"_blank\" rel=\"noopener\">programa\u00e7\u00e3o AQUI<\/a>.<\/p>\n<p style=\"text-align: justify;\">A mesa de abertura, pela manh\u00e3, com o eixo tem\u00e1tico \u201cSistemas, Pol\u00edticas e A\u00e7\u00f5es de Sa\u00fade\u201d contar\u00e1 com palestra do doutor em Hist\u00f3ria e Ci\u00eancias da Sa\u00fade, J\u00falio Schweickardt, chefe do Laborat\u00f3rio de Pesquisa em Hist\u00f3ria e Pol\u00edticas de Sa\u00fade na Amaz\u00f4nia (Lahpsa), que abordar\u00e1 o acesso da popula\u00e7\u00e3o ribeirinha \u00e0 rede de urg\u00eancia e emerg\u00eancia no Estado.<\/p>\n<p style=\"text-align: justify;\">A programa\u00e7\u00e3o \u00e9 referente \u00e0 chamada p\u00fablica 001\/2017. \u00c0 tarde, as palestras ser\u00e3o do pesquisador Luis Andr\u00e9 Moraes Mari\u00faba, sobre \u201cDesenvolvimento de teste para detec\u00e7\u00e3o eletroqu\u00edmica de ensaios moleculares aplicados ao diagn\u00f3stico de doen\u00e7as\u201d e, do pesquisador Pritesh Jaychand Lalwani, sobre \u201cDesenvolvimento de um teste serol\u00f3gico multiplex para detec\u00e7\u00e3o simult\u00e2nea de pat\u00f3genos\u201d.<\/p>\n<p style=\"text-align: justify;\">No segundo dia, ser\u00e3o quatro eixos tem\u00e1ticos. No eixo \u201cSistemas, Pol\u00edticas e A\u00e7\u00f5es na Sa\u00fade\u201d, a palestra ser\u00e1 da pesquisadora Maria Luiza Garnelo Pereira, sobre \u201cEstudo explorat\u00f3rio das condi\u00e7\u00f5es de vida, sa\u00fade e acesso aos servi\u00e7os de sa\u00fade de popula\u00e7\u00f5es rurais ribeirinhas de Manaus e de Novo Air\u00e3o, Amazonas\u201d. No eixo Sa\u00fade da Mulher, a pesquisadora Priscila Ferreira de Aquino falar\u00e1 sobre \u201cAvalia\u00e7\u00e3o das caracter\u00edsticas epidemiol\u00f3gicas e moleculares de mulheres tratadas com les\u00f5es precursoras do c\u00e2ncer de colo de \u00fatero no Amazonas\u201d.<\/p>\n<p style=\"text-align: justify;\"><em><strong>ILMD\/Fiocruz Amaz\u00f4nia<\/strong><\/em><\/p>\n<p style=\"text-align: justify;\"><em><strong>Foto: \u00c9rico Xavier<\/strong><\/em><\/p>\n<\/div><\/section>\n","protected":false},"excerpt":{"rendered":"<p>O ILMD teve cinco projetos contemplados com recursos do programa.<\/p>\n","protected":false},"author":20,"featured_media":36298,"comment_status":"closed","ping_status":"closed","sticky":true,"template":"","format":"image","meta":{"footnotes":""},"categories":[15],"tags":[422,136,120,119,131,419,356],"class_list":["post-36294","post","type-post","status-publish","format-image","has-post-thumbnail","hentry","category-noticias","tag-fapeam","tag-fiocruz","tag-fiocruz-amazonia","tag-ilmd","tag-ilmdfiocruz-amazonia","tag-ppsus","tag-seminario","post_format-post-format-image"],"_links":{"self":[{"href":"https:\/\/amazonia.fiocruz.br\/index.php?rest_route=\/wp\/v2\/posts\/36294","targetHints":{"allow":["GET"]}}],"collection":[{"href":"https:\/\/amazonia.fiocruz.br\/index.php?rest_route=\/wp\/v2\/posts"}],"about":[{"href":"https:\/\/amazonia.fiocruz.br\/index.php?rest_route=\/wp\/v2\/types\/post"}],"author":[{"embeddable":true,"href":"https:\/\/amazonia.fiocruz.br\/index.php?rest_route=\/wp\/v2\/users\/20"}],"replies":[{"embeddable":true,"href":"https:\/\/amazonia.fiocruz.br\/index.php?rest_route=%2Fwp%2Fv2%2Fcomments&post=36294"}],"version-history":[{"count":2,"href":"https:\/\/amazonia.fiocruz.br\/index.php?rest_route=\/wp\/v2\/posts\/36294\/revisions"}],"predecessor-version":[{"id":36299,"href":"https:\/\/amazonia.fiocruz.br\/index.php?rest_route=\/wp\/v2\/posts\/36294\/revisions\/36299"}],"wp:featuredmedia":[{"embeddable":true,"href":"https:\/\/amazonia.fiocruz.br\/index.php?rest_route=\/wp\/v2\/media\/36298"}],"wp:attachment":[{"href":"https:\/\/amazonia.fiocruz.br\/index.php?rest_route=%2Fwp%2Fv2%2Fmedia&parent=36294"}],"wp:term":[{"taxonomy":"category","embeddable":true,"href":"https:\/\/amazonia.fiocruz.br\/index.php?rest_route=%2Fwp%2Fv2%2Fcategories&post=36294"},{"taxonomy":"post_tag","embeddable":true,"href":"https:\/\/amazonia.fiocruz.br\/index.php?rest_route=%2Fwp%2Fv2%2Ftags&post=36294"}],"curies":[{"name":"wp","href":"https:\/\/api.w.org\/{rel}","templated":true}]}}