{"id":36237,"date":"2022-02-11T12:13:37","date_gmt":"2022-02-11T16:13:37","guid":{"rendered":"https:\/\/amazonia.fiocruz.br\/?p=36237"},"modified":"2022-02-11T12:13:40","modified_gmt":"2022-02-11T16:13:40","slug":"mestrado-profissional-em-saude-da-familia-prorroga-inscricoes","status":"publish","type":"post","link":"https:\/\/amazonia.fiocruz.br\/?p=36237","title":{"rendered":"Mestrado Profissional em Sa\u00fade da Fam\u00edlia prorroga inscri\u00e7\u00f5es"},"content":{"rendered":"<section class=\"av_textblock_section \"  itemscope=\"itemscope\" itemtype=\"https:\/\/schema.org\/BlogPosting\" itemprop=\"blogPost\" ><div class='avia_textblock  '   itemprop=\"text\" ><p style=\"text-align: justify;\">A Associa\u00e7\u00e3o Brasileira de Sa\u00fade Coletiva (Abrasco) e a Funda\u00e7\u00e3o Oswaldo Cruz (Fiocruz) prorrogam, at\u00e9 14\/3, as inscri\u00e7\u00f5es para o processo seletivo do Mestrado Profissional em Sa\u00fade da Fam\u00edlia (ProfSa\u00fade). A capacita\u00e7\u00e3o visa formar profissionais aptos a atuarem como preceptores para gradua\u00e7\u00e3o e resid\u00eancia m\u00e9dica em Sa\u00fade da Fam\u00edlia.<\/p>\n<p style=\"text-align: justify;\">De acordo com o presente edital, as 237 (duzentas e trinta e sete) vagas oferecidas, ser\u00e3o distribu\u00eddas entre as institui\u00e7\u00f5es que fazem parte da rede ProfSa\u00fade, divididas nas seguintes categorias: Enfermeiros (as), M\u00e9dicos (as) e Odont\u00f3logos (as). Para o <strong>Instituto Le\u00f4nidas e Maria Deane (ILMD\/ Fiocruz Amaz\u00f4nia)<\/strong>, foram disponibilizadas seis vagas, correspondentes a candidatos dos estados do Amazonas e Amap\u00e1.<\/p>\n<p style=\"text-align: justify;\">Confira o Edital <a href=\"https:\/\/amazonia.fiocruz.br\/?page_id=35161\">AQUI<\/a>.<\/p>\n<p style=\"text-align: justify;\"><strong>SOBRE O PROFSA\u00daDE<\/strong><\/p>\n<p style=\"text-align: justify;\">O PROFSAUDE\/MPSF \u00e9 um programa de p\u00f3s-gradua\u00e7\u00e3o stricto sensu em Sa\u00fade da Fam\u00edlia, reconhecido pela Coordena\u00e7\u00e3o de Aperfei\u00e7oamento de Pessoal de N\u00edvel Superior (CAPES) do Minist\u00e9rio da Educa\u00e7\u00e3o (MEC).<\/p>\n<p style=\"text-align: justify;\">O PROFSAUDE\/MPSF \u00e9 uma estrat\u00e9gia de forma\u00e7\u00e3o que visa atender \u00e0 expans\u00e3o da gradua\u00e7\u00e3o e da p\u00f3s-gradua\u00e7\u00e3o no pa\u00eds, bem como \u00e0 educa\u00e7\u00e3o permanente de profissionais de sa\u00fade, com base na consolida\u00e7\u00e3o de conhecimentos relacionados \u00e0 Aten\u00e7\u00e3o Prim\u00e1ria em Sa\u00fade (APS), \u00e0 Gest\u00e3o em Sa\u00fade e \u00e0 Educa\u00e7\u00e3o.<\/p>\n<p style=\"text-align: justify;\">O curso \u00e9 oferecido na modalidade EaD, abrangendo 09 (nove) encontros s\u00edncronos (presenciais ou virtuais, a depender do contexto epidemiol\u00f3gico) e atividades desenvolvidas a dist\u00e2ncia no Ambiente Virtual de Aprendizagem (AVA).<\/p>\n<p style=\"text-align: justify;\">As institui\u00e7\u00f5es de Ensino Superior (IES) que integram a Rede Nacional do PROFSAUDE\/ MPSF s\u00e3o denominadas institui\u00e7\u00f5es associadas e s\u00e3o respons\u00e1veis pela execu\u00e7\u00e3o do curso localmente.<\/p>\n<h6 style=\"text-align: justify;\"><strong><em>ASCOM \u2013 ILMD\/ Fiocruz Amaz\u00f4nia<\/em><\/strong><\/h6>\n<h6 style=\"text-align: justify;\"><strong><em>Imagem: Mackesy Nascimento<\/em><\/strong><\/h6>\n<\/div><\/section>\n","protected":false},"excerpt":{"rendered":"<p>As 237 (duzentas e trinta e sete) vagas oferecidas, ser\u00e3o distribu\u00eddas entre as institui\u00e7\u00f5es que fazem parte da rede ProfSa\u00fade<\/p>\n","protected":false},"author":20,"featured_media":36238,"comment_status":"closed","ping_status":"closed","sticky":true,"template":"","format":"image","meta":{"footnotes":""},"categories":[15],"tags":[412,136,120,119,131,549,190,548],"class_list":["post-36237","post","type-post","status-publish","format-image","has-post-thumbnail","hentry","category-noticias","tag-ensino","tag-fiocruz","tag-fiocruz-amazonia","tag-ilmd","tag-ilmdfiocruz-amazonia","tag-mestrado-profissional","tag-pos-graduacao","tag-profsaude","post_format-post-format-image"],"_links":{"self":[{"href":"https:\/\/amazonia.fiocruz.br\/index.php?rest_route=\/wp\/v2\/posts\/36237","targetHints":{"allow":["GET"]}}],"collection":[{"href":"https:\/\/amazonia.fiocruz.br\/index.php?rest_route=\/wp\/v2\/posts"}],"about":[{"href":"https:\/\/amazonia.fiocruz.br\/index.php?rest_route=\/wp\/v2\/types\/post"}],"author":[{"embeddable":true,"href":"https:\/\/amazonia.fiocruz.br\/index.php?rest_route=\/wp\/v2\/users\/20"}],"replies":[{"embeddable":true,"href":"https:\/\/amazonia.fiocruz.br\/index.php?rest_route=%2Fwp%2Fv2%2Fcomments&post=36237"}],"version-history":[{"count":1,"href":"https:\/\/amazonia.fiocruz.br\/index.php?rest_route=\/wp\/v2\/posts\/36237\/revisions"}],"predecessor-version":[{"id":36239,"href":"https:\/\/amazonia.fiocruz.br\/index.php?rest_route=\/wp\/v2\/posts\/36237\/revisions\/36239"}],"wp:featuredmedia":[{"embeddable":true,"href":"https:\/\/amazonia.fiocruz.br\/index.php?rest_route=\/wp\/v2\/media\/36238"}],"wp:attachment":[{"href":"https:\/\/amazonia.fiocruz.br\/index.php?rest_route=%2Fwp%2Fv2%2Fmedia&parent=36237"}],"wp:term":[{"taxonomy":"category","embeddable":true,"href":"https:\/\/amazonia.fiocruz.br\/index.php?rest_route=%2Fwp%2Fv2%2Fcategories&post=36237"},{"taxonomy":"post_tag","embeddable":true,"href":"https:\/\/amazonia.fiocruz.br\/index.php?rest_route=%2Fwp%2Fv2%2Ftags&post=36237"}],"curies":[{"name":"wp","href":"https:\/\/api.w.org\/{rel}","templated":true}]}}