{"id":36212,"date":"2022-02-09T19:44:09","date_gmt":"2022-02-09T23:44:09","guid":{"rendered":"https:\/\/amazonia.fiocruz.br\/?p=36212"},"modified":"2022-02-10T12:09:08","modified_gmt":"2022-02-10T16:09:08","slug":"live-reune-pesquisadoras-para-abordar-desafios-das-mulheres-na-ciencia","status":"publish","type":"post","link":"https:\/\/amazonia.fiocruz.br\/?p=36212","title":{"rendered":"Live re\u00fane pesquisadoras para abordar desafios das mulheres na Ci\u00eancia"},"content":{"rendered":"<section class=\"av_textblock_section \"  itemscope=\"itemscope\" itemtype=\"https:\/\/schema.org\/BlogPosting\" itemprop=\"blogPost\" ><div class='avia_textblock  '   itemprop=\"text\" ><p>No Dia Internacional das Mulheres e Meninas na Ci\u00eancia, 11\/2, o ILMD-Fiocruz Amaz\u00f4nia realiza a <em>live<\/em> \u201cMulheres e Meninas na Ci\u00eancia no Contexto Amaz\u00f4nico\u201d. A Fiocruz Amaz\u00f4nia \u00e9 uma das unidades da Fiocruz no Brasil a realizar atividades comemorativas, abordando a presen\u00e7a das mulheres e meninas na ci\u00eancia. A <em>live<\/em> contar\u00e1 com palestras de pesquisadoras e estudantes de distintas frentes de atua\u00e7\u00e3o na pesquisa cient\u00edfica. A transmiss\u00e3o ocorrer\u00e1 no dia 11\/2, \u00e0s 14h, por meio do <a href=\"https:\/\/www.youtube.com\/watch?v=Yl5C-shPV3Y\" target=\"_blank\" rel=\"noopener\">Canal do ILMD\/ Fiocruz Amaz\u00f4nia, no YouTube<\/a>.<\/p>\n<p>O evento ter\u00e1 media\u00e7\u00e3o da m\u00e9dica sanitarista Adele Benzaken, diretora do ILMD\/ Fiocruz Amaz\u00f4nia e, contar\u00e1 com apresenta\u00e7\u00f5es das pesquisadoras Ros\u00e2ngela Aparecida Hil\u00e1rio, professora da Universidade Federal de Rond\u00f4nia (UNIR) e, membro do comit\u00ea executivo da Rede Brasileira Mulheres Cientistas (RBMC); Fabiola Nakamura, pesquisadora da Universidade Federal do Amazonas (Ufam) e, coordenadora projeto Cunhant\u00e3 Digital; Priscila Aquino, coordenadora do Programa de Inicia\u00e7\u00e3o Cient\u00edfica (PIC\/ ILMD Fiocruz Amaz\u00f4nia); e Cl\u00e1udia Patr\u00edcia Ara\u00fajo Crainey,\u00a0 aluna de p\u00f3s-gradua\u00e7\u00e3o do ILMD-Fiocruz Amaz\u00f4nia.<\/p>\n<p><strong><em>ILMD\/Fiocruz Amaz\u00f4nia<\/em><\/strong><\/p>\n<p><strong><em>Arte \u2013 Mackesy Pinheiro \/ ILMD\/Fiocruz Amaz\u00f4nia <\/em><\/strong><\/p>\n<\/div><\/section>\n","protected":false},"excerpt":{"rendered":"<p>A live contar\u00e1 com palestras de pesquisadoras e estudantes de distintas frentes de atua\u00e7\u00e3o na pesquisa cient\u00edfica.<\/p>\n","protected":false},"author":20,"featured_media":36218,"comment_status":"closed","ping_status":"closed","sticky":true,"template":"","format":"image","meta":{"footnotes":""},"categories":[15],"tags":[639,120,131,1101],"class_list":["post-36212","post","type-post","status-publish","format-image","has-post-thumbnail","hentry","category-noticias","tag-dia-internacional-das-mulheres-e-meninas-na-ciencia","tag-fiocruz-amazonia","tag-ilmdfiocruz-amazonia","tag-live","post_format-post-format-image"],"_links":{"self":[{"href":"https:\/\/amazonia.fiocruz.br\/index.php?rest_route=\/wp\/v2\/posts\/36212","targetHints":{"allow":["GET"]}}],"collection":[{"href":"https:\/\/amazonia.fiocruz.br\/index.php?rest_route=\/wp\/v2\/posts"}],"about":[{"href":"https:\/\/amazonia.fiocruz.br\/index.php?rest_route=\/wp\/v2\/types\/post"}],"author":[{"embeddable":true,"href":"https:\/\/amazonia.fiocruz.br\/index.php?rest_route=\/wp\/v2\/users\/20"}],"replies":[{"embeddable":true,"href":"https:\/\/amazonia.fiocruz.br\/index.php?rest_route=%2Fwp%2Fv2%2Fcomments&post=36212"}],"version-history":[{"count":4,"href":"https:\/\/amazonia.fiocruz.br\/index.php?rest_route=\/wp\/v2\/posts\/36212\/revisions"}],"predecessor-version":[{"id":36233,"href":"https:\/\/amazonia.fiocruz.br\/index.php?rest_route=\/wp\/v2\/posts\/36212\/revisions\/36233"}],"wp:featuredmedia":[{"embeddable":true,"href":"https:\/\/amazonia.fiocruz.br\/index.php?rest_route=\/wp\/v2\/media\/36218"}],"wp:attachment":[{"href":"https:\/\/amazonia.fiocruz.br\/index.php?rest_route=%2Fwp%2Fv2%2Fmedia&parent=36212"}],"wp:term":[{"taxonomy":"category","embeddable":true,"href":"https:\/\/amazonia.fiocruz.br\/index.php?rest_route=%2Fwp%2Fv2%2Fcategories&post=36212"},{"taxonomy":"post_tag","embeddable":true,"href":"https:\/\/amazonia.fiocruz.br\/index.php?rest_route=%2Fwp%2Fv2%2Ftags&post=36212"}],"curies":[{"name":"wp","href":"https:\/\/api.w.org\/{rel}","templated":true}]}}