{"id":36137,"date":"2022-02-01T12:09:20","date_gmt":"2022-02-01T16:09:20","guid":{"rendered":"https:\/\/amazonia.fiocruz.br\/?p=36137"},"modified":"2022-02-01T12:09:20","modified_gmt":"2022-02-01T16:09:20","slug":"pesquisador-do-ilmd-fiocruz-amazonia-participa-de-live-sobre-a-terceira-onda-da-covid-19-em-manaus","status":"publish","type":"post","link":"https:\/\/amazonia.fiocruz.br\/?p=36137","title":{"rendered":"Pesquisador do ILMD Fiocruz Amaz\u00f4nia participa de live sobre a terceira onda da Covid-19 em Manaus"},"content":{"rendered":"<section class=\"av_textblock_section \"  itemscope=\"itemscope\" itemtype=\"https:\/\/schema.org\/BlogPosting\" itemprop=\"blogPost\" ><div class='avia_textblock  '   itemprop=\"text\" ><p>O pesquisador do Instituto Le\u00f4nidas &amp; Maria Deane (ILMD\/ Fiocruz Amaz\u00f4nia), Felipe Naveca, participa nesta quarta-feira, 2\/2, \u00e0s 20h (hor\u00e1rio de Bras\u00edlia), de uma <em>live<\/em>, no portal da Ci\u00eancia, iniciativa de Divulga\u00e7\u00e3o Cient\u00edfica ligada ao grupo de pesquisa Trokano, da Universidade Federal do Amazonas (Ufam). O tema abordado ser\u00e1 \u201cA 3\u00aa onda de Covid em Manaus\u201d, incluindo ainda, os t\u00f3picos da variante \u00d4micron e a vacina\u00e7\u00e3o de crian\u00e7as.<\/p>\n<p>Pioneiro em sequenciar o DNA do novo coronav\u00edrus no Norte do pa\u00eds, Naveca tamb\u00e9m \u00e9 coordenador de um importante estudo que desvendou novas linhagens circulando no Brasil.<\/p>\n<p>Conforme o l\u00edder do grupo de pesquisa Trokano, Allan Soljen\u00edtsin, o principal objetivo da <em>live<\/em> \u00e9 informar \u00e0s pessoas com dados cient\u00edficos, sobre a nova variante \u00d4micron e quais s\u00e3o os progn\u00f3sticos para a evolu\u00e7\u00e3o da pandemia no Amazonas e no Brasil.<\/p>\n<p>\u201cPopularizar o conhecimento cient\u00edfico a respeito da doen\u00e7a, da pandemia, do v\u00edrus, da variante, para que as pessoas possam dessa forma, se proteger melhor e tomar decis\u00f5es esclarecidas diante da pandemia&#8221;, destacou.<\/p>\n<p>Conforme Allan, o portal vem realizando <em>lives<\/em> desde 2020 e a programa\u00e7\u00e3o ser\u00e1 continuada em 2022, de forma mais sistem\u00e1tica, pelo menos duas vezes por m\u00eas, abordando temas de interesse da sociedade relacionados com a ci\u00eancia.<\/p>\n<p>O Portal da Ci\u00eancia \u00e9 desenvolvido por docentes e discentes do curso de Jornalismo e Rela\u00e7\u00f5es P\u00fablicas da Faculdade e Informa\u00e7\u00e3o e Comunica\u00e7\u00e3o (FIC) da Ufam.<\/p>\n<p>A <em>live<\/em> ser\u00e1 transmitida de pelo canal do Portal da Ci\u00eancia no YouTube, no endere\u00e7o <a href=\"https:\/\/youtu.be\/g2ieSrgj8rI\">https:\/\/youtu.be\/g2ieSrgj8rI<\/a> e na p\u00e1gina do Facebook, pelo link <a href=\"https:\/\/www.facebook.com\/portaldaciencia\">https:\/\/www.facebook.com\/portaldaciencia<\/a>.<\/p>\n<h6><strong><em>ILMD\/ Fiocruz Amaz\u00f4nia, com informa\u00e7\u00f5es do Portal da Ci\u00eancia<\/em><\/strong><\/h6>\n<\/div><\/section>\n","protected":false},"excerpt":{"rendered":"<p>Pioneiro em sequenciar o DNA do novo coronav\u00edrus no Norte do pa\u00eds, Naveca tamb\u00e9m \u00e9 coordenador de um importante estudo que desvendou novas linhagens circulando no Brasil.<\/p>\n","protected":false},"author":20,"featured_media":36138,"comment_status":"closed","ping_status":"closed","sticky":true,"template":"","format":"image","meta":{"footnotes":""},"categories":[15],"tags":[421,136,120,119,131,1101,153],"class_list":["post-36137","post","type-post","status-publish","format-image","has-post-thumbnail","hentry","category-noticias","tag-felipe-naveca","tag-fiocruz","tag-fiocruz-amazonia","tag-ilmd","tag-ilmdfiocruz-amazonia","tag-live","tag-pesquisador","post_format-post-format-image"],"_links":{"self":[{"href":"https:\/\/amazonia.fiocruz.br\/index.php?rest_route=\/wp\/v2\/posts\/36137","targetHints":{"allow":["GET"]}}],"collection":[{"href":"https:\/\/amazonia.fiocruz.br\/index.php?rest_route=\/wp\/v2\/posts"}],"about":[{"href":"https:\/\/amazonia.fiocruz.br\/index.php?rest_route=\/wp\/v2\/types\/post"}],"author":[{"embeddable":true,"href":"https:\/\/amazonia.fiocruz.br\/index.php?rest_route=\/wp\/v2\/users\/20"}],"replies":[{"embeddable":true,"href":"https:\/\/amazonia.fiocruz.br\/index.php?rest_route=%2Fwp%2Fv2%2Fcomments&post=36137"}],"version-history":[{"count":1,"href":"https:\/\/amazonia.fiocruz.br\/index.php?rest_route=\/wp\/v2\/posts\/36137\/revisions"}],"predecessor-version":[{"id":36139,"href":"https:\/\/amazonia.fiocruz.br\/index.php?rest_route=\/wp\/v2\/posts\/36137\/revisions\/36139"}],"wp:featuredmedia":[{"embeddable":true,"href":"https:\/\/amazonia.fiocruz.br\/index.php?rest_route=\/wp\/v2\/media\/36138"}],"wp:attachment":[{"href":"https:\/\/amazonia.fiocruz.br\/index.php?rest_route=%2Fwp%2Fv2%2Fmedia&parent=36137"}],"wp:term":[{"taxonomy":"category","embeddable":true,"href":"https:\/\/amazonia.fiocruz.br\/index.php?rest_route=%2Fwp%2Fv2%2Fcategories&post=36137"},{"taxonomy":"post_tag","embeddable":true,"href":"https:\/\/amazonia.fiocruz.br\/index.php?rest_route=%2Fwp%2Fv2%2Ftags&post=36137"}],"curies":[{"name":"wp","href":"https:\/\/api.w.org\/{rel}","templated":true}]}}