{"id":35754,"date":"2021-12-06T01:14:09","date_gmt":"2021-12-06T05:14:09","guid":{"rendered":"https:\/\/amazonia.fiocruz.br\/?p=35754"},"modified":"2021-12-06T07:45:11","modified_gmt":"2021-12-06T11:45:11","slug":"fiocruz-amazonia-ses-am-e-sociedade-civil-assinam-pacto-interinstitucional-visando-fortalecimento-da-politica-de-ist-hiv-aids-e-hepatites-virais","status":"publish","type":"post","link":"https:\/\/amazonia.fiocruz.br\/?p=35754","title":{"rendered":"Fiocruz Amaz\u00f4nia, SES-AM e sociedade civil assinam pacto interinstitucional visando fortalecimento da Pol\u00edtica de IST\/HIV\/AIDS e Hepatites Virais"},"content":{"rendered":"<section class=\"av_textblock_section \"  itemscope=\"itemscope\" itemtype=\"https:\/\/schema.org\/BlogPosting\" itemprop=\"blogPost\" ><div class='avia_textblock  '   itemprop=\"text\" ><p style=\"text-align: justify;\">Com o avan\u00e7o da pandemia de Covid-19, especialistas observam o surgimento de outras pandemias de modo silencioso, como a do HIV\/AIDS. Consenso pelas institui\u00e7\u00f5es de pesquisa e sa\u00fade em todo o mundo, a diminui\u00e7\u00e3o de testagem para HIV\/AIDS favorece um aumento na transmiss\u00e3o do v\u00edrus.<\/p>\n<p style=\"text-align: justify;\">Segundo dados do \u201c<a href=\"http:\/\/www.aids.gov.br\/pt-br\/pub\/2021\/boletim-epidemiologico-hivaids-2021\" target=\"_blank\" rel=\"noopener\">boletim Epidemiol\u00f3gico HIV\/Aids<\/a>\u201d, do Departamento de Doen\u00e7as de Condi\u00e7\u00f5es Cr\u00f4nicas e Infec\u00e7\u00f5es Sexualmente Transmiss\u00edveis, da Secretaria de Vigil\u00e2ncia em Sa\u00fade, do Minist\u00e9rio da Sa\u00fade (DCCI\/SVS\/MS), publicado anualmente, o estado do Amazonas lidera o Ranking da taxa de detec\u00e7\u00e3o de casos de aids notificados no Sistema de Informa\u00e7\u00e3o de Agravos de Notifica\u00e7\u00e3o (Sinan).<\/p>\n<p style=\"text-align: justify;\">Objetivando o fortalecimento da pol\u00edtica de IST\/HIV\/AIDS e Hepatites Virais no Estado, o Instituto Le\u00f4nidas &amp; Maria Deane (ILMD \/ Fiocruz Amaz\u00f4nia) e o Governo do Amazonas, por meio da Secretaria de Estado de Sa\u00fade \u2013 SES Amazonas, assinaram na \u00faltima quinta-feira, 2\/12, pactua\u00e7\u00e3o e carta de inten\u00e7\u00e3o, que prop\u00f5em a uni\u00e3o de esfor\u00e7os para o desenvolvimento\u00a0 do projeto \u201cFortalecimento da Pol\u00edtica de IST\/HIV\/AIDS e Hepatites Virais no Estado do Amazonas\u201d, unindo a capilaridade dos servi\u00e7os da SES Amazonas \u00e0 expertise dos profissionais da Fiocruz Amaz\u00f4nia, atrav\u00e9s de a\u00e7\u00f5es, reestrutura\u00e7\u00e3o dos servi\u00e7os e modelos de qualifica\u00e7\u00e3o de profissionais da sa\u00fade nos temas de enfrentamento \u00e0s ISTs, HIV\/AIDS e hepatites virais, al\u00e9m do planejamento, monitoramento e avalia\u00e7\u00e3o de pol\u00edticas p\u00fablicas na \u00e1rea de sa\u00fade na regi\u00e3o Amaz\u00f4nica.<\/p>\n<p style=\"text-align: justify;\">Compuseram a mesa de abertura da solenidade, o Secret\u00e1rio Executivo de Sa\u00fade, Jani Kenta Iawata; a Diretora da Fiocruz Amaz\u00f4nia, Adele Benzaken; o Coordenador do F\u00f3rum Amazonas de OSC, IST, Aids, Hepatites Virais e Tuberculose, Gabriel Mota; o Presidente da Funda\u00e7\u00e3o de Medicina Tropical, Marcus Guerra; a Conselheira Nacional de Sa\u00fade, Evalcilene Santos; o Secret\u00e1rio Executivo de Assist\u00eancia do Interior, Cassio Roberto; a Secretaria Nacional da Rede Nacional de Pessoas Vivendo com HIV\/AIDS (RNP+Brasil), Vanessa Campos.<\/p>\n<p><img decoding=\"async\" class=\"aligncenter size-full wp-image-35756\" src=\"https:\/\/amazonia.fiocruz.br\/wp-content\/uploads\/2021\/12\/Fio1.jpg\" alt=\"\" width=\"640\" height=\"359\" srcset=\"https:\/\/amazonia.fiocruz.br\/wp-content\/uploads\/2021\/12\/Fio1.jpg 640w, https:\/\/amazonia.fiocruz.br\/wp-content\/uploads\/2021\/12\/Fio1-300x168.jpg 300w\" sizes=\"(max-width: 640px) 100vw, 640px\" \/><\/p>\n<p style=\"text-align: justify;\">A Coopera\u00e7\u00e3o possibilitar\u00e1 a qualifica\u00e7\u00e3o dos profissionais de sa\u00fade que atuam na preven\u00e7\u00e3o, diagn\u00f3stico e tratamento do HIV\/Aids, al\u00e9m de outras IST, como s\u00edfilis, hepatites B e C, entre outros. \u201cA Fiocruz Amaz\u00f4nia possui como meta principal a quest\u00e3o da capacita\u00e7\u00e3o, temos expertise em capacitar, tanto na capital quanto no interior do Estado, na tr\u00edplice fronteira. Essa contribui\u00e7\u00e3o ser\u00e1 fundamental para um novo ar, nas quest\u00f5es do Programa Estadual de IST\/HIV\/AIDS e Hepatites Virais\u201d, explicou a diretora da Fiocruz Amaz\u00f4nia, Adele Benzaken.<\/p>\n<p style=\"text-align: justify;\">A secret\u00e1ria adjunta de pol\u00edticas em sa\u00fade SES-AM, Nayara Maksoud, destacou aspectos positivos do pacto. \u201cAtuar junto, atrav\u00e9s de um termo de coopera\u00e7\u00e3o com a Fiocruz, utilizando toda a sua expertise no assunto de enfrentamento ao HIV\/Aids, para n\u00f3s \u00e9 um passo important\u00edssimo pois poderemos somar estrat\u00e9gias, a\u00e7\u00f5es e discuss\u00f5es. Mais importante ainda \u00e9 ter neste processo a sociedade civil de luta contra o HIV\/Aids, porque mostra que o controle social tamb\u00e9m ajuda no fortalecimento das pol\u00edticas\u201d.<\/p>\n<p style=\"text-align: justify;\">M\u00e9dica e ex-coordenadora do Programa de DST\/Aids do Minist\u00e9rio da Sa\u00fade, Adele Benzaken explicou sobre o comit\u00ea que conduzir\u00e1 os trabalhos. \u201cEsse grupo condutor vai congregar todas as institui\u00e7\u00f5es e todas as ONGs que trabalham com HIV\/Aids. \u00c9 deste grupo que as a\u00e7\u00f5es que v\u00e3o ser pautadas e, precisam ser mais efetivas. Entretanto, existem v\u00e1rios entraves, como a quest\u00e3o financeira, pois n\u00f3s sabemos da situa\u00e7\u00e3o de empobrecimento n\u00e3o s\u00f3 da popula\u00e7\u00e3o, mas o empobrecimento das secretarias municipais e estaduais, visto que todos os recursos foram canalizados para Covid-19\u201d.<\/p>\n<p style=\"text-align: justify;\"><strong>DEEMBRO VERMELHO<\/strong><\/p>\n<p style=\"text-align: justify;\">O encontro foi realizado um dia ap\u00f3s o 1\u00ba de dezembro, data que em todo o mundo \u00e9 celebrado o Dia Mundial de Luta Contra a Aids. A data, comemorada todo ano, foi estabelecida, pela Assembleia Geral da ONU e pela Organiza\u00e7\u00e3o Mundial de Sa\u00fade, como uma forma de conscientizar a popula\u00e7\u00e3o sobre a doen\u00e7a.<\/p>\n<p style=\"text-align: justify;\">No Amazonas, a campanha se estender\u00e1 durante todo o m\u00eas de dezembro, com diversas a\u00e7\u00f5es de preven\u00e7\u00e3o, como distribui\u00e7\u00e3o de mais de 400 mil preservativos masculinos e femininos, a oferta de 165 mil testagens r\u00e1pidas de HIV, s\u00edfilis, hepatites B e C, s\u00edfilis e outras IST. As a\u00e7\u00f5es incluem ainda palestra virtual, treinamento de profissionais e a inaugura\u00e7\u00e3o de tr\u00eas novos Centros de Testagem e Aconselhamento (CTAs).<\/p>\n<p style=\"text-align: justify;\"><strong>TESTAGEM<\/strong><\/p>\n<p style=\"text-align: justify;\">Na rede estadual de sa\u00fade, as unidades de sa\u00fade da capital que fazem os testes sob livre demanda, de segunda a sexta-feira, das 7h \u00e0s 17h, s\u00e3o os CTAs na Policl\u00ednica Gilberto Mestrinho, na avenida Get\u00falio Vargas, 341, Centro; na Policl\u00ednica Ant\u00f4nio Aleixo, na rua Get\u00falio Vargas, Col\u00f4nia Ant\u00f4nio Aleixo; no Centro de Aten\u00e7\u00e3o \u00e0 Melhor Idade (Caimi) Ada Viana, na avenida Brasil, Compensa II; e no Caimi Andr\u00e9 Ara\u00fajo, na avenida Camapu\u00e3, Cidade Nova.<\/p>\n<p style=\"text-align: justify;\"><strong>DIAGN\u00d3STICO<\/strong><\/p>\n<p style=\"text-align: justify;\">A testagem para diagn\u00f3stico de Infec\u00e7\u00f5es Sexualmente Transmiss\u00edveis (IST) est\u00e1 dispon\u00edvel na rede p\u00fablica de sa\u00fade, incluindo Unidades B\u00e1sicas de Sa\u00fade (UBS), de responsabilidade do munic\u00edpio. No interior, s\u00e3o seis unidades do Servi\u00e7os de Assist\u00eancia Especializada (SAE), em cada um dos seguintes munic\u00edpios: Parintins, Tabatinga, Tef\u00e9, Coari, Itacoatiara e Benjamin Constant.<\/p>\n<p style=\"text-align: justify;\"><strong>TRATAMENTO<\/strong><\/p>\n<p style=\"text-align: justify;\">Para o acompanhamento das pessoas vivendo com HIV na capital existem oito unidades, sendo duas da estrutura do Estado, as Funda\u00e7\u00f5es de Medicina Tropical Dr. Heitor Vieira Dourado (FMT-HVD) e Hospitalar Alfredo da Matta (Fuham); e seis do munic\u00edpio, as Policl\u00ednicas Comte Telles e Jos\u00e9 Ant\u00f4nio da Silva, as Cl\u00ednicas da Fam\u00edlia Raimundo Franco De S\u00e1 e Ant\u00f4nio Reis, e as Unidades B\u00e1sicas de Sa\u00fade (UBS) Leonor Brilhante e Arthur Virg\u00edlio.<\/p>\n<h6 style=\"text-align: justify;\"><strong><em>Ascom-ILMD\/Fiocruz Amaz\u00f4nia, por Eduardo Gomes<\/em><\/strong><\/h6>\n<h6 style=\"text-align: justify;\"><strong><em>Imagem: Mackesy Nascimento<\/em><\/strong><\/h6>\n<\/div><\/section>\n","protected":false},"excerpt":{"rendered":"<p>Acordo objetiva fortalecimento da pol\u00edtica de IST\/HIV\/AIDS e Hepatites Virais no Estado<\/p>\n","protected":false},"author":20,"featured_media":35757,"comment_status":"closed","ping_status":"closed","sticky":true,"template":"","format":"image","meta":{"footnotes":""},"categories":[15],"tags":[136,120,119,131],"class_list":["post-35754","post","type-post","status-publish","format-image","has-post-thumbnail","hentry","category-noticias","tag-fiocruz","tag-fiocruz-amazonia","tag-ilmd","tag-ilmdfiocruz-amazonia","post_format-post-format-image"],"_links":{"self":[{"href":"https:\/\/amazonia.fiocruz.br\/index.php?rest_route=\/wp\/v2\/posts\/35754","targetHints":{"allow":["GET"]}}],"collection":[{"href":"https:\/\/amazonia.fiocruz.br\/index.php?rest_route=\/wp\/v2\/posts"}],"about":[{"href":"https:\/\/amazonia.fiocruz.br\/index.php?rest_route=\/wp\/v2\/types\/post"}],"author":[{"embeddable":true,"href":"https:\/\/amazonia.fiocruz.br\/index.php?rest_route=\/wp\/v2\/users\/20"}],"replies":[{"embeddable":true,"href":"https:\/\/amazonia.fiocruz.br\/index.php?rest_route=%2Fwp%2Fv2%2Fcomments&post=35754"}],"version-history":[{"count":2,"href":"https:\/\/amazonia.fiocruz.br\/index.php?rest_route=\/wp\/v2\/posts\/35754\/revisions"}],"predecessor-version":[{"id":35760,"href":"https:\/\/amazonia.fiocruz.br\/index.php?rest_route=\/wp\/v2\/posts\/35754\/revisions\/35760"}],"wp:featuredmedia":[{"embeddable":true,"href":"https:\/\/amazonia.fiocruz.br\/index.php?rest_route=\/wp\/v2\/media\/35757"}],"wp:attachment":[{"href":"https:\/\/amazonia.fiocruz.br\/index.php?rest_route=%2Fwp%2Fv2%2Fmedia&parent=35754"}],"wp:term":[{"taxonomy":"category","embeddable":true,"href":"https:\/\/amazonia.fiocruz.br\/index.php?rest_route=%2Fwp%2Fv2%2Fcategories&post=35754"},{"taxonomy":"post_tag","embeddable":true,"href":"https:\/\/amazonia.fiocruz.br\/index.php?rest_route=%2Fwp%2Fv2%2Ftags&post=35754"}],"curies":[{"name":"wp","href":"https:\/\/api.w.org\/{rel}","templated":true}]}}