{"id":35750,"date":"2021-12-03T12:23:46","date_gmt":"2021-12-03T16:23:46","guid":{"rendered":"https:\/\/amazonia.fiocruz.br\/?p=35750"},"modified":"2021-12-07T12:09:17","modified_gmt":"2021-12-07T16:09:17","slug":"i-congresso-nacional-de-leptospirose-na-amazonia-debatera-as-leptospiroses-humana-ambiental-e-animal","status":"publish","type":"post","link":"https:\/\/amazonia.fiocruz.br\/?p=35750","title":{"rendered":"I Congresso Nacional de Leptospirose na Amaz\u00f4nia debater\u00e1 as leptospiroses humana, ambiental e animal"},"content":{"rendered":"<section class=\"av_textblock_section \"  itemscope=\"itemscope\" itemtype=\"https:\/\/schema.org\/BlogPosting\" itemprop=\"blogPost\" ><div class='avia_textblock  '   itemprop=\"text\" ><p style=\"text-align: justify;\">O Instituto Le\u00f4nidas &amp; Maria Deane \u00a0(ILMD\/Fiocruz Amaz\u00f4nia) realiza nos dias 14, 15 e 16 de dezembro, em parceria com a Funda\u00e7\u00e3o de Amparo \u00e0 Pesquisa do Estado do Amazonas (Fapeam), o I Congresso Nacional de Leptospirose na Amaz\u00f4nia \u2013 One Health.<\/p>\n<p style=\"text-align: justify;\">O evento, em formato online, ser\u00e1 gratuito e reunir\u00e1 pesquisadores, representantes do Minist\u00e9rio da Sa\u00fade e de secretarias municipais de Sa\u00fade que ir\u00e3o debater e propor estrat\u00e9gias voltadas para a preven\u00e7\u00e3o, o diagn\u00f3stico e o atendimento de pessoas acometidas por leptospirose.<\/p>\n<p style=\"text-align: justify;\">A leptospirose \u00e9 uma doen\u00e7a infecciosa febril aguda que resulta da exposi\u00e7\u00e3o direta ou indireta a urina de animais (principalmente ratos) infectados pela bact\u00e9ria Leptospira. Um dos principais meios para a propaga\u00e7\u00e3o da doen\u00e7a s\u00e3o as enchentes, po\u00e7as, solos \u00famidos e as m\u00e1s condi\u00e7\u00f5es de higiene.<\/p>\n<p style=\"text-align: justify;\">A urina dos animais infectados pode facilmente ser espalhada e a bact\u00e9ria infectar a pessoa por meio das mucosas ou feridas na pele, provocando sintomas como febre, calafrios, olhos avermelhados, dor de cabe\u00e7a e n\u00e1useas<\/p>\n<p style=\"text-align: justify;\">E, apesar da maioria dos casos provocar sintomas leves, algumas pessoas podem evoluir com graves complica\u00e7\u00f5es, como hemorragias, insufici\u00eancia renal ou meningite.<\/p>\n<p style=\"text-align: justify;\">\u00c0s v\u00e9speras do per\u00edodo, tradicionalmente, chuvoso e de cheias no Amazonas, o I Congresso Nacional de Leptospirose na Amaz\u00f4nia \u2013 One Health tem como proposta fazer uma an\u00e1lise dos cen\u00e1rios local e nacional, bem como propor o encaminhamento de medidas com vistas a minimizar os impactos da doen\u00e7a sobre a vida da popula\u00e7\u00e3o.<\/p>\n<p style=\"text-align: justify;\">Conforme a organizadora do congresso, a pesquisadora Luciete Almeida, a proposta \u00e9 reunir a comunidade acad\u00eamica, institui\u00e7\u00f5es de pesquisa, secretarias de Sa\u00fade, farmac\u00eauticos, bi\u00f3logos, vigil\u00e2ncia sanit\u00e1ria e pessoas de \u00e1reas afins para trocar e reunir informa\u00e7\u00f5es acerca do tema.<\/p>\n<p style=\"text-align: justify;\">\u201cFaremos uso de trabalhos cient\u00edficos, mesas redondas, relatos de experi\u00eancias e confer\u00eancias para subsidiar desenhos estrat\u00e9gicos que tenham como enfoques as leptospiroses humana, ambiental e animal. Com a discuss\u00e3o de estrat\u00e9gias voltadas para a preven\u00e7\u00e3o, o diagn\u00f3stico e o atendimento aos doentes, que poder\u00e3o se tornar futuras a\u00e7\u00f5es e projetos locais e regionais\u201d, afirmou Luciete Almeida.<\/p>\n<p style=\"text-align: justify;\">O I Congresso Nacional de Leptospirose na Amaz\u00f4nia prop\u00f5e ainda a forma\u00e7\u00e3o de parcerias entre pesquisadores e profissionais de sa\u00fade com vistas a fortalecer o sistema de vigil\u00e2ncia epidemiol\u00f3gica da doen\u00e7a, a n\u00edvel local, estadual e regional, atrav\u00e9s do interc\u00e2mbio de informa\u00e7\u00f5es entre institui\u00e7\u00f5es de pesquisa, secretarias de sa\u00fade e \u00f3rg\u00e3os ambientais.<\/p>\n<p style=\"text-align: justify;\">As inscri\u00e7\u00f5es para o I Congresso Nacional de Leptospirose na Amaz\u00f4nia podem ser feitas pelo site <a href=\"https:\/\/clamazonia.com.br\/\" target=\"_blank\" rel=\"noopener\">clamazonia.com.br<\/a>.<\/p>\n<p style=\"text-align: justify;\"><strong>Confira a programa\u00e7\u00e3o:<\/strong><\/p>\n<p style=\"text-align: justify;\">Dia 14<\/p>\n<p style=\"text-align: justify;\">\u2022\u00a0\u00a0\u00a0\u00a0\u00a0\u00a0\u00a0\u00a0\u00a0\u00a0\u00a0\u00a0 Mesa de abertura do I Congresso Nacional de Leptospirose na Amaz\u00f4nia \u2013 One Health com representantes da Fiocruz Amaz\u00f4nia e autoridades, das 8h at\u00e9 \u00e0s 10h (hor\u00e1rio de Bras\u00edlia).<\/p>\n<p style=\"text-align: justify;\">\u2022\u00a0\u00a0\u00a0\u00a0\u00a0\u00a0\u00a0\u00a0\u00a0\u00a0\u00a0\u00a0 Palestra \u201cDiagn\u00f3stico da leptospirose animal\u201d, com a Dra. Camila Hamond, das 10h15 at\u00e9 \u00e0s 11h.<\/p>\n<p style=\"text-align: justify;\">\u2022\u00a0\u00a0\u00a0\u00a0\u00a0\u00a0\u00a0\u00a0\u00a0\u00a0\u00a0\u00a0 Intervalo para o almo\u00e7o.<\/p>\n<p style=\"text-align: justify;\">\u2022\u00a0\u00a0\u00a0\u00a0\u00a0\u00a0\u00a0\u00a0\u00a0\u00a0\u00a0\u00a0 Palestra \u201cPreval\u00eancia da Leptospirose no Amazonas\u201d, com a Dra K\u00e1tia Lima, das 13h \u00e0s 13h45.<\/p>\n<p style=\"text-align: justify;\">\u2022\u00a0\u00a0\u00a0\u00a0\u00a0\u00a0\u00a0\u00a0\u00a0\u00a0\u00a0\u00a0 Palestra \u201cPesquisa de reservat\u00f3rios de Leptospira na fauna silvestre\u201d, com o Dr Felipe Fornazari, das 13h45 at\u00e9 \u00e0s 14h30.<\/p>\n<p style=\"text-align: justify;\">\u2022\u00a0\u00a0\u00a0\u00a0\u00a0\u00a0\u00a0\u00a0\u00a0\u00a0\u00a0\u00a0 Intervalo de 15 minutos.<\/p>\n<p style=\"text-align: justify;\">\u2022\u00a0\u00a0\u00a0\u00a0\u00a0\u00a0\u00a0\u00a0\u00a0\u00a0\u00a0\u00a0 Palestra \u201cPesquisa de reservat\u00f3rios de Leptospira na fauna silvestre\u201d, com a Dr. Carolina Lessa Aquino, das 14h45 at\u00e9 \u00e0s 15h30.<\/p>\n<p style=\"text-align: justify;\">Dia 15<\/p>\n<p style=\"text-align: justify;\">\u2022\u00a0\u00a0\u00a0\u00a0\u00a0\u00a0\u00a0\u00a0\u00a0\u00a0\u00a0\u00a0 Palestra \u201cEpidemiologia da leptospirose urbana\u201d, com o Dr. Federico Costa, das 8h \u00e0s 8h45.<\/p>\n<p style=\"text-align: justify;\">\u2022\u00a0\u00a0\u00a0\u00a0\u00a0\u00a0\u00a0\u00a0\u00a0\u00a0\u00a0\u00a0 Palestra \u201cIntera\u00e7\u00e3o pat\u00f3geno-hospedeiro e candidatos vacinais\u201d, com a Dra. Ana L\u00facia Tabet do Nascimento, das 9h45 \u00e0s 10h30.<\/p>\n<p style=\"text-align: justify;\">\u2022\u00a0\u00a0\u00a0\u00a0\u00a0\u00a0\u00a0\u00a0\u00a0\u00a0\u00a0\u00a0 Palestra \u201cCi\u00eancia e gest\u00e3o p\u00fablica: uma parceria para o enfrentamento dos problemas socioambientais nas cidades\u201d, com o Dr. Ensenhower Pereira Campos, das 9h45 at\u00e9 \u00e0s 10h30.<\/p>\n<p style=\"text-align: justify;\">\u2022\u00a0\u00a0\u00a0\u00a0\u00a0\u00a0\u00a0\u00a0\u00a0\u00a0\u00a0\u00a0 Palestra \u201cDesafio da leptospirose no contexto da sa\u00fade \u00fanica\u201d, com a Dra. Carla Cristina Guimaraes de Moraes, das 10h30 at\u00e9 \u00e0s 11h15.<\/p>\n<p style=\"text-align: justify;\">\u2022\u00a0\u00a0\u00a0\u00a0\u00a0\u00a0\u00a0\u00a0\u00a0\u00a0\u00a0\u00a0 Intervalo para o almo\u00e7o.<\/p>\n<p style=\"text-align: justify;\">\u2022\u00a0\u00a0\u00a0\u00a0\u00a0\u00a0\u00a0\u00a0\u00a0\u00a0\u00a0\u00a0 Palestra \u201cTeste r\u00e1pido de Leptospirose\u201d, com Mitermayer Galv\u00e3o dos Reis, das 13h \u00e0s 13h45.<\/p>\n<p style=\"text-align: justify;\">\u2022\u00a0\u00a0\u00a0\u00a0\u00a0\u00a0\u00a0\u00a0\u00a0\u00a0\u00a0\u00a0 Palestra \u201cLegisla\u00e7\u00f5es do saneamento e \u00e1reas vulner\u00e1veis \u00e0 Leptospirose\u201d, com a Dra. Adriana Sotero Martins, das 13h45 at\u00e9 \u00e0s 14h30.<\/p>\n<p style=\"text-align: justify;\">\u2022\u00a0\u00a0\u00a0\u00a0\u00a0\u00a0\u00a0\u00a0\u00a0\u00a0\u00a0\u00a0 Palestra \u201cLeptospirose em animais silvestres\u201d, com a Dra. Katarine de Souza Rocha, das 14h30 at\u00e9 \u00e0s 15h15.<\/p>\n<p style=\"text-align: justify;\">\u2022\u00a0\u00a0\u00a0\u00a0\u00a0\u00a0\u00a0\u00a0\u00a0\u00a0\u00a0\u00a0 Palestra \u201cParasitose intestinal em escolares de \u00e1rea urbana e rural do Amazonas\u201d, com a Dra. S\u00f4nia de Oliveira.<\/p>\n<p style=\"text-align: justify;\">Dia 16<\/p>\n<p style=\"text-align: justify;\">\u2022\u00a0\u00a0\u00a0\u00a0\u00a0\u00a0\u00a0\u00a0\u00a0\u00a0\u00a0\u00a0 Palestra \u201cCaracteriza\u00e7\u00e3o de proteases secretadas por leptospiras; poss\u00edveis fatores de virul\u00eancia\u201d, com a Dra. \u00c2ngela Silva Barbosa, das 8h at\u00e9 \u00e0s 8h45.<\/p>\n<p style=\"text-align: justify;\">\u2022\u00a0\u00a0\u00a0\u00a0\u00a0\u00a0\u00a0\u00a0\u00a0\u00a0\u00a0\u00a0 Palestra \u201cLaborat\u00f3rio de Refer\u00eancia Nacional no contexto do diagn\u00f3stico da Leptospirose\u201d, com a Dra Ilana Teruszkin Balassiano, das 8h45 at\u00e9 9h30.<\/p>\n<p style=\"text-align: justify;\">\u2022\u00a0\u00a0\u00a0\u00a0\u00a0\u00a0\u00a0\u00a0\u00a0\u00a0\u00a0\u00a0 Palestra \u201cLeptospirose uma retrospectiva de 10 anos\u201d, com a Dra. Ormesinda Celeste, das 9h45 at\u00e9 \u00e0s 10h30.<\/p>\n<p style=\"text-align: justify;\">\u2022\u00a0\u00a0\u00a0\u00a0\u00a0\u00a0\u00a0\u00a0\u00a0\u00a0\u00a0\u00a0 Palestra \u201cAtualiza\u00e7\u00f5es sobre leptospirose em pequenos ruminantes e su\u00ednos em condi\u00e7\u00f5es semi\u00e1rida\u201d, com o Dr. Sergio Santos de Azevedo, das 10h30 at\u00e9 \u00e0s 11h15.<\/p>\n<p style=\"text-align: justify;\">\u2022\u00a0\u00a0\u00a0\u00a0\u00a0\u00a0\u00a0\u00a0\u00a0\u00a0\u00a0\u00a0 Intervalo para o almo\u00e7o.<\/p>\n<p style=\"text-align: justify;\">\u2022\u00a0\u00a0\u00a0\u00a0\u00a0\u00a0\u00a0\u00a0\u00a0\u00a0\u00a0\u00a0 Palestra \u201cA import\u00e2ncia do sequenciamento de genoma para a epidemiologia da leptospirose no contexto de sa\u00fade \u00fanica\u201d, com doutorando Lucas Nogueira Paz, das 13h \u00e0s 13h45.<\/p>\n<p style=\"text-align: justify;\">\u2022\u00a0\u00a0\u00a0\u00a0\u00a0\u00a0\u00a0\u00a0\u00a0\u00a0\u00a0\u00a0 Palestra \u201cPerfil epidemiol\u00f3gico e o impacto do gradiente social da infec\u00e7\u00e3o por Leptospirose em humanos no munic\u00edpio de Manaus, Amazonas\u201d, com a m\u00e9dica veterin\u00e1ria Fernanda Martins Corr\u00eaa, das, das 13h45 at\u00e9 \u00e0s 15h05.<\/p>\n<p style=\"text-align: justify;\">\u2022\u00a0\u00a0\u00a0\u00a0\u00a0\u00a0\u00a0\u00a0\u00a0\u00a0\u00a0\u00a0 Palestra \u201cFragilidades no saneamento b\u00e1sico e o impacto na sa\u00fade p\u00fablica em Manaus\u201d, com a mestra Cl\u00e1udia Nayara da Silva Alves, das 14h05 at\u00e9 \u00e0s 14h25.<\/p>\n<p style=\"text-align: justify;\">\u2022\u00a0\u00a0\u00a0\u00a0\u00a0\u00a0\u00a0\u00a0\u00a0\u00a0\u00a0\u00a0 Palestra \u201cEstudo Soroepidemiologico de Leptospirose em Profissionais de Limpeza Urbana do Munic\u00edpio de Manaus\u201d, com a mestranda J\u00e9ssica Daniella Brand\u00e3o, das 14h25 at\u00e9 \u00e0s 14h45.<\/p>\n<p style=\"text-align: justify;\">\u2022\u00a0\u00a0\u00a0\u00a0\u00a0\u00a0\u00a0\u00a0\u00a0\u00a0\u00a0\u00a0 Palestra \u201cSaneamento Ambiental Inadequado em \u00c1reas Ind\u00edgenas do Amazonas como Fator de Risco para Leptospirose\u201d, com Raquel Macedo dos Santos, das 14h45 at\u00e9 \u00e0s 15h05.<\/p>\n<p style=\"text-align: justify;\">\u2022\u00a0\u00a0\u00a0\u00a0\u00a0\u00a0\u00a0\u00a0\u00a0\u00a0\u00a0\u00a0 Palestra \u201cLeptospirose, o perigo desconhecido pelos profissionais respons\u00e1veis pela limpeza p\u00fablica no munic\u00edpio de Manaus\/AM\u201d, com Vit\u00f3ria Graziela Lopes Dutra, das 15h05 at\u00e9 \u00e0s 15h20.<\/p>\n<p style=\"text-align: justify;\">\u2022\u00a0\u00a0\u00a0\u00a0\u00a0\u00a0\u00a0\u00a0\u00a0\u00a0\u00a0\u00a0 Encerramento do I Congresso Nacional de Leptospirose na Amaz\u00f4nia \u2013 One Health das 15h20 at\u00e9 \u00e0s 16h.<\/p>\n<h6><strong><em>Fonte: Instituto de Consultoria em Ensino e Pesquisa do Amazonas<\/em><\/strong><\/h6>\n<h6><strong><em>Ilustra\u00e7\u00e3o: Marcus Reis<\/em><\/strong><\/h6>\n<\/div><\/section>\n","protected":false},"excerpt":{"rendered":"<p>Confira a programa\u00e7\u00e3o do evento.<\/p>\n","protected":false},"author":20,"featured_media":35751,"comment_status":"closed","ping_status":"closed","sticky":true,"template":"","format":"image","meta":{"footnotes":""},"categories":[15],"tags":[357,136,120,119,131,1088],"class_list":["post-35750","post","type-post","status-publish","format-image","has-post-thumbnail","hentry","category-noticias","tag-congresso","tag-fiocruz","tag-fiocruz-amazonia","tag-ilmd","tag-ilmdfiocruz-amazonia","tag-leptospirose","post_format-post-format-image"],"_links":{"self":[{"href":"https:\/\/amazonia.fiocruz.br\/index.php?rest_route=\/wp\/v2\/posts\/35750","targetHints":{"allow":["GET"]}}],"collection":[{"href":"https:\/\/amazonia.fiocruz.br\/index.php?rest_route=\/wp\/v2\/posts"}],"about":[{"href":"https:\/\/amazonia.fiocruz.br\/index.php?rest_route=\/wp\/v2\/types\/post"}],"author":[{"embeddable":true,"href":"https:\/\/amazonia.fiocruz.br\/index.php?rest_route=\/wp\/v2\/users\/20"}],"replies":[{"embeddable":true,"href":"https:\/\/amazonia.fiocruz.br\/index.php?rest_route=%2Fwp%2Fv2%2Fcomments&post=35750"}],"version-history":[{"count":3,"href":"https:\/\/amazonia.fiocruz.br\/index.php?rest_route=\/wp\/v2\/posts\/35750\/revisions"}],"predecessor-version":[{"id":35769,"href":"https:\/\/amazonia.fiocruz.br\/index.php?rest_route=\/wp\/v2\/posts\/35750\/revisions\/35769"}],"wp:featuredmedia":[{"embeddable":true,"href":"https:\/\/amazonia.fiocruz.br\/index.php?rest_route=\/wp\/v2\/media\/35751"}],"wp:attachment":[{"href":"https:\/\/amazonia.fiocruz.br\/index.php?rest_route=%2Fwp%2Fv2%2Fmedia&parent=35750"}],"wp:term":[{"taxonomy":"category","embeddable":true,"href":"https:\/\/amazonia.fiocruz.br\/index.php?rest_route=%2Fwp%2Fv2%2Fcategories&post=35750"},{"taxonomy":"post_tag","embeddable":true,"href":"https:\/\/amazonia.fiocruz.br\/index.php?rest_route=%2Fwp%2Fv2%2Ftags&post=35750"}],"curies":[{"name":"wp","href":"https:\/\/api.w.org\/{rel}","templated":true}]}}