{"id":35705,"date":"2021-11-27T12:59:45","date_gmt":"2021-11-27T16:59:45","guid":{"rendered":"https:\/\/amazonia.fiocruz.br\/?p=35705"},"modified":"2021-11-27T13:20:02","modified_gmt":"2021-11-27T17:20:02","slug":"encontro-de-pos-graduacao-vai-abordar-sindemias-desafios-e-oportunidades-da-saude-publica-contemporanea-no-brasil","status":"publish","type":"post","link":"https:\/\/amazonia.fiocruz.br\/?p=35705","title":{"rendered":"Encontro de p\u00f3s-gradua\u00e7\u00e3o vai abordar sindemias, desafios e oportunidades da sa\u00fade p\u00fablica contempor\u00e2nea no Brasil"},"content":{"rendered":"<section class=\"av_textblock_section \"  itemscope=\"itemscope\" itemtype=\"https:\/\/schema.org\/BlogPosting\" itemprop=\"blogPost\" ><div class='avia_textblock  '   itemprop=\"text\" ><p style=\"text-align: justify;\">Entre os dias 30 de novembro e 3 de dezembro, o Instituto Le\u00f4nidas &amp; Maria Deane (ILMD\/Fiocruz Amaz\u00f4nia), por meio da Vice-Diretoria de Ensino, Informa\u00e7\u00e3o e Comunica\u00e7\u00e3o, promover\u00e1 o III Encontro da P\u00f3s-gradua\u00e7\u00e3o do ILMD\/Fiocruz Amaz\u00f4nia e o I Encontro dos Programas de P\u00f3s-gradua\u00e7\u00e3o em Sa\u00fade Coletiva no Amazonas. Este ano, o tema central ser\u00e1 \u201cSindemias, desafios e oportunidades da sa\u00fade p\u00fablica contempor\u00e2nea no Brasil\u201d.<\/p>\n<p style=\"text-align: justify;\">Podem participar alunos de inicia\u00e7\u00e3o cient\u00edfica, de p\u00f3s-gradua\u00e7\u00e3o, profissionais da sa\u00fade e pesquisadores, vinculados ou n\u00e3o a Institui\u00e7\u00e3o. As inscri\u00e7\u00f5es s\u00e3o gratuitas e podem ser realizadas atrav\u00e9s do site do evento:&nbsp;<a href=\"https:\/\/bityli.com\/gGYDsY\" target=\"_blank\" rel=\"noreferrer noopener\">https:\/\/bityli.com\/gGYDsY<\/a>&nbsp;at\u00e9 o dia 3 de dezembro.<\/p>\n<p style=\"text-align: justify;\">Ser\u00e3o quatro dias de evento cient\u00edfico, contando com sess\u00f5es de palestras, rodas de conversas, pr\u00e1ticas integrativas, atividades culturais, exposi\u00e7\u00e3o fotogr\u00e1fica e submiss\u00e3o\/apresenta\u00e7\u00e3o de trabalhos cient\u00edficos. O evento ser\u00e1 totalmente virtual, pela plataforma do Youtube (<a href=\"https:\/\/www.youtube.com\/channel\/UCTdsPzpdsw0U5XybThBe80A\" target=\"_blank\" rel=\"noreferrer noopener\">Canal PPGBio Intera\u00e7\u00e3o &#8211; Fiocruz Amaz\u00f4nia<\/a>) e ir\u00e1 discutir agravos relevantes de sa\u00fade no pa\u00eds mediante a compreens\u00e3o de como fatores ambientais, sociais, econ\u00f4micos e biol\u00f3gicos promovem e potencializam os efeitos negativos da intera\u00e7\u00e3o entre doen\u00e7as nas diferentes popula\u00e7\u00f5es.<\/p>\n<p>Confira<a href=\"https:\/\/campusvirtual.fiocruz.br\/gestordecursos\/hotsite\/IIIencontro_posgrad_ilmd_fiocruz_amazonia\/programaaao\/5809\" target=\"_blank\" rel=\"noopener\"> AQUI<\/a> a programa\u00e7\u00e3o.<\/p>\n<p style=\"text-align: justify;\">Durante o encontro, ser\u00e3o abordadas tem\u00e1ticas como: sa\u00fade coletiva, ambiente e sustentabilidade; COVID-19; medicina tropical, sa\u00fade mental e a pesquisa cient\u00edfica na p\u00f3s-gradua\u00e7\u00e3o.<\/p>\n<p style=\"text-align: justify;\"><strong>CONCURSO DE FOTOGRAFIAS<\/strong><\/p>\n<p style=\"text-align: justify;\">Paralelamente \u00e0 apresenta\u00e7\u00e3o de trabalhos cient\u00edficos, a comiss\u00e3o organiza o concurso de fotografias. No total, 24 fotografias foram enquadradas nos crit\u00e9rios de sele\u00e7\u00e3o e disponibilizadas para vota\u00e7\u00e3o popular, nas seguintes categorias: Enfrentamento \u00e0 Pandemia de Covid-19; Determinantes Sociais e Cuidado em Sa\u00fade de Popula\u00e7\u00f5es Amaz\u00f4nicas; Fatores Biol\u00f3gicos e Eco-Epidemiologia de Doen\u00e7as na Amaz\u00f4nia; e Pat\u00f3genos e Seus Vetores.<\/p>\n<p style=\"text-align: justify;\">Vote nas melhores fotografias em: https:\/\/bit.ly\/3CLS9fM<\/p>\n<p style=\"text-align: justify;\">As fotografias mais votadas por categoria receber\u00e3o um certificado de destaque no encerramento do evento, que ocorre entre os dias 30 de novembro e 3 de dezembro, uma realiza\u00e7\u00e3o da Fiocruz Amaz\u00f4nia, por meio da Vice-Diretoria de Ensino, Informa\u00e7\u00e3o e Comunica\u00e7\u00e3o (VDEIC).<\/p>\n<p style=\"text-align: justify;\"><strong>SOBRE O ENCONTRO<\/strong><\/p>\n<p style=\"text-align: justify;\">Evento anual dos programas de P\u00f3s-gradua\u00e7\u00e3o do ILMD\/Fiocruz Amaz\u00f4nia, visa discutir avan\u00e7os cient\u00edficos em tem\u00e1ticas de relev\u00e2ncia para a pesquisa dos p\u00f3s-graduandos, em particular os do ILMD\/Fiocruz Amaz\u00f4nia, estimular a troca cient\u00edfica entre os alunos dos diferentes cursos e divulgar a pesquisa desenvolvida pelos discentes dos Programas. Esse ocorrer\u00e1 concomitantemente ao primeiro encontro dos Programas de P\u00f3s-Gradua\u00e7\u00e3o em Sa\u00fade Coletiva no Amazonas.<\/p>\n<p style=\"text-align: justify;\">Ser\u00e1 emitido certificado de participa\u00e7\u00e3o para aqueles que participarem de mais de 70% da carga hor\u00e1ria total do evento.<\/p>\n<p>Informa\u00e7\u00f5es sobre o evento no Campus Virtual da Fiocruz em:&nbsp; https:\/\/campusvirtual.fiocruz.br\/gestordecursos\/hotsite\/IIIencontro_posgrad_ilmd_fiocruz_amazonia<\/p>\n<p><strong>ACOMPANHE TAMB\u00c9M EM:<\/strong><\/p>\n<p><strong>P\u00c1GINA DO FACEBOOK:<\/strong> <a href=\"https:\/\/www.facebook.com\/III-Encontro-da-P%C3%B3s-gradua%C3%A7%C3%A3o-do-ILMDFiocruz-Amaz%C3%B4nia-101866008964434\">https:\/\/www.facebook.com\/III-Encontro-da-P%C3%B3s-gradua%C3%A7%C3%A3o-do-ILMDFiocruz-Amaz%C3%B4nia-101866008964434<\/a><\/p>\n<p><strong>LINKEDIN:<\/strong> <a href=\"https:\/\/www.linkedin.com\/company\/80387914\">https:\/\/www.linkedin.com\/company\/80387914<\/a><\/p>\n<p><strong>TWITTER:<\/strong> <a href=\"https:\/\/twitter.com\/encontroilmd\">https:\/\/twitter.com\/encontroilmd<\/a><\/p>\n<p><strong>INSTAGRAM:<\/strong> <a href=\"https:\/\/www.instagram.com\/p\/CVlRHd-LkZD\/?utm_medium=copy_link\">https:\/\/www.instagram.com\/p\/CVlRHd-LkZD\/?utm_medium=copy_link<\/a><\/p>\n<h6><strong><em>ILMD\/Fiocruz Amaz\u00f4nia, por Eduardo Gomes<\/em><\/strong><\/h6>\n<h6><strong><em>Imagens: UP Comunica\u00e7\u00e3o Inteligente<\/em><\/strong><\/h6>\n<\/div><\/section>\n","protected":false},"excerpt":{"rendered":"<p>Durante o encontro, ser\u00e3o abordadas tem\u00e1ticas como: sa\u00fade coletiva, ambiente e sustentabilidade; COVID-19; medicina tropical, sa\u00fade mental e a pesquisa cient\u00edfica na p\u00f3s-gradua\u00e7\u00e3o.<\/p>\n","protected":false},"author":20,"featured_media":35706,"comment_status":"closed","ping_status":"closed","sticky":true,"template":"","format":"image","meta":{"footnotes":""},"categories":[15],"tags":[816,412,136,120,1081,119,131],"class_list":["post-35705","post","type-post","status-publish","format-image","has-post-thumbnail","hentry","category-noticias","tag-encontro-de-pos-graduacao","tag-ensino","tag-fiocruz","tag-fiocruz-amazonia","tag-iii-encontro-da-pos-graduacao-do-ilmd-fiocruz-amazonia","tag-ilmd","tag-ilmdfiocruz-amazonia","post_format-post-format-image"],"_links":{"self":[{"href":"https:\/\/amazonia.fiocruz.br\/index.php?rest_route=\/wp\/v2\/posts\/35705","targetHints":{"allow":["GET"]}}],"collection":[{"href":"https:\/\/amazonia.fiocruz.br\/index.php?rest_route=\/wp\/v2\/posts"}],"about":[{"href":"https:\/\/amazonia.fiocruz.br\/index.php?rest_route=\/wp\/v2\/types\/post"}],"author":[{"embeddable":true,"href":"https:\/\/amazonia.fiocruz.br\/index.php?rest_route=\/wp\/v2\/users\/20"}],"replies":[{"embeddable":true,"href":"https:\/\/amazonia.fiocruz.br\/index.php?rest_route=%2Fwp%2Fv2%2Fcomments&post=35705"}],"version-history":[{"count":3,"href":"https:\/\/amazonia.fiocruz.br\/index.php?rest_route=\/wp\/v2\/posts\/35705\/revisions"}],"predecessor-version":[{"id":35711,"href":"https:\/\/amazonia.fiocruz.br\/index.php?rest_route=\/wp\/v2\/posts\/35705\/revisions\/35711"}],"wp:featuredmedia":[{"embeddable":true,"href":"https:\/\/amazonia.fiocruz.br\/index.php?rest_route=\/wp\/v2\/media\/35706"}],"wp:attachment":[{"href":"https:\/\/amazonia.fiocruz.br\/index.php?rest_route=%2Fwp%2Fv2%2Fmedia&parent=35705"}],"wp:term":[{"taxonomy":"category","embeddable":true,"href":"https:\/\/amazonia.fiocruz.br\/index.php?rest_route=%2Fwp%2Fv2%2Fcategories&post=35705"},{"taxonomy":"post_tag","embeddable":true,"href":"https:\/\/amazonia.fiocruz.br\/index.php?rest_route=%2Fwp%2Fv2%2Ftags&post=35705"}],"curies":[{"name":"wp","href":"https:\/\/api.w.org\/{rel}","templated":true}]}}