{"id":35654,"date":"2021-11-23T17:18:12","date_gmt":"2021-11-23T21:18:12","guid":{"rendered":"https:\/\/amazonia.fiocruz.br\/?p=35654"},"modified":"2021-11-23T17:18:13","modified_gmt":"2021-11-23T21:18:13","slug":"encontro-da-pos-graduacao-da-fiocruz-amazonia-abre-votacao-para-concurso-de-fotografias","status":"publish","type":"post","link":"https:\/\/amazonia.fiocruz.br\/?p=35654","title":{"rendered":"Encontro da P\u00f3s-gradua\u00e7\u00e3o da Fiocruz Amaz\u00f4nia abre vota\u00e7\u00e3o para concurso de fotografias"},"content":{"rendered":"<section class=\"av_textblock_section \"  itemscope=\"itemscope\" itemtype=\"https:\/\/schema.org\/BlogPosting\" itemprop=\"blogPost\" ><div class='avia_textblock  '   itemprop=\"text\" ><p style=\"text-align: justify;\">A comiss\u00e3o organizadora do III Encontro da P\u00f3s-gradua\u00e7\u00e3o do Instituto Le\u00f4nidas &amp; Maria Deane (ILMD\/Fiocruz Amaz\u00f4nia) e o I Encontro dos Programas de P\u00f3s-gradua\u00e7\u00e3o em Sa\u00fade Coletiva no Amazonas, divulgou os trabalhos selecionados para a fase final, do concurso de fotografias, que ocorre paralelamente \u00e0 apresenta\u00e7\u00e3o de trabalhos cient\u00edficos. O crit\u00e9rio utilizado para a sele\u00e7\u00e3o das fotografias foram: criatividade, originalidade, relev\u00e2ncia e conformidade com a categoria escolhida.<\/p>\n<p style=\"text-align: justify;\">Vote nas melhores fotografias em: <a href=\"https:\/\/bit.ly\/3CLS9fM\">https:\/\/bit.ly\/3CLS9fM<\/a><\/p>\n<p style=\"text-align: justify;\">No total, 24 fotografias foram enquadradas nos crit\u00e9rios de sele\u00e7\u00e3o e disponibilizadas para vota\u00e7\u00e3o popular, nas seguintes categorias: Enfrentamento \u00e0 Pandemia de Covid-19; Determinantes Sociais e Cuidado em Sa\u00fade de Popula\u00e7\u00f5es Amaz\u00f4nicas; Fatores Biol\u00f3gicos e Eco-Epidemiologia de Doen\u00e7as na Amaz\u00f4nia; e Pat\u00f3genos e Seus Vetores.<\/p>\n<p style=\"text-align: justify;\">As fotografias mais votadas por categoria receber\u00e3o um certificado de destaque no encerramento do evento, que ocorre entre os dias 30 de novembro e 3 de dezembro, uma realiza\u00e7\u00e3o da Fiocruz Amaz\u00f4nia, por meio da Vice-Diretoria de Ensino, Informa\u00e7\u00e3o e Comunica\u00e7\u00e3o (VDEIC).<\/p>\n<p>Informa\u00e7\u00f5es sobre o evento no Campus Virtual da Fiocruz em:\u00a0 https:\/\/campusvirtual.fiocruz.br\/gestordecursos\/hotsite\/IIIencontro_posgrad_ilmd_fiocruz_amazonia<\/p>\n<p>Acompanhe tamb\u00e9m em:<\/p>\n<p><strong>P\u00c1GINA DO FACEBOOK:<\/strong> <a href=\"https:\/\/www.facebook.com\/III-Encontro-da-P%C3%B3s-gradua%C3%A7%C3%A3o-do-ILMDFiocruz-Amaz%C3%B4nia-101866008964434\" target=\"_blank\" rel=\"noopener\">https:\/\/www.facebook.com\/III-Encontro-da-P%C3%B3s-gradua%C3%A7%C3%A3o-do-ILMDFiocruz-Amaz%C3%B4nia-101866008964434<\/a><\/p>\n<p><strong>LINKEDIN:<\/strong> <a href=\"https:\/\/www.linkedin.com\/company\/80387914\" target=\"_blank\" rel=\"noopener\">https:\/\/www.linkedin.com\/company\/80387914<\/a><\/p>\n<p><strong>TWITTER:<\/strong> <a href=\"https:\/\/twitter.com\/encontroilmd\" target=\"_blank\" rel=\"noopener\">https:\/\/twitter.com\/encontroilmd<\/a><\/p>\n<p><strong>INSTAGRAM:<\/strong> <a href=\"https:\/\/www.instagram.com\/p\/CVlRHd-LkZD\/?utm_medium=copy_link\" target=\"_blank\" rel=\"noopener\">https:\/\/www.instagram.com\/p\/CVlRHd-LkZD\/?utm_medium=copy_link<\/a><\/p>\n<h6><strong><em>ILMD\/Fiocruz Amaz\u00f4nia, por Eduardo Gomes<\/em><\/strong><\/h6>\n<h6><strong><em>Imagens: UP Comunica\u00e7\u00e3o Inteligente<\/em><\/strong><\/h6>\n<\/div><\/section>\n","protected":false},"excerpt":{"rendered":"<p>No total, 24 fotografias foram enquadradas nos crit\u00e9rios de sele\u00e7\u00e3o e disponibilizadas para vota\u00e7\u00e3o popular.<\/p>\n","protected":false},"author":20,"featured_media":35655,"comment_status":"closed","ping_status":"closed","sticky":true,"template":"","format":"image","meta":{"footnotes":""},"categories":[15],"tags":[1086,816,136,120,119,131],"class_list":["post-35654","post","type-post","status-publish","format-image","has-post-thumbnail","hentry","category-noticias","tag-concurso-de-fotografia","tag-encontro-de-pos-graduacao","tag-fiocruz","tag-fiocruz-amazonia","tag-ilmd","tag-ilmdfiocruz-amazonia","post_format-post-format-image"],"_links":{"self":[{"href":"https:\/\/amazonia.fiocruz.br\/index.php?rest_route=\/wp\/v2\/posts\/35654","targetHints":{"allow":["GET"]}}],"collection":[{"href":"https:\/\/amazonia.fiocruz.br\/index.php?rest_route=\/wp\/v2\/posts"}],"about":[{"href":"https:\/\/amazonia.fiocruz.br\/index.php?rest_route=\/wp\/v2\/types\/post"}],"author":[{"embeddable":true,"href":"https:\/\/amazonia.fiocruz.br\/index.php?rest_route=\/wp\/v2\/users\/20"}],"replies":[{"embeddable":true,"href":"https:\/\/amazonia.fiocruz.br\/index.php?rest_route=%2Fwp%2Fv2%2Fcomments&post=35654"}],"version-history":[{"count":1,"href":"https:\/\/amazonia.fiocruz.br\/index.php?rest_route=\/wp\/v2\/posts\/35654\/revisions"}],"predecessor-version":[{"id":35656,"href":"https:\/\/amazonia.fiocruz.br\/index.php?rest_route=\/wp\/v2\/posts\/35654\/revisions\/35656"}],"wp:featuredmedia":[{"embeddable":true,"href":"https:\/\/amazonia.fiocruz.br\/index.php?rest_route=\/wp\/v2\/media\/35655"}],"wp:attachment":[{"href":"https:\/\/amazonia.fiocruz.br\/index.php?rest_route=%2Fwp%2Fv2%2Fmedia&parent=35654"}],"wp:term":[{"taxonomy":"category","embeddable":true,"href":"https:\/\/amazonia.fiocruz.br\/index.php?rest_route=%2Fwp%2Fv2%2Fcategories&post=35654"},{"taxonomy":"post_tag","embeddable":true,"href":"https:\/\/amazonia.fiocruz.br\/index.php?rest_route=%2Fwp%2Fv2%2Ftags&post=35654"}],"curies":[{"name":"wp","href":"https:\/\/api.w.org\/{rel}","templated":true}]}}