{"id":35647,"date":"2021-11-22T17:10:46","date_gmt":"2021-11-22T21:10:46","guid":{"rendered":"https:\/\/amazonia.fiocruz.br\/?p=35647"},"modified":"2021-11-22T17:12:25","modified_gmt":"2021-11-22T21:12:25","slug":"divulgado-resultado-da-selecao-bolsistas-de-apoio-tecnico-para-projeto-manaos","status":"publish","type":"post","link":"https:\/\/amazonia.fiocruz.br\/?p=35647","title":{"rendered":"Divulgado resultado da sele\u00e7\u00e3o bolsistas de apoio t\u00e9cnico para Projeto Mana\u00f3s"},"content":{"rendered":"<section class=\"av_textblock_section \"  itemscope=\"itemscope\" itemtype=\"https:\/\/schema.org\/BlogPosting\" itemprop=\"blogPost\" ><div class='avia_textblock  '   itemprop=\"text\" ><p style=\"text-align: justify;\">O Projeto Mana\u00f3s, vinculado ao Laborat\u00f3rio de Hist\u00f3ria, Pol\u00edticas P\u00fablicas e Sa\u00fade na Amaz\u00f4nia (Lahpsa\/Fiocruz Amaz\u00f4nia) por interm\u00e9dio da sua Coordena\u00e7\u00e3o, divulga lista dos aprovados, no processo seletivo de jovens mobilizadores ind\u00edgenas a atuar como pesquisador no projeto intitulado: Projeto Mana\u00f3s: Sa\u00fade das popula\u00e7\u00f5es ind\u00edgenas em contexto urbano e os desafios da Aten\u00e7\u00e3o Prim\u00e1ria em Manaus, coordenado pelo Instituto Le\u00f4nidas &#038; Maria Deane (ILMD\/Fiocruz Amaz\u00f4nia).<\/p>\n<p style=\"text-align: justify;\">Acesse <a href=\"https:\/\/amazonia.fiocruz.br\/wp-content\/uploads\/2021\/11\/Lista-de-Aprovados_1.pdf\" target=\"_blank\" rel=\"noopener\">AQUI<\/a> o resultado.<\/p>\n<p style=\"text-align: justify;\">Segundo o coordenador do projeto, Rodrigo Tobias, \u201cfaz parte do processo a forma\u00e7\u00e3o no Curso de Atualiza\u00e7\u00e3o: Abordagem na Aten\u00e7\u00e3o Prim\u00e1ria com Olhar \u00e0s Popula\u00e7\u00f5es Ind\u00edgenas Residentes em \u00c1rea Urbana\u201d, que ser\u00e1 realizado na Escola de Enfermagem da Universidade Federal do Amazonas (UFAM) de 29\/11 a 4\/12, das 8h \u00e0s 12h.<\/p>\n<p style=\"text-align: justify;\">Somente receber\u00e1 certifica\u00e7\u00e3o aquele(a)s que participarem 75% das aulas.<\/p>\n<h6 style=\"text-align: justify;\"><strong><em>ILMD\/Fiocruz Amaz\u00f4nia, por Eduardo Gomes<\/em><\/strong><\/h6>\n<h6 style=\"text-align: justify;\"><strong><em>Imagem: Mackesy Nascimento<\/em><\/strong><\/h6>\n<\/div><\/section>\n","protected":false},"excerpt":{"rendered":"<p>Forma\u00e7\u00e3o no Curso de Atualiza\u00e7\u00e3o ocorre de 29\/11 a 4\/12.<\/p>\n","protected":false},"author":20,"featured_media":35494,"comment_status":"closed","ping_status":"closed","sticky":true,"template":"","format":"image","meta":{"footnotes":""},"categories":[15],"tags":[136,120,119,131,427,1061,230,294],"class_list":["post-35647","post","type-post","status-publish","format-image","has-post-thumbnail","hentry","category-noticias","tag-fiocruz","tag-fiocruz-amazonia","tag-ilmd","tag-ilmdfiocruz-amazonia","tag-processo-seletivo","tag-projeto-manaos","tag-resultado","tag-selecao","post_format-post-format-image"],"_links":{"self":[{"href":"https:\/\/amazonia.fiocruz.br\/index.php?rest_route=\/wp\/v2\/posts\/35647","targetHints":{"allow":["GET"]}}],"collection":[{"href":"https:\/\/amazonia.fiocruz.br\/index.php?rest_route=\/wp\/v2\/posts"}],"about":[{"href":"https:\/\/amazonia.fiocruz.br\/index.php?rest_route=\/wp\/v2\/types\/post"}],"author":[{"embeddable":true,"href":"https:\/\/amazonia.fiocruz.br\/index.php?rest_route=\/wp\/v2\/users\/20"}],"replies":[{"embeddable":true,"href":"https:\/\/amazonia.fiocruz.br\/index.php?rest_route=%2Fwp%2Fv2%2Fcomments&post=35647"}],"version-history":[{"count":3,"href":"https:\/\/amazonia.fiocruz.br\/index.php?rest_route=\/wp\/v2\/posts\/35647\/revisions"}],"predecessor-version":[{"id":35652,"href":"https:\/\/amazonia.fiocruz.br\/index.php?rest_route=\/wp\/v2\/posts\/35647\/revisions\/35652"}],"wp:featuredmedia":[{"embeddable":true,"href":"https:\/\/amazonia.fiocruz.br\/index.php?rest_route=\/wp\/v2\/media\/35494"}],"wp:attachment":[{"href":"https:\/\/amazonia.fiocruz.br\/index.php?rest_route=%2Fwp%2Fv2%2Fmedia&parent=35647"}],"wp:term":[{"taxonomy":"category","embeddable":true,"href":"https:\/\/amazonia.fiocruz.br\/index.php?rest_route=%2Fwp%2Fv2%2Fcategories&post=35647"},{"taxonomy":"post_tag","embeddable":true,"href":"https:\/\/amazonia.fiocruz.br\/index.php?rest_route=%2Fwp%2Fv2%2Ftags&post=35647"}],"curies":[{"name":"wp","href":"https:\/\/api.w.org\/{rel}","templated":true}]}}