{"id":35629,"date":"2021-11-19T14:31:19","date_gmt":"2021-11-19T18:31:19","guid":{"rendered":"https:\/\/amazonia.fiocruz.br\/?p=35629"},"modified":"2021-11-19T14:31:20","modified_gmt":"2021-11-19T18:31:20","slug":"projeto-da-fiocruz-amazonia-lanca-website-medidas-de-saude-publica-contra-a-covid-19","status":"publish","type":"post","link":"https:\/\/amazonia.fiocruz.br\/?p=35629","title":{"rendered":"Projeto da Fiocruz Amaz\u00f4nia lan\u00e7a website Medidas de Sa\u00fade P\u00fablica contra a Covid-19"},"content":{"rendered":"<section class=\"av_textblock_section \"  itemscope=\"itemscope\" itemtype=\"https:\/\/schema.org\/BlogPosting\" itemprop=\"blogPost\" ><div class='avia_textblock  '   itemprop=\"text\" ><p style=\"text-align: justify;\">O <strong>Projeto Mana\u00f3s<\/strong>: <em>Sa\u00fade da Popula\u00e7\u00e3o Ind\u00edgena no Contexto Urbano<\/em>, uma iniciativa coordenada pelo Laborat\u00f3rio de Hist\u00f3ria, Pol\u00edticas P\u00fablicas e Sa\u00fade na Amaz\u00f4nia (LAHPSA), do Instituto Le\u00f4nidas e Maria Deane (ILMD\/ Fiocruz Amaz\u00f4nia) realiza neste s\u00e1bado, 20, \u00e0s 9h, na \u00e1rea de conviv\u00eancia da comunidade do Parque das Tribos, o lan\u00e7amento do website <em>Medidas de Sa\u00fade P\u00fablica contra a Covid-19<\/em>, um espa\u00e7o in\u00e9dito, criado no site oficial do projeto (<a href=\"http:\/\/www.projetomanaos.com.br\" target=\"_blank\" rel=\"noopener\">www.projetomanaos.com.br<\/a>), voltado para o di\u00e1logo aberto e direito com popula\u00e7\u00f5es vulner\u00e1veis sobre medidas de preven\u00e7\u00e3o e combate ao novo coronav\u00edrus.<\/p>\n<p style=\"text-align: justify;\">A p\u00e1gina foi produzida com base no conte\u00fado na Guia de \u201c<a href=\"https:\/\/iris.paho.org\/bitstream\/handle\/10665.2\/53194\/OPASIMSFPLCOVID-19200021_por.pdf?sequence=1&amp;isAllowed=y\" target=\"_blank\" rel=\"noopener\">Orienta\u00e7\u00f5es para a aplica\u00e7\u00e3o de medidas de sa\u00fade p\u00fablica n\u00e3o farmacol\u00f3gicas a grupos populacionais em situa\u00e7\u00e3o de vulnerabilidade no contexto da Covid-19<\/a>\u201d, um material (textual) desenvolvido em 2020 pela Organiza\u00e7\u00e3o Pan-Americana da Sa\u00fade (OPS\/OMS).<\/p>\n<p style=\"text-align: justify;\">De acordo com a Guia, dispon\u00edvel gratuitamente em portugu\u00eas, espanhol, ingl\u00eas e franc\u00eas, a pandemia demonstrou que a vulnerabilidade est\u00e1 associada tanto a caracter\u00edsticas individuais e biol\u00f3gicas, quanto ao contexto social, econ\u00f4mico e pol\u00edtico dos grupos. Portanto, a efic\u00e1cia das medidas depende da supera\u00e7\u00e3o de diversos obst\u00e1culos e da capacidade de diminuir efeitos indesejados no processo de aplica\u00e7\u00e3o da maioria delas.<\/p>\n<p style=\"text-align: justify;\">Por meio de v\u00eddeos, ilustra\u00e7\u00f5es, figuras, foi poss\u00edvel consolidar um conjunto de recomenda\u00e7\u00f5es (acess\u00edveis) que tratam de: quarentena; isolamento; fechamento de locais e neg\u00f3cios n\u00e3o essenciais; transporte p\u00fablico; fechamento de escolas; asilos, pres\u00eddios e outros centros de longa perman\u00eancia; lavagem das m\u00e3os; eventos em massa (aglomera\u00e7\u00f5es); condi\u00e7\u00f5es de moradia; e trabalhadores essenciais.<\/p>\n<p style=\"text-align: justify;\">Acesse: <a href=\"https:\/\/www.projetomanaos.com.br\/medidas-saude-publica-covid19\/\">https:\/\/www.projetomanaos.com.br\/medidas-saude-publica-covid19\/<\/a><\/p>\n<p style=\"text-align: justify;\">O projeto conta como p\u00fablico focal os moradores da comunidade do Parque das Tribos (ind\u00edgenas e n\u00e3o ind\u00edgenas) e visa esclarecer as pessoas sobre quest\u00f5es ligadas \u00e0 pandemia, gerando, consequentemente, uma conviv\u00eancia mais segura destas com o v\u00edrus. Comunidades vivendo situa\u00e7\u00f5es semelhantes a dos moradores do Parque das Tribos tamb\u00e9m se beneficiar\u00e3o.<\/p>\n<p style=\"text-align: justify;\">Finalmente, a p\u00e1gina cumpre um compromisso de oferecer informa\u00e7\u00f5es qualificadas e referenciadas capazes de orientar l\u00edderes e gestores p\u00fablicos na tomada de decis\u00e3o sobre temas ligados a grupos vulner\u00e1veis, bem como subsidiar a cria\u00e7\u00e3o de pol\u00edticas p\u00fablicas que efetivamente tenham poder de transforma\u00e7\u00e3o social.<\/p>\n<p style=\"text-align: justify;\"><strong>EVENTO<\/strong><\/p>\n<p style=\"text-align: justify;\"><strong>Hor\u00e1rio<\/strong>: 09 horas.<\/p>\n<p style=\"text-align: justify;\"><strong>Local<\/strong>: \u00e1rea de conviv\u00eancia \u201cO Maloc\u00e3o\u201d, localizada na comunidade do Parque das Tribos (bairro Tarum\u00e3-A\u00e7u).<\/p>\n<h6><strong><em>Por Grace Soares<\/em><\/strong><\/h6>\n<h6><strong><em>Imagem: divulga\u00e7\u00e3o<\/em><\/strong><\/h6>\n<\/div><\/section>\n","protected":false},"excerpt":{"rendered":"<p>A p\u00e1gina foi produzida com base no conte\u00fado na Guia de \u201cOrienta\u00e7\u00f5es para a aplica\u00e7\u00e3o de medidas de sa\u00fade p\u00fablica n\u00e3o farmacol\u00f3gicas a grupos populacionais em situa\u00e7\u00e3o de vulnerabilidade no contexto da Covid-19\u201d.<\/p>\n","protected":false},"author":26,"featured_media":35630,"comment_status":"closed","ping_status":"closed","sticky":true,"template":"","format":"image","meta":{"footnotes":""},"categories":[15],"tags":[120,119,203,624],"class_list":["post-35629","post","type-post","status-publish","format-image","has-post-thumbnail","hentry","category-noticias","tag-fiocruz-amazonia","tag-ilmd","tag-lahpsa","tag-projeto","post_format-post-format-image"],"_links":{"self":[{"href":"https:\/\/amazonia.fiocruz.br\/index.php?rest_route=\/wp\/v2\/posts\/35629","targetHints":{"allow":["GET"]}}],"collection":[{"href":"https:\/\/amazonia.fiocruz.br\/index.php?rest_route=\/wp\/v2\/posts"}],"about":[{"href":"https:\/\/amazonia.fiocruz.br\/index.php?rest_route=\/wp\/v2\/types\/post"}],"author":[{"embeddable":true,"href":"https:\/\/amazonia.fiocruz.br\/index.php?rest_route=\/wp\/v2\/users\/26"}],"replies":[{"embeddable":true,"href":"https:\/\/amazonia.fiocruz.br\/index.php?rest_route=%2Fwp%2Fv2%2Fcomments&post=35629"}],"version-history":[{"count":1,"href":"https:\/\/amazonia.fiocruz.br\/index.php?rest_route=\/wp\/v2\/posts\/35629\/revisions"}],"predecessor-version":[{"id":35631,"href":"https:\/\/amazonia.fiocruz.br\/index.php?rest_route=\/wp\/v2\/posts\/35629\/revisions\/35631"}],"wp:featuredmedia":[{"embeddable":true,"href":"https:\/\/amazonia.fiocruz.br\/index.php?rest_route=\/wp\/v2\/media\/35630"}],"wp:attachment":[{"href":"https:\/\/amazonia.fiocruz.br\/index.php?rest_route=%2Fwp%2Fv2%2Fmedia&parent=35629"}],"wp:term":[{"taxonomy":"category","embeddable":true,"href":"https:\/\/amazonia.fiocruz.br\/index.php?rest_route=%2Fwp%2Fv2%2Fcategories&post=35629"},{"taxonomy":"post_tag","embeddable":true,"href":"https:\/\/amazonia.fiocruz.br\/index.php?rest_route=%2Fwp%2Fv2%2Ftags&post=35629"}],"curies":[{"name":"wp","href":"https:\/\/api.w.org\/{rel}","templated":true}]}}