{"id":35586,"date":"2021-11-17T13:34:10","date_gmt":"2021-11-17T17:34:10","guid":{"rendered":"https:\/\/amazonia.fiocruz.br\/?p=35586"},"modified":"2021-11-17T13:52:22","modified_gmt":"2021-11-17T17:52:22","slug":"assembleia-legislativa-do-amazonas-homenageia-marcus-barros-primeiro-diretor-da-fiocruz-amazonia","status":"publish","type":"post","link":"https:\/\/amazonia.fiocruz.br\/?p=35586","title":{"rendered":"Assembleia Legislativa do Amazonas homenageia Marcus Barros, primeiro diretor da Fiocruz Amaz\u00f4nia"},"content":{"rendered":"<section class=\"av_textblock_section \"  itemscope=\"itemscope\" itemtype=\"https:\/\/schema.org\/BlogPosting\" itemprop=\"blogPost\" ><div class='avia_textblock  '   itemprop=\"text\" ><p style=\"text-align: justify;\">Com propositura do deputado estadual Serafim Correa, a Assembleia Legislativa do Estado do Amazonas (ALE-AM) concedeu ontem, 16\/11, ao m\u00e9dico, pesquisador e professor Marcus Barros, a Medalha Ruy Ara\u00fajo. A sess\u00e3o especial reuniu de forma h\u00edbrida autoridades, amigos e familiares do homenageado no Plen\u00e1rio Ruy Ara\u00fajo, sede da ALE-AM, bairro Flores.<\/p>\n<p style=\"text-align: justify;\">Marcus Barros foi o primeiro diretor do Escrit\u00f3rio T\u00e9cnico Regional da Funda\u00e7\u00e3o Oswaldo Cruz na Amaz\u00f4nia, o Centro de Pesquisa Le\u00f4nidas e Maria Deane, Fiocruz Amaz\u00f4nia, instalado em Manaus (AM).<\/p>\n<p style=\"text-align: justify;\">A presidente da Fiocruz, N\u00edsia Trindade Lima, participou do evento de forma virtual, agradeceu o convite recebido do deputado Serafim Correa, e encaminhou mensagem, que foi lida pelo presidente da mesa.<\/p>\n<p style=\"text-align: justify;\">\u201cFoi com grande honra que recebi o convite para a sess\u00e3o especial de entrega da Medalha Ruy Araujo ao professor Marcus Barros, que foi pioneiro na implanta\u00e7\u00e3o da Fiocruz Amaz\u00f4nia e primeiro diretor do nosso Instituto Le\u00f4nidas e Maria Deane. A Fiocruz tem como uma das suas agendas mais estrat\u00e9gicas a atua\u00e7\u00e3o na Amaz\u00f4nia e agradecemos ao professor Marcus Barros por sua contribui\u00e7\u00e3o n\u00e3o somente \u00e0 Fiocruz, mas \u00e0 sa\u00fade p\u00fablica na qual sempre atuou com pleno entendimento da import\u00e2ncia da biodiversidade e dos determinantes sociais e ambientais da sa\u00fade\u201d, disse N\u00edsia Lima.<\/p>\n<div id=\"attachment_35595\" style=\"width: 292px\" class=\"wp-caption alignleft\"><img decoding=\"async\" aria-describedby=\"caption-attachment-35595\" class=\" wp-image-35595\" src=\"https:\/\/amazonia.fiocruz.br\/wp-content\/uploads\/2021\/11\/17NOV-HOMENAGEM-DE-ENTREGA-DE-MEDALHA-AO-DR.-MARCUS-BARROS_-72-495x400.jpg\" alt=\"\" width=\"282\" height=\"228\" srcset=\"https:\/\/amazonia.fiocruz.br\/wp-content\/uploads\/2021\/11\/17NOV-HOMENAGEM-DE-ENTREGA-DE-MEDALHA-AO-DR.-MARCUS-BARROS_-72-495x400.jpg 495w, https:\/\/amazonia.fiocruz.br\/wp-content\/uploads\/2021\/11\/17NOV-HOMENAGEM-DE-ENTREGA-DE-MEDALHA-AO-DR.-MARCUS-BARROS_-72-845x684.jpg 845w\" sizes=\"(max-width: 282px) 100vw, 282px\" \/><p id=\"caption-attachment-35595\" class=\"wp-caption-text\">Adele Schwartz Benzaken, diretora da Fiocruz Amaz\u00f4nia.<\/p><\/div>\n<p style=\"text-align: justify;\">Ao cumprimentar a mesa Marcus lembrou que dentre os integrantes, dois haviam sido seus alunos do curso de Medicina da Universidade Federal do Amazonas (Ufam), e que estava contente por sua aluna da primeira turma, a m\u00e9dica Adele Schwartz Benzaken, ser hoje diretora da Fiocruz Amaz\u00f4nia.<\/p>\n<p style=\"text-align: justify;\">\u201cFui aluna da primeira turma que o Marcus Barros lecionou na Ufam. Seus ensinamentos \u00e9ticos, de respeito ao paciente e a luta por servi\u00e7os que atendam \u00e0s demandas da popula\u00e7\u00e3o nortearam toda minha vida profissional\u201d, agradeceu Adele Benzaken pela defer\u00eancia.<\/p>\n<p style=\"text-align: justify;\">O deputado Serafim Corr\u00eaa ressaltou os aspectos colaborativo e humanit\u00e1rio do m\u00e9dico e pesquisador que sempre foi comprometido e estudioso.<\/p>\n<p style=\"text-align: justify;\">\u201cEle \u00e9 especialista em mol\u00e9stias tropicais. Esta homenagem coroa o reconhecimento do Amazonas a um filho ilustre que nasceu l\u00e1 em Eirunep\u00e9 e de l\u00e1 veio para Manaus e aqui estudou e aqui fez tudo de bom. Homem dedicado a servir o pr\u00f3ximo e orgulho de todos n\u00f3s\u201d, falou Serafim Correa.<\/p>\n<p style=\"text-align: justify;\">Representando o governador do Amazonas, Wilson Lima, a diretora-presidente da Funda\u00e7\u00e3o de Amparo \u00e0 Pesquisa do Estado do Amazonas (Fapeam), M\u00e1rcia Perales\u00a0 Mendes Silva destacou a brilhante trajet\u00f3ria\u00a0 do homenageado que se destaca na sa\u00fade como m\u00e9dico comprometido, pesquisador da Funda\u00e7\u00e3o de Medicina Tropical Heitor Vieira Dourado (FMT-HVD),\u00a0 al\u00e9m da Ufam, institui\u00e7\u00e3o da qual tamb\u00e9m foi reitor.<\/p>\n<p style=\"text-align: justify;\">\u201cUm olhar atento \u00e0 sua admir\u00e1vel trajet\u00f3ria permite-nos identificar que por onde Marcus Barros passa, finca-se o esp\u00edrito da constru\u00e7\u00e3o, da ousadia, da compet\u00eancia, da solidariedade e da supera\u00e7\u00e3o\u201d, disse M\u00e1rcia Perales.<\/p>\n<p style=\"text-align: justify;\">Marcus Barros salientou a alegria em receber a Medalha Ruy Ara\u00fajo, e agradeceu a propositura do deputado Serafim Correa, bem como aprova\u00e7\u00e3o do seu nome, por unanimidade dos deputados, para receber t\u00e3o alta\u00a0 honraria pelos servi\u00e7os prestados ao Amazonas.<\/p>\n<div id=\"attachment_35587\" style=\"width: 310px\" class=\"wp-caption alignleft\"><img decoding=\"async\" aria-describedby=\"caption-attachment-35587\" class=\"wp-image-35587 size-medium\" src=\"https:\/\/amazonia.fiocruz.br\/wp-content\/uploads\/2021\/11\/17NOV-HOMENAGEM-DE-ENTREGA-DE-MEDALHA-AO-DR.-MARCUS-BARROS_-33-300x269.jpg\" alt=\"\" width=\"300\" height=\"269\" srcset=\"https:\/\/amazonia.fiocruz.br\/wp-content\/uploads\/2021\/11\/17NOV-HOMENAGEM-DE-ENTREGA-DE-MEDALHA-AO-DR.-MARCUS-BARROS_-33-300x269.jpg 300w, https:\/\/amazonia.fiocruz.br\/wp-content\/uploads\/2021\/11\/17NOV-HOMENAGEM-DE-ENTREGA-DE-MEDALHA-AO-DR.-MARCUS-BARROS_-33-1030x922.jpg 1030w, https:\/\/amazonia.fiocruz.br\/wp-content\/uploads\/2021\/11\/17NOV-HOMENAGEM-DE-ENTREGA-DE-MEDALHA-AO-DR.-MARCUS-BARROS_-33-768x688.jpg 768w, https:\/\/amazonia.fiocruz.br\/wp-content\/uploads\/2021\/11\/17NOV-HOMENAGEM-DE-ENTREGA-DE-MEDALHA-AO-DR.-MARCUS-BARROS_-33-1536x1375.jpg 1536w, https:\/\/amazonia.fiocruz.br\/wp-content\/uploads\/2021\/11\/17NOV-HOMENAGEM-DE-ENTREGA-DE-MEDALHA-AO-DR.-MARCUS-BARROS_-33-2048x1834.jpg 2048w, https:\/\/amazonia.fiocruz.br\/wp-content\/uploads\/2021\/11\/17NOV-HOMENAGEM-DE-ENTREGA-DE-MEDALHA-AO-DR.-MARCUS-BARROS_-33-1500x1343.jpg 1500w, https:\/\/amazonia.fiocruz.br\/wp-content\/uploads\/2021\/11\/17NOV-HOMENAGEM-DE-ENTREGA-DE-MEDALHA-AO-DR.-MARCUS-BARROS_-33-705x631.jpg 705w\" sizes=\"(max-width: 300px) 100vw, 300px\" \/><p id=\"caption-attachment-35587\" class=\"wp-caption-text\">Marcus Barros foi o primeiro diretor da Fiocruz Amaz\u00f4nia<\/p><\/div>\n<p style=\"text-align: justify;\">\u201cA Medalha homenageia a quem se destaca pelo servi\u00e7o prestado ao Amazonas nos v\u00e1rios segmentos. Assim, procurei contribuir nas \u00e1reas de sa\u00fade, educa\u00e7\u00e3o e meio ambiente. Hoje, estou ciente de que tudo valeu a pena\u201d, disse o m\u00e9dico, ao relembrar sua hist\u00f3ria, viv\u00eancias em fam\u00edlia, bem como o in\u00edcio de suas atividades como m\u00e9dico e gestor no interior do Amazonas.<\/p>\n<p style=\"text-align: justify;\"><strong>BIOGRAFIA DO HOMENAGEADO<\/strong><\/p>\n<p style=\"text-align: justify;\">Marcus Barros \u00e9 m\u00e9dico e pesquisador do Instituto de Medicina Tropical do Amazonas, em conv\u00eanio com a Universidade do Amazonas, desde 1975. Professor Adjunto IV do Departamento de Sa\u00fade Coletiva da Faculdade de Ci\u00eancias da Sa\u00fade da Universidade do Amazonas, desde 1975(aposentado). Fundador e primeiro Diretor do Hospital Universit\u00e1rio Get\u00falio Vargas \u2013 da Universidade do Amazonas \u2013 1981\/83.<\/p>\n<div id=\"attachment_35590\" style=\"width: 331px\" class=\"wp-caption alignright\"><img decoding=\"async\" aria-describedby=\"caption-attachment-35590\" class=\"wp-image-35590 \" src=\"https:\/\/amazonia.fiocruz.br\/wp-content\/uploads\/2021\/11\/Dr.-Marcus-Barros-foto_tratada-495x400.jpg\" alt=\"\" width=\"321\" height=\"259\" srcset=\"https:\/\/amazonia.fiocruz.br\/wp-content\/uploads\/2021\/11\/Dr.-Marcus-Barros-foto_tratada-495x400.jpg 495w, https:\/\/amazonia.fiocruz.br\/wp-content\/uploads\/2021\/11\/Dr.-Marcus-Barros-foto_tratada-300x243.jpg 300w, https:\/\/amazonia.fiocruz.br\/wp-content\/uploads\/2021\/11\/Dr.-Marcus-Barros-foto_tratada-768x622.jpg 768w, https:\/\/amazonia.fiocruz.br\/wp-content\/uploads\/2021\/11\/Dr.-Marcus-Barros-foto_tratada-705x571.jpg 705w, https:\/\/amazonia.fiocruz.br\/wp-content\/uploads\/2021\/11\/Dr.-Marcus-Barros-foto_tratada.jpg 845w\" sizes=\"(max-width: 321px) 100vw, 321px\" \/><p id=\"caption-attachment-35590\" class=\"wp-caption-text\">Inaugura\u00e7\u00e3o do Instituto Le\u00f4nidas e Maria Deane, que funcionou inicialmente no complexo da FMT<\/p><\/div>\n<p style=\"text-align: justify;\">Foi reitor da Universidade do Amazonas. 1989\/1993. Fundador e primeiro gerente do Escrit\u00f3rio T\u00e9cnico Regional da Funda\u00e7\u00e3o Oswaldo Cruz na Amaz\u00f4nia, com sede em Manaus, objetivando a cria\u00e7\u00e3o do Centro de Pesquisa Le\u00f4nidas e Maria Deane, 1995\/98. Diretor do Instituto Nacional de Pesquisas da Amaz\u00f4nia (Inpa), nomeado pelo Decreto de 25.02.2002.<\/p>\n<p style=\"text-align: justify;\">Foi presidente do Instituto Brasileiro do Meio Ambiente e dos Recursos Naturais Renov\u00e1veis (Ibama), de janeiro de 2003 a maio de 2007. Foi\u00a0 secret\u00e1rio Municipal de Governo, coordenador do Conv\u00eanio Funai\/Sa\u00fade\/Prelazia do Alto Solim\u00f5es para Na\u00e7\u00e3o Tikuna. S\u00e3o Paulo de Oliven\u00e7a entre 975 e 1976.\u00a0 Diretor Cl\u00ednico do Hospital Col\u00f4nia Ant\u00f4nio Aleixo (Hansen\u00edase), em 1976. Presidente da Associa\u00e7\u00e3o de Docentes da Universidade do Amazonas \u2013 Manaus \u2013 1984 a 1986.<\/p>\n<h6 style=\"text-align: justify;\"><strong><em>ILMD\/Fiocruz Amaz\u00f4nia, por Marl\u00facia Seixas<\/em><\/strong><\/h6>\n<h6 style=\"text-align: justify;\"><strong><em>Fotos: Fapeam\/\u00c9rico Xavier e arquivo Fiocruz Amaz\u00f4nia<\/em><\/strong><\/h6>\n<\/div><\/section>\n","protected":false},"excerpt":{"rendered":"<p>Com propositura do deputado estadual Serafim Correa, a ALE-AM concedeu ontem, 16\/11, ao m\u00e9dico, pesquisador e professor Marcus Barros, a Medalha Ruy Ara\u00fajo.<\/p>\n","protected":false},"author":26,"featured_media":35589,"comment_status":"closed","ping_status":"closed","sticky":true,"template":"","format":"image","meta":{"footnotes":""},"categories":[15],"tags":[254,136,120,119,399,1085],"class_list":["post-35586","post","type-post","status-publish","format-image","has-post-thumbnail","hentry","category-noticias","tag-aleam","tag-fiocruz","tag-fiocruz-amazonia","tag-ilmd","tag-marcus-barros","tag-medalha-ruy-araujo","post_format-post-format-image"],"_links":{"self":[{"href":"https:\/\/amazonia.fiocruz.br\/index.php?rest_route=\/wp\/v2\/posts\/35586","targetHints":{"allow":["GET"]}}],"collection":[{"href":"https:\/\/amazonia.fiocruz.br\/index.php?rest_route=\/wp\/v2\/posts"}],"about":[{"href":"https:\/\/amazonia.fiocruz.br\/index.php?rest_route=\/wp\/v2\/types\/post"}],"author":[{"embeddable":true,"href":"https:\/\/amazonia.fiocruz.br\/index.php?rest_route=\/wp\/v2\/users\/26"}],"replies":[{"embeddable":true,"href":"https:\/\/amazonia.fiocruz.br\/index.php?rest_route=%2Fwp%2Fv2%2Fcomments&post=35586"}],"version-history":[{"count":5,"href":"https:\/\/amazonia.fiocruz.br\/index.php?rest_route=\/wp\/v2\/posts\/35586\/revisions"}],"predecessor-version":[{"id":35601,"href":"https:\/\/amazonia.fiocruz.br\/index.php?rest_route=\/wp\/v2\/posts\/35586\/revisions\/35601"}],"wp:featuredmedia":[{"embeddable":true,"href":"https:\/\/amazonia.fiocruz.br\/index.php?rest_route=\/wp\/v2\/media\/35589"}],"wp:attachment":[{"href":"https:\/\/amazonia.fiocruz.br\/index.php?rest_route=%2Fwp%2Fv2%2Fmedia&parent=35586"}],"wp:term":[{"taxonomy":"category","embeddable":true,"href":"https:\/\/amazonia.fiocruz.br\/index.php?rest_route=%2Fwp%2Fv2%2Fcategories&post=35586"},{"taxonomy":"post_tag","embeddable":true,"href":"https:\/\/amazonia.fiocruz.br\/index.php?rest_route=%2Fwp%2Fv2%2Ftags&post=35586"}],"curies":[{"name":"wp","href":"https:\/\/api.w.org\/{rel}","templated":true}]}}